{"id":557940,"date":"2025-11-25T15:53:20","date_gmt":"2025-11-25T15:53:20","guid":{"rendered":"https:\/\/www.europesays.com\/fr\/557940\/"},"modified":"2025-11-25T15:53:20","modified_gmt":"2025-11-25T15:53:20","slug":"walid-acherchour-sacre-lyon-pire-attaque-de-ligue-1","status":"publish","type":"post","link":"https:\/\/www.europesays.com\/fr\/557940\/","title":{"rendered":"Walid Acherchour sacre Lyon pire attaque de Ligue 1"},"content":{"rendered":"<p><b>Accroch\u00e9 par Auxerre dimanche apr\u00e8s-midi, l\u2019OL marque le pas en <a href=\"https:\/\/www.foot01.com\/ligue1\" title=\"Ligue 1\" target=\"_blank\" rel=\"noopener\">Ligue 1<\/a>. La faute \u00e0 une attaque bien trop limit\u00e9e pour esp\u00e9rer se maintenir dans les places europ\u00e9ennes en attendant le retour de Fofana et le mercato.<\/b>En r\u00e9ussite totale lors du d\u00e9but de saison, l\u2019Olympique Lyonnais s\u2019\u00e9tait rapidement install\u00e9 sur le podium de la Ligue 1. Paulo Fonseca a r\u00e9alis\u00e9 des miracles avec un effectif tr\u00e8s restreint, mais <a href=\"https:\/\/www.foot01.com\/ol\/ol-daniel-riolo-voit-un-probleme-gigantesque-a-lyon\" target=\"_self\" rel=\"noopener\">le technicien portugais ne peut pas non plus \u00eatre un magicien<\/a> sur la dur\u00e9e, surtout lorsque les blessures se multiplient. Contre Auxerre dimanche, l\u2019ancien entra\u00eeneur de Lille \u00e9tait priv\u00e9 de Mangala, Fofana, Morton, Tagliafico, Hateboer, Nuamah ou encore Ghezzal et Kluivert.<\/p>\n<p>Avec un effectif si r\u00e9duit, impossible pour l\u2019OL d\u2019avoir un r\u00e9sultat positif en Ligue 1. Walid Acherchour a lui aussi dress\u00e9 ce constat dans l\u2019After Foot. Le consultant va plus loin, estimant qu\u2019en attendant les retours de Malick Fofana et d\u2019Ernest Nuamah, ainsi que la possible arriv\u00e9e d\u2019Endrick lors du mercato hivernal, l\u2019Olympique Lyonnais avait sans doute l\u2019une des pires attaques en Ligue 1, si ce n\u2019est la pire.<\/p>\n<p>\u00ab Lyon revient dans la normalit\u00e9, ils sont \u00e0 leur place. Ils vont jouer entre la 6e et la 8e place, sauf s\u2019il y a un gros mercato qui serait bien meilleur que celui de cet \u00e9t\u00e9. Il y aura aussi un mercato interne avec les retours de Fofana et de Nuamah qui vont faire du bien offensivement. Mais je ne vois pas comment l\u2019OL peut pr\u00e9tendre \u00e0 mieux. Quand on voit le onze qui termine \u00e0 Auxerre\u2026 C\u2019est dramatique. Tu joues avec Tessmann parce que Mata est bless\u00e9, devant tu as le petit Hamdani 16 ans qui entre, tu as Satriano qui fait de la peine et qui n\u2019a m\u00eame pas le niveau top 15 Ligue 1 \u00bb a d&rsquo;abord lanc\u00e9 le consultant avant de poursuivre.<\/p>\n<p>Une attaque trop limit\u00e9e \u00e0 l&rsquo;OL&#8230; pour l&rsquo;instant<\/p>\n<p>\u00ab Quand tu regardes l\u2019animation offensive de l\u2019OL, \u00e0 chaque fois que je vois un match de Ligue 1, je pr\u00e9f\u00e8re le trio offensif adverse plut\u00f4t que celui de Lyon. Comment tu veux faire ? Heureusement que tu as un gardien qui fait les arr\u00eats et que tu as une bonne d\u00e9fense centrale \u00bb a analys\u00e9 Walid Acherchour, pas tr\u00e8s optimiste pour l\u2019OL \u00e0 court terme et qui esp\u00e8re que le mois de janvier fera le plus grand bien aux Gones, entre retour des bless\u00e9s et possibles arriv\u00e9es lors du mercato. En attendant, Lyon dispose heureusement d\u2019un calendrier abordable en Ligue\u00a01 avec Nantes, Lorient et Le Havre au menu avec No\u00ebl.<\/p>\n","protected":false},"excerpt":{"rendered":"Accroch\u00e9 par Auxerre dimanche apr\u00e8s-midi, l\u2019OL marque le pas en Ligue 1. La faute \u00e0 une attaque bien&hellip;\n","protected":false},"author":2,"featured_media":557941,"comment_status":"","ping_status":"","sticky":false,"template":"","format":"standard","meta":{"footnotes":""},"categories":[1410],"tags":[63,1011,27,66,241,60],"class_list":{"0":"post-557940","1":"post","2":"type-post","3":"status-publish","4":"format-standard","5":"has-post-thumbnail","7":"category-football","8":"tag-football","9":"tag-fr","10":"tag-france","11":"tag-ligue-1","12":"tag-ol","13":"tag-sports"},"share_on_mastodon":{"url":"https:\/\/pubeurope.com\/@fr\/115611147062290377","error":""},"_links":{"self":[{"href":"https:\/\/www.europesays.com\/fr\/wp-json\/wp\/v2\/posts\/557940","targetHints":{"allow":["GET"]}}],"collection":[{"href":"https:\/\/www.europesays.com\/fr\/wp-json\/wp\/v2\/posts"}],"about":[{"href":"https:\/\/www.europesays.com\/fr\/wp-json\/wp\/v2\/types\/post"}],"author":[{"embeddable":true,"href":"https:\/\/www.europesays.com\/fr\/wp-json\/wp\/v2\/users\/2"}],"replies":[{"embeddable":true,"href":"https:\/\/www.europesays.com\/fr\/wp-json\/wp\/v2\/comments?post=557940"}],"version-history":[{"count":0,"href":"https:\/\/www.europesays.com\/fr\/wp-json\/wp\/v2\/posts\/557940\/revisions"}],"wp:featuredmedia":[{"embeddable":true,"href":"https:\/\/www.europesays.com\/fr\/wp-json\/wp\/v2\/media\/557941"}],"wp:attachment":[{"href":"https:\/\/www.europesays.com\/fr\/wp-json\/wp\/v2\/media?parent=557940"}],"wp:term":[{"taxonomy":"category","embeddable":true,"href":"https:\/\/www.europesays.com\/fr\/wp-json\/wp\/v2\/categories?post=557940"},{"taxonomy":"post_tag","embeddable":true,"href":"https:\/\/www.europesays.com\/fr\/wp-json\/wp\/v2\/tags?post=557940"}],"curies":[{"name":"wp","href":"https:\/\/api.w.org\/{rel}","templated":true}]}}