{"id":557944,"date":"2025-11-25T15:55:26","date_gmt":"2025-11-25T15:55:26","guid":{"rendered":"https:\/\/www.europesays.com\/fr\/557944\/"},"modified":"2025-11-25T15:55:26","modified_gmt":"2025-11-25T15:55:26","slug":"a-saint-antonin-noble-val-la-galerie-le-cygne-noir-presente-un-artiste-tous-les-premiers-vendredis-du-mois","status":"publish","type":"post","link":"https:\/\/www.europesays.com\/fr\/557944\/","title":{"rendered":"A Saint-Antonin-Noble-Val, la Galerie Le Cygne Noir pr\u00e9sente un artiste tous les premiers vendredis du mois"},"content":{"rendered":"<p>&#8211; Partenaires &#8211;<a class=\"gofollow\" data-track=\"MTM4LDMsNjA=\" href=\"https:\/\/mrac.laregion.fr\/Expos-a-venir\" target=\"_blank\" rel=\"nofollow noopener\"><img decoding=\"async\" src=\"https:\/\/www.europesays.com\/fr\/wp-content\/uploads\/2025\/11\/mrac-ap-artisteoccitanie-970x90_01.jpg\" style=\"width:auto;\"\/><\/a>A Saint-Antonin-Noble-Val (Tarn &amp; Garonne), la Galerie Le Cygne Noir pr\u00e9sente un artiste tous les premiers vendredis du mois<\/p>\n<p>\u00a0<\/p>\n<p class=\"p1\">Elisabeth Dufour, qui tenait une galerie \u00e0 Tours appel\u00e9e le Cygne Noir s\u2019est install\u00e9e au printemps dernier \u00e0 Saint-Antonin, o\u00f9 elle poursuit son activit\u00e9 de galerie, sous le m\u00eame nom, dans la rue Guilhem-Peyre.<\/p>\n<p class=\"p1\">A partir du mois de d\u00e9cembre, elle annonce pr\u00e9senter un nouvel artiste tous les premiers vendredis du mois.<\/p>\n<p class=\"p1\">Premier \u00e0 avoir cet honneur, le vendredi 5 d\u00e9cembre, l\u2019artiste Arnaud Bauville pr\u00e9sentera des portraits, mixtes de collages et peintures, en avant-premi\u00e8re avant une exposition qu\u2019il pr\u00e9pare \u00e0 Paris, avec la galerie qui le suit dans le quartier du Marais en janvier 2026.<\/p>\n<p><img fetchpriority=\"high\" decoding=\"async\" class=\"wp-image-127273 size-large\" src=\"https:\/\/www.europesays.com\/fr\/wp-content\/uploads\/2025\/11\/Galerie_Le_Cygne_Noir_1-723x1024.jpg\" alt=\"\" width=\"696\" height=\"986\"  \/>Galerie Le Cygne Noir, Cr\u00e9dit Elisabeth Dufour<\/p>\n<p class=\"p1\">Issue de l\u2019univers de la mode, Elisabeth Dufour, directrice de la galerie, s\u2019installe avec les m\u00eames artistes qu\u2019elle pr\u00e9sentait d\u00e9j\u00e0 \u00e0 Tours. En plus de la galerie, Elisabeth Dufour a am\u00e9nag\u00e9 un loft dans un ancien chai qu\u2019elle propose en location saisonni\u00e8re.<\/p>\n<p><a href=\"https:\/\/www.galeriecygnenoir.fr\/\" target=\"_blank\" rel=\"noopener\">Site internet de la galerie<\/a><\/p>\n<p><img loading=\"lazy\" decoding=\"async\" class=\"size-large wp-image-127275\" src=\"https:\/\/www.europesays.com\/fr\/wp-content\/uploads\/2025\/11\/Galerie_Le_Cygne_Noir_2-768x1024.jpg\" alt=\"\" width=\"696\" height=\"928\"  \/>Galerie Le Cygne Noir Cr\u00e9dit Elisabeth Dufour<\/p>\n<p style=\"text-align: center;\">\u2026<\/p>\n","protected":false},"excerpt":{"rendered":"&#8211; Partenaires &#8211;A Saint-Antonin-Noble-Val (Tarn &amp; Garonne), la Galerie Le Cygne Noir pr\u00e9sente un artiste tous les premiers&hellip;\n","protected":false},"author":2,"featured_media":557945,"comment_status":"","ping_status":"","sticky":false,"template":"","format":"standard","meta":{"footnotes":""},"categories":[1358],"tags":[1348,1384,1385,1386,58,59,1011,27],"class_list":{"0":"post-557944","1":"post","2":"type-post","3":"status-publish","4":"format-standard","5":"has-post-thumbnail","7":"category-arts-et-design","8":"tag-arts","9":"tag-arts-and-design","10":"tag-arts-et-design","11":"tag-design","12":"tag-divertissement","13":"tag-entertainment","14":"tag-fr","15":"tag-france"},"share_on_mastodon":{"url":"https:\/\/pubeurope.com\/@fr\/115611156262488796","error":""},"_links":{"self":[{"href":"https:\/\/www.europesays.com\/fr\/wp-json\/wp\/v2\/posts\/557944","targetHints":{"allow":["GET"]}}],"collection":[{"href":"https:\/\/www.europesays.com\/fr\/wp-json\/wp\/v2\/posts"}],"about":[{"href":"https:\/\/www.europesays.com\/fr\/wp-json\/wp\/v2\/types\/post"}],"author":[{"embeddable":true,"href":"https:\/\/www.europesays.com\/fr\/wp-json\/wp\/v2\/users\/2"}],"replies":[{"embeddable":true,"href":"https:\/\/www.europesays.com\/fr\/wp-json\/wp\/v2\/comments?post=557944"}],"version-history":[{"count":0,"href":"https:\/\/www.europesays.com\/fr\/wp-json\/wp\/v2\/posts\/557944\/revisions"}],"wp:featuredmedia":[{"embeddable":true,"href":"https:\/\/www.europesays.com\/fr\/wp-json\/wp\/v2\/media\/557945"}],"wp:attachment":[{"href":"https:\/\/www.europesays.com\/fr\/wp-json\/wp\/v2\/media?parent=557944"}],"wp:term":[{"taxonomy":"category","embeddable":true,"href":"https:\/\/www.europesays.com\/fr\/wp-json\/wp\/v2\/categories?post=557944"},{"taxonomy":"post_tag","embeddable":true,"href":"https:\/\/www.europesays.com\/fr\/wp-json\/wp\/v2\/tags?post=557944"}],"curies":[{"name":"wp","href":"https:\/\/api.w.org\/{rel}","templated":true}]}}