{"id":557950,"date":"2025-11-25T15:59:40","date_gmt":"2025-11-25T15:59:40","guid":{"rendered":"https:\/\/www.europesays.com\/fr\/557950\/"},"modified":"2025-11-25T15:59:40","modified_gmt":"2025-11-25T15:59:40","slug":"au-cinema-de-millau-un-sujet-brulant-la-france-est-elle-ingouvernable","status":"publish","type":"post","link":"https:\/\/www.europesays.com\/fr\/557950\/","title":{"rendered":"Au cin\u00e9ma de Millau, un sujet br\u00fblant\u00a0: \u00ab\u00a0La France est-elle ingouvernable\u00a0\u00bb"},"content":{"rendered":"<p>\n                                                                Le cin\u00e9ma de Millau propose une soir\u00e9e cin\u00e9-d\u00e9bat autour d\u2019une question aussi ancienne qu\u2019explosive \u2013 \u00ab\u00a0La France est-elle ingouvernable\u00a0?\u00a0\u00bb \u2013, un th\u00e8me raviv\u00e9 par l\u2019actualit\u00e9 r\u00e9cente et \u00e9clair\u00e9 par le regard crois\u00e9 de deux fins connaisseurs du pouvoir, Denis Jeambar et Daniel Leconte.\n                            <\/p>\n<p>Ce mardi soir, le cin\u00e9ma de Millau accueille une soir\u00e9e cin\u00e9-d\u00e9bat organis\u00e9e par le Lions Club et Le Journal de Millau. \u00c0 l\u2019affiche, un sujet plus br\u00fblant que jamais\u00a0: \u00ab\u00a0La France est-elle ingouvernable\u00a0?\u00a0\u00bb.<\/p>\n<p>Un th\u00e8me remis au go\u00fbt du jour par la crise politique travers\u00e9e par le pays depuis la dissolution de juin\u00a02024, et raviv\u00e9 par la projection d\u2019un documentaire\u2026 tourn\u00e9 il y a pourtant plus de quinze ans.<\/p>\n<p>\u00c0 travers une s\u00e9rie d\u2019entretiens avec responsables politiques et experts du moment \u2013 le documentaire date de 2009 \u2013, le film d\u00e9crit les blocages qui freinent les r\u00e9formes fran\u00e7aises depuis des d\u00e9cennies. \u00ab\u00a0Le sujet des retraites \u00e9tait d\u00e9j\u00e0 identifi\u00e9 comme probl\u00e9matique \u00e0 la fin des ann\u00e9es 1980\u2026 et nous n\u2019en sommes toujours pas sortis en 2025\u00a0!\u00a0\u00bb, rappelle Denis Jeambar.<\/p>\n<p>Gouvernable, oui\u2026 mais pas n\u2019importe comment<\/p>\n<p>Pour lui, le diagnostic est clair\u00a0: la France n\u2019est pas ingouvernable, elle est mal gouvern\u00e9e. Les grandes crises sociales\u00a0traduisent non pas une incapacit\u00e9 structurelle \u00e0 r\u00e9former, mais les cons\u00e9quences de m\u00e9thodes mal adapt\u00e9es, de choix\u00a0\u00ab\u00a0tr\u00e8s contestables\u00a0\u00bb et\u00a0de cette inclination \u00e0 l'\u00a0\u00bbenfumage\u00a0\u00bb de plus plus courante.<\/p>\n<p>Il est aussi question de \u00ab\u00a0peur\u00a0\u00bb, de ce \u00ab\u00a0manque de courage\u00a0\u00bb des personnels politiques \u00ab\u00a0qui ne jugent plus en fonction de l\u2019int\u00e9r\u00eat des Fran\u00e7ais, mais en perspective des \u00e9lections.\u00a0\u00bb\u00a0Ces\u00a0Fran\u00e7ais trop \u00ab\u00a0infantilis\u00e9s\u00a0\u00bb qui aiment les hommes providentiels mais\u00a0\u00ab\u00a0se cabrent quand leurs dirigeants deviennent imp\u00e9rieux\u00a0\u00bb, dit Jeambar.<\/p>\n<p>Un d\u00e9bat qui promet quelques surprises<\/p>\n<p>\u00c0 l\u2019issue de la projection, un \u00e9change avec le public prolongera la r\u00e9flexion amorc\u00e9e dans la salle. Et, connaissant la verve de Denis Jeambar comme celle de Daniel Leconte \u2013 qui totalisent \u00e0 eux deux plusieurs d\u00e9cennies d\u2019immersion au c\u0153ur du pouvoir fran\u00e7ais \u2013 nul doute qu\u2019ils se pr\u00eateront de bonne gr\u00e2ce \u00e0 l\u2019exercice consistant \u00e0 \u00ab\u00a0d\u00e9lier la langue\u00a0\u00bb. Entre anecdotes piquantes, r\u00e9cits de coulisses parfois d\u00e9routants et prises de position aussi aigu\u00ebs que d\u00e9capantes sur les sujets br\u00fblants du moment, la soir\u00e9e promet quelques belles \u00e9tincelles\u2026 et peut-\u00eatre m\u00eame quelques r\u00e9v\u00e9lations.<\/p>\n","protected":false},"excerpt":{"rendered":"Le cin\u00e9ma de Millau propose une soir\u00e9e cin\u00e9-d\u00e9bat autour d\u2019une question aussi ancienne qu\u2019explosive \u2013 \u00ab\u00a0La France est-elle&hellip;\n","protected":false},"author":2,"featured_media":557951,"comment_status":"","ping_status":"","sticky":false,"template":"","format":"standard","meta":{"footnotes":""},"categories":[1354],"tags":[58,59,1346,1011,27,1360],"class_list":{"0":"post-557950","1":"post","2":"type-post","3":"status-publish","4":"format-standard","5":"has-post-thumbnail","7":"category-films","8":"tag-divertissement","9":"tag-entertainment","10":"tag-films","11":"tag-fr","12":"tag-france","13":"tag-movies"},"share_on_mastodon":{"url":"https:\/\/pubeurope.com\/@fr\/115611170684442297","error":""},"_links":{"self":[{"href":"https:\/\/www.europesays.com\/fr\/wp-json\/wp\/v2\/posts\/557950","targetHints":{"allow":["GET"]}}],"collection":[{"href":"https:\/\/www.europesays.com\/fr\/wp-json\/wp\/v2\/posts"}],"about":[{"href":"https:\/\/www.europesays.com\/fr\/wp-json\/wp\/v2\/types\/post"}],"author":[{"embeddable":true,"href":"https:\/\/www.europesays.com\/fr\/wp-json\/wp\/v2\/users\/2"}],"replies":[{"embeddable":true,"href":"https:\/\/www.europesays.com\/fr\/wp-json\/wp\/v2\/comments?post=557950"}],"version-history":[{"count":0,"href":"https:\/\/www.europesays.com\/fr\/wp-json\/wp\/v2\/posts\/557950\/revisions"}],"wp:featuredmedia":[{"embeddable":true,"href":"https:\/\/www.europesays.com\/fr\/wp-json\/wp\/v2\/media\/557951"}],"wp:attachment":[{"href":"https:\/\/www.europesays.com\/fr\/wp-json\/wp\/v2\/media?parent=557950"}],"wp:term":[{"taxonomy":"category","embeddable":true,"href":"https:\/\/www.europesays.com\/fr\/wp-json\/wp\/v2\/categories?post=557950"},{"taxonomy":"post_tag","embeddable":true,"href":"https:\/\/www.europesays.com\/fr\/wp-json\/wp\/v2\/tags?post=557950"}],"curies":[{"name":"wp","href":"https:\/\/api.w.org\/{rel}","templated":true}]}}