{"id":557952,"date":"2025-11-25T16:00:34","date_gmt":"2025-11-25T16:00:34","guid":{"rendered":"https:\/\/www.europesays.com\/fr\/557952\/"},"modified":"2025-11-25T16:00:34","modified_gmt":"2025-11-25T16:00:34","slug":"cet-hiver-la-grippe-est-precoce-liberation","status":"publish","type":"post","link":"https:\/\/www.europesays.com\/fr\/557952\/","title":{"rendered":"cet hiver, la grippe est pr\u00e9coce \u2013 Lib\u00e9ration"},"content":{"rendered":"<p class=\"sc-cPiKLX AiZTS text-element\">L\u2019hiver arrive. Et la grippe pourrait bien le devancer. Une reprise \u00e9pid\u00e9mique pr\u00e9coce dans plusieurs pays de l\u2019h\u00e9misph\u00e8re Nord laisse craindre aux autorit\u00e9s sanitaires une arriv\u00e9e du virus plus t\u00f4t qu\u2019\u00e0 l\u2019accoutum\u00e9e, et en fanfare dans l\u2019Hexagone. \u00abLes cas de grippe sont d\u00e9tect\u00e9s beaucoup plus t\u00f4t que d\u2019habitude cette ann\u00e9e, ce qui signifie que le temps presse. Si vous \u00eates \u00e9ligible \u00e0 la vaccination, n\u2019attendez pas\u00bb, exhorte Edoardo Colzani, responsable des virus respiratoires au Centre europ\u00e9en de pr\u00e9vention et de contr\u00f4le des maladies, l\u2019agence sp\u00e9cialis\u00e9e sur le suivi des \u00e9pid\u00e9mies, vendredi 21 novembre. M\u00eame inqui\u00e9tude au Royaume-Uni, qui \u00abpourrait conna\u00eetre l\u2019une des pires saisons grippales de son histoire\u00bb, craint Conor Meehan, professeur en bio-informatique et sp\u00e9cialiste en \u00e9pid\u00e9miologie \u00e0 l\u2019Universit\u00e9 Nottingham Trent, dans une tribune publi\u00e9e dans The Conversation.<\/p>\n<p class=\"sc-cPiKLX AiZTS text-element\">La grippe est transmise par un virus qui circule dans le monde entier pendant les mois froids. En juillet et ao\u00fbt, il est davantage pr\u00e9sent dans l\u2019h\u00e9misph\u00e8re Sud et en janvier ou f\u00e9vrier plut\u00f4t dans l\u2019h\u00e9misph\u00e8re Nord. Cette ann\u00e9e, l\u2019Australie a connu une \u00e9pid\u00e9mie dure, avec 441 000 cas confirm\u00e9s contre 363 000 en 2024. Au Japon et au Royaume-Uni, notamment, le virus a commenc\u00e9 \u00e0 circuler particuli\u00e8rement t\u00f4t, d\u00e8s septembre ou octobre. La France est pour le moment \u00e9pargn\u00e9e. Au 19 novembre, en m\u00e9tropole, Sant\u00e9 publique France notait juste \u00abun d\u00e9but de circulation des virus grippaux\u00bb<\/p>\n","protected":false},"excerpt":{"rendered":"L\u2019hiver arrive. Et la grippe pourrait bien le devancer. Une reprise \u00e9pid\u00e9mique pr\u00e9coce dans plusieurs pays de l\u2019h\u00e9misph\u00e8re&hellip;\n","protected":false},"author":2,"featured_media":557953,"comment_status":"","ping_status":"","sticky":false,"template":"","format":"standard","meta":{"footnotes":""},"categories":[10],"tags":[1011,27,29786,72,71],"class_list":{"0":"post-557952","1":"post","2":"type-post","3":"status-publish","4":"format-standard","5":"has-post-thumbnail","7":"category-sante","8":"tag-fr","9":"tag-france","10":"tag-grippe","11":"tag-health","12":"tag-sante"},"share_on_mastodon":{"url":"https:\/\/pubeurope.com\/@fr\/115611174409750773","error":""},"_links":{"self":[{"href":"https:\/\/www.europesays.com\/fr\/wp-json\/wp\/v2\/posts\/557952","targetHints":{"allow":["GET"]}}],"collection":[{"href":"https:\/\/www.europesays.com\/fr\/wp-json\/wp\/v2\/posts"}],"about":[{"href":"https:\/\/www.europesays.com\/fr\/wp-json\/wp\/v2\/types\/post"}],"author":[{"embeddable":true,"href":"https:\/\/www.europesays.com\/fr\/wp-json\/wp\/v2\/users\/2"}],"replies":[{"embeddable":true,"href":"https:\/\/www.europesays.com\/fr\/wp-json\/wp\/v2\/comments?post=557952"}],"version-history":[{"count":0,"href":"https:\/\/www.europesays.com\/fr\/wp-json\/wp\/v2\/posts\/557952\/revisions"}],"wp:featuredmedia":[{"embeddable":true,"href":"https:\/\/www.europesays.com\/fr\/wp-json\/wp\/v2\/media\/557953"}],"wp:attachment":[{"href":"https:\/\/www.europesays.com\/fr\/wp-json\/wp\/v2\/media?parent=557952"}],"wp:term":[{"taxonomy":"category","embeddable":true,"href":"https:\/\/www.europesays.com\/fr\/wp-json\/wp\/v2\/categories?post=557952"},{"taxonomy":"post_tag","embeddable":true,"href":"https:\/\/www.europesays.com\/fr\/wp-json\/wp\/v2\/tags?post=557952"}],"curies":[{"name":"wp","href":"https:\/\/api.w.org\/{rel}","templated":true}]}}