{"id":557956,"date":"2025-11-25T16:03:12","date_gmt":"2025-11-25T16:03:12","guid":{"rendered":"https:\/\/www.europesays.com\/fr\/557956\/"},"modified":"2025-11-25T16:03:12","modified_gmt":"2025-11-25T16:03:12","slug":"ariane-brodier-victime-dune-nouvelle-agression","status":"publish","type":"post","link":"https:\/\/www.europesays.com\/fr\/557956\/","title":{"rendered":"Ariane Brodier victime d\u2019une nouvelle agression"},"content":{"rendered":"<p>    Ariane Brodier<br \/>\n                Berzane Nasser\/ABACA<\/p>\n<p>\n    L\u2019animatrice, qui avait r\u00e9v\u00e9l\u00e9 il y a quatre jours avoir \u00e9t\u00e9 attaqu\u00e9e par trois chiens, a post\u00e9 un message r\u00e9v\u00e9lant avoir \u00e9t\u00e9 sauvagement agress\u00e9e.<\/p>\n<p class=\"fig-paragraph\"><a href=\"https:\/\/www.lefigaro.fr\/tag\/ariane-brodier\" target=\"_blank\" rel=\"noopener\" data-gtm-custom-categorie=\"navigation\" data-gtm-custom-action=\"crossclick\" data-gtm-custom-label=\"Contextuel\" data-gtm-event=\"customEventSPE\"><strong>Ariane Brodier<\/strong><\/a> \u00a0traverse une p\u00e9riode tr\u00e8s sombre dans son existence. L\u2019animatrice, qui avait annonc\u00e9 il y a quelques jours avoir \u00e9t\u00e9 attaqu\u00e9e et bless\u00e9e par trois chiens non tenus en laisse lors d\u2019un footing, vient de r\u00e9v\u00e9ler sur ses r\u00e9seaux sociaux avoir \u00e9t\u00e9 de nouveau victime d\u2019une tr\u00e8s violente agression ce dimanche 23 novembre 2025.<\/p>\n<p class=\"fig-paragraph\">Ce lundi 24 novembre, l\u2019animatrice a ainsi publi\u00e9 un message sur son compte Instagram dans lequel elle raconte ce nouvel \u00e9pisode traumatisant. \u00ab Hier, j\u2019ai \u00e9t\u00e9 victime d\u2019une agression d\u2019une violence extr\u00eame. Cet acte m\u2019a laiss\u00e9e avec de lourdes s\u00e9quelles physiques, notamment un nez cass\u00e9 et des l\u00e9sions aux cervicales\u00a0\u00bb, a-t-elle relat\u00e9 avant de remercier les services m\u00e9dicaux qui l\u2019ont prise en charge ainsi que les gendarmes, les pompiers et les personnes qui l\u2019ont secourue.<\/p>\n<p class=\"fig-body-link\">\n            \u00c0 lire aussi<br \/>\n        <a class=\"fig-body-link__link\" href=\"http:\/\/tvmag.lefigaro.fr\/programme-tv\/people\/ce-n-est-pas-beau-et-c-est-tres-profond-ariane-brodier-attaquee-par-trois-chiens-20251121\" target=\"_blank\" data-fig-type=\"Article\" rel=\"noopener\" data-gtm-custom-categorie=\"navigation\" data-gtm-custom-action=\"crossclick\" data-gtm-custom-label=\"Contextuel\" data-gtm-event=\"customEventSPE\" data-fig-domain=\"TVMAG\"><\/p>\n<p>        \u00abCe n\u2019est pas beau et c\u2019est tr\u00e8s profond\u00bb\u00a0: Ariane Brodier hospitalis\u00e9e apr\u00e8s avoir \u00e9t\u00e9 attaqu\u00e9e par trois chiens<br \/>\n    <\/a>\n<\/p>\n<p>                                    <a class=\"fig-a11y-skip a11y-hidden\" href=\"#fig-a11y-skip-main-inarticle\"><br \/>\n        Passer la publicit\u00e9<br \/>\n    <\/a><\/p>\n<p class=\"fig-paragraph\">La maman de deux enfants a aussi pr\u00e9cis\u00e9 qu\u2019\u00ab une plainte a \u00e9t\u00e9 d\u00e9pos\u00e9e\u00a0\u00bb. \u00ab Les forces de l\u2019ordre ont d\u00e9sormais pris en charge le dossier, qui suivra son cours juridique\u00a0\u00bb, a-t-elle encore pr\u00e9cis\u00e9 avant de donner son \u00e9tat d\u2019esprit du moment. \u00ab Pour l\u2019instant, je n\u2019ai ni la force ni l\u2019envie de rentrer dans les d\u00e9tails. j\u2019ai besoin de me prot\u00e9ger, de me reposer et de prendre du recul face \u00e0 ce traumatisme. Je reviendrai vers vous lorsque je me sentirai suffisamment pr\u00eate pour m\u2019exprimer davantage. Merci du fond du c\u0153ur pour votre bienveillance et votre soutien\u00a0\u00bb, a-t-elle encore \u00e9crit.<\/p>\n<p class=\"fig-paragraph\">D\u2019apr\u00e8s nos confr\u00e8res de\u00a0<a href=\"https:\/\/www.midilibre.fr\/2025\/11\/24\/chien-sans-laisse-echange-de-coups-depot-de-plainte-ariane-brodier-blessee-au-visage-apres-une-altercation-13071499.php\" target=\"_blank\" rel=\"noopener\" data-gtm-custom-categorie=\"navigation\" data-gtm-custom-action=\"crossclick\" data-gtm-custom-label=\"Contextuel\" data-gtm-event=\"customEventSPE\">Midi Libre<\/a>, cette nouvelle agression d\u2019Ariane Brodier aurait eu lieu apr\u00e8s une altercation autour d\u2019un chien non tenu en laisse \u00e0 Grabels dans l\u2019H\u00e9rault. Elle fait suite \u00e0 l\u2019attaque qu\u2019elle a v\u00e9cue jeudi dernier. Alors qu\u2019elle \u00e9tait en plein footing en vue d\u2019un trail, la pr\u00e9sentatrice a \u00e9t\u00e9, en effet, violemment agress\u00e9e par trois chiens sans laisse alors qu\u2019elle se filmait en train de courir.<\/p>\n<p class=\"fig-paragraph\">\u00ab J\u2019ai voulu vous faire une petite story d\u2019ailleurs pour vous le dire et puis j\u2019ai vu un chien. J\u2019ai arr\u00eat\u00e9 ma story parce qu\u2019en fait c\u2019\u00e9tait trois chiens\u00a0: un bas-rouge, un pit et un troisi\u00e8me chien que je n\u2019ai pas reconnu. Et ils m\u2019ont attaqu\u00e9e&#8230;\u00bb, a-t-elle poursuivi. La vid\u00e9o montre un premier chien courir vers elle puis la com\u00e9dienne hurler de douleur.<\/p>\n<p class=\"fig-paragraph\">Ariane Brodier a ensuite \u00e9t\u00e9 prise en charge par les pompiers avant d\u2019\u00eatre admise aux urgences.\u00a0\u00ab Il n\u2019y a que le bas-rouge qui m\u2019a mordue puisque le chien n\u2019\u00e9tait pas en laisse\u00bb , a-t-elle pr\u00e9cis\u00e9 depuis son lit d\u2019h\u00f4pital avant d\u2019en dire plus sur ses blessures.<\/p>\n<p class=\"fig-paragraph\">\u00ab J\u2019ai une morsure \u00e0 la main et une morsure au mollet. C\u2019est assez profond dans la chair, mais il aurait pu partir avec mon mollet, donc dans mon malheur, j\u2019ai de la chance, a-t-elle relativis\u00e9.\u00a0Il faut juste qu\u2019on voie si les tendons ne sont pas touch\u00e9s et s\u2019il n\u2019y a pas d\u2019infection\u00a0\u00bb, a-t-elle soulign\u00e9 en expliquant qu\u2019elle allait peut-\u00eatre devoir se faire op\u00e9rer. Ariane Brodier n\u2019avait de cesse de dire\u00a0:\u00a0\u00ab Promenez vos chiens en laisse\u00a0!\u00a0\u00bb.<\/p>\n","protected":false},"excerpt":{"rendered":"Ariane Brodier Berzane Nasser\/ABACA L\u2019animatrice, qui avait r\u00e9v\u00e9l\u00e9 il y a quatre jours avoir \u00e9t\u00e9 attaqu\u00e9e par trois&hellip;\n","protected":false},"author":2,"featured_media":557957,"comment_status":"","ping_status":"","sticky":false,"template":"","format":"standard","meta":{"footnotes":""},"categories":[8],"tags":[834,4850,58,59,1011,27],"class_list":{"0":"post-557956","1":"post","2":"type-post","3":"status-publish","4":"format-standard","5":"has-post-thumbnail","7":"category-divertissement","8":"tag-attaque","9":"tag-chien","10":"tag-divertissement","11":"tag-entertainment","12":"tag-fr","13":"tag-france"},"share_on_mastodon":{"url":"https:\/\/pubeurope.com\/@fr\/115611186375234504","error":""},"_links":{"self":[{"href":"https:\/\/www.europesays.com\/fr\/wp-json\/wp\/v2\/posts\/557956","targetHints":{"allow":["GET"]}}],"collection":[{"href":"https:\/\/www.europesays.com\/fr\/wp-json\/wp\/v2\/posts"}],"about":[{"href":"https:\/\/www.europesays.com\/fr\/wp-json\/wp\/v2\/types\/post"}],"author":[{"embeddable":true,"href":"https:\/\/www.europesays.com\/fr\/wp-json\/wp\/v2\/users\/2"}],"replies":[{"embeddable":true,"href":"https:\/\/www.europesays.com\/fr\/wp-json\/wp\/v2\/comments?post=557956"}],"version-history":[{"count":0,"href":"https:\/\/www.europesays.com\/fr\/wp-json\/wp\/v2\/posts\/557956\/revisions"}],"wp:featuredmedia":[{"embeddable":true,"href":"https:\/\/www.europesays.com\/fr\/wp-json\/wp\/v2\/media\/557957"}],"wp:attachment":[{"href":"https:\/\/www.europesays.com\/fr\/wp-json\/wp\/v2\/media?parent=557956"}],"wp:term":[{"taxonomy":"category","embeddable":true,"href":"https:\/\/www.europesays.com\/fr\/wp-json\/wp\/v2\/categories?post=557956"},{"taxonomy":"post_tag","embeddable":true,"href":"https:\/\/www.europesays.com\/fr\/wp-json\/wp\/v2\/tags?post=557956"}],"curies":[{"name":"wp","href":"https:\/\/api.w.org\/{rel}","templated":true}]}}