{"id":557962,"date":"2025-11-25T16:06:11","date_gmt":"2025-11-25T16:06:11","guid":{"rendered":"https:\/\/www.europesays.com\/fr\/557962\/"},"modified":"2025-11-25T16:06:11","modified_gmt":"2025-11-25T16:06:11","slug":"au-sujet-de-laccord-de-paix-les-etats-unis-evoquent-des-details-sensibles-a-trancher-entre-kiev-moscou-et-washington","status":"publish","type":"post","link":"https:\/\/www.europesays.com\/fr\/557962\/","title":{"rendered":"au sujet de l\u2019accord de paix, les Etats-Unis \u00e9voquent \u00ab\u00a0des d\u00e9tails sensibles\u00a0\u00bb \u00e0 trancher entre Kiev, Moscou et Washington"},"content":{"rendered":"<p>   \u00ab\u00a0Il y a enfin une chance de r\u00e9aliser de vrais progr\u00e8s vers une bonne paix\u00a0\u00bb en Ukraine, selon Emmanuel Macron             <\/p>\n<p class=\"post__live-container--answer-text post__space-node\">En ouverture d\u2019une visioconf\u00e9rence de la \u00ab\u00a0coalition des volontaires\u00a0\u00bb qui soutiennent Kiev, Emmanuel Macron a affirm\u00e9 mardi qu\u2019il y avait \u00ab\u00a0enfin une chance de r\u00e9aliser de vrais progr\u00e8s vers une bonne paix\u00a0\u00bb entre l\u2019Ukraine et la Russie.<\/p>\n<p class=\"post__live-container--answer-text post__space-node\">\u00ab\u00a0Mais la condition absolue pour une bonne paix, c\u2019est une s\u00e9rie de garanties de s\u00e9curit\u00e9 tr\u00e8s robustes, et pas des garanties uniquement sur le papier\u00a0\u00bb, a pr\u00e9venu le pr\u00e9sident fran\u00e7ais, pr\u00e9cisant que le secr\u00e9taire d\u2019Etat am\u00e9ricain Marco Rubio se joindrait aussi \u00e0 cette r\u00e9union de la coalition compos\u00e9e principalement de pays europ\u00e9ens d\u00e9sireux de fournir ces garanties \u00e0 l\u2019Ukraine.<\/p>\n<p class=\"post__live-container--answer-text post__space-node\">\u00ab\u00a0L\u2019Ukraine a eu son lot de promesses bris\u00e9es par les agressions russes successives, et des garanties solides sont donc une n\u00e9cessit\u00e9\u00a0\u00bb, a-t-il insist\u00e9.<\/p>\n<p class=\"post__live-container--answer-text post__space-node\">Ces d\u00e9clarations interviennent au moment o\u00f9 la diplomatie est \u00e0 nouveau en pleine activit\u00e9 pour tenter de trouver un r\u00e8glement n\u00e9goci\u00e9 au conflit apr\u00e8s la publication d\u2019un plan am\u00e9ricain qui a fait l\u2019objet de tractations ces derniers jours. \u00ab\u00a0Nous sommes clairement \u00e0 un moment crucial. Les n\u00e9gociations b\u00e9n\u00e9ficient d\u2019un nouvel \u00e9lan, et nous devons profiter de cette impulsion\u00a0\u00bb, a estim\u00e9 Emmanuel Macron.<\/p>\n<p class=\"post__live-container--answer-text post__space-node\">\u00ab\u00a0Je voudrais saluer le fait que les r\u00e9unions de Gen\u00e8ve, le 23\u00a0novembre, ont permis une discussion ouverte et constructive entre l\u2019Ukraine et les Etats-Unis\u00a0\u00bb, a-t-il dit.<\/p>\n<p class=\"post__live-container--answer-text post__space-node\">Le pr\u00e9sident ukrainien Volodymyr Zelensky devait ensuite pr\u00e9senter \u00e0 ses homologues de cette coalition, qui comprend plus de 30 pays, le r\u00e9sultat des discussions conduites \u00e0 Gen\u00e8ve sur la base du plan am\u00e9ricain. Et aussi sur la mani\u00e8re dont les pays membres peuvent apporter les \u00ab\u00a0garanties\u00a0\u00bb de s\u00e9curit\u00e9, a expliqu\u00e9 le pr\u00e9sident fran\u00e7ais.<\/p>\n","protected":false},"excerpt":{"rendered":"\u00ab\u00a0Il y a enfin une chance de r\u00e9aliser de vrais progr\u00e8s vers une bonne paix\u00a0\u00bb en Ukraine, selon&hellip;\n","protected":false},"author":2,"featured_media":557963,"comment_status":"","ping_status":"","sticky":false,"template":"","format":"standard","meta":{"footnotes":""},"categories":[5],"tags":[11,1011,27,14,12,28],"class_list":{"0":"post-557962","1":"post","2":"type-post","3":"status-publish","4":"format-standard","5":"has-post-thumbnail","7":"category-international","8":"tag-actualites","9":"tag-fr","10":"tag-france","11":"tag-international","12":"tag-news","13":"tag-world"},"share_on_mastodon":{"url":"https:\/\/pubeurope.com\/@fr\/115611198173062014","error":""},"_links":{"self":[{"href":"https:\/\/www.europesays.com\/fr\/wp-json\/wp\/v2\/posts\/557962","targetHints":{"allow":["GET"]}}],"collection":[{"href":"https:\/\/www.europesays.com\/fr\/wp-json\/wp\/v2\/posts"}],"about":[{"href":"https:\/\/www.europesays.com\/fr\/wp-json\/wp\/v2\/types\/post"}],"author":[{"embeddable":true,"href":"https:\/\/www.europesays.com\/fr\/wp-json\/wp\/v2\/users\/2"}],"replies":[{"embeddable":true,"href":"https:\/\/www.europesays.com\/fr\/wp-json\/wp\/v2\/comments?post=557962"}],"version-history":[{"count":0,"href":"https:\/\/www.europesays.com\/fr\/wp-json\/wp\/v2\/posts\/557962\/revisions"}],"wp:featuredmedia":[{"embeddable":true,"href":"https:\/\/www.europesays.com\/fr\/wp-json\/wp\/v2\/media\/557963"}],"wp:attachment":[{"href":"https:\/\/www.europesays.com\/fr\/wp-json\/wp\/v2\/media?parent=557962"}],"wp:term":[{"taxonomy":"category","embeddable":true,"href":"https:\/\/www.europesays.com\/fr\/wp-json\/wp\/v2\/categories?post=557962"},{"taxonomy":"post_tag","embeddable":true,"href":"https:\/\/www.europesays.com\/fr\/wp-json\/wp\/v2\/tags?post=557962"}],"curies":[{"name":"wp","href":"https:\/\/api.w.org\/{rel}","templated":true}]}}