{"id":557975,"date":"2025-11-25T16:16:14","date_gmt":"2025-11-25T16:16:14","guid":{"rendered":"https:\/\/www.europesays.com\/fr\/557975\/"},"modified":"2025-11-25T16:16:14","modified_gmt":"2025-11-25T16:16:14","slug":"la-datcha-fete-ses-20-ans-a-toulon","status":"publish","type":"post","link":"https:\/\/www.europesays.com\/fr\/557975\/","title":{"rendered":"La Datcha f\u00eate ses 20 ans \u00e0 Toulon !"},"content":{"rendered":"<p>Implant\u00e9e au 381 rue Jean-Jaur\u00e8s \u00e0 Toulon, La Datcha a souffl\u00e9 ses 20 bougies lors d\u2019une soir\u00e9e conviviale qui a rassembl\u00e9 clients, partenaires et passionn\u00e9s de d\u00e9coration. Fond\u00e9e par Dominique Dony, l\u2019agence s\u2019est impos\u00e9e comme une r\u00e9f\u00e9rence locale en proposant une approche globale de l\u2019habitat : estimation, vente, am\u00e9nagement et conseils d\u00e9co. Retour sur un anniversaire marquant et sur l\u2019histoire d\u2019une adresse devenue incontournable dans le centre-ville de Toulon.<\/p>\n<p><img fetchpriority=\"high\" decoding=\"async\" class=\" wp-image-57314\" src=\"https:\/\/www.europesays.com\/fr\/wp-content\/uploads\/2025\/11\/La-Datcha-a-Toulon_info83.jpg\" alt=\"La Datcha f\u00eate ses 20 ans_info83\" width=\"703\" height=\"397\"  \/>Ce lieu chaleureux offre aux visiteurs une immersion dans diff\u00e9rents univers d\u00e9coratifs, inspirants pour qui souhaite repenser son int\u00e9rieur.<br \/>\nUn concept hybride n\u00e9 de trente ans d\u2019exp\u00e9rience<\/p>\n<p data-start=\"1125\" data-end=\"1478\">Fond\u00e9e par <strong>Dominique Dony<\/strong>, forte de trois d\u00e9cennies dans la gestion, la transaction et l\u2019activit\u00e9 de marchand de biens, La Datcha propose bien plus qu\u2019un service immobilier classique. L\u2019id\u00e9e : rassembler sous un m\u00eame toit les comp\u00e9tences de l\u2019agence immobili\u00e8re, de l\u2019architecture d\u2019int\u00e9rieur et d\u2019un showroom d\u00e9di\u00e9 \u00e0 l\u2019ameublement et \u00e0 la d\u00e9coration.<\/p>\n<p data-start=\"1480\" data-end=\"1778\">Cette vision permet aux clients de b\u00e9n\u00e9ficier d\u2019un accompagnement complet : estimation de biens \u00e0 Toulon, mise en vente, home staging, plans 3D ou suivi de chantier. Chaque projet est pens\u00e9 comme une cr\u00e9ation sur mesure, m\u00ealant expertise technique, sens esth\u00e9tique et compr\u00e9hension du march\u00e9 local.<\/p>\n<p>Un showroom au c\u0153ur de Toulon, vitrine des tendances<\/p>\n<p data-start=\"1846\" data-end=\"2233\">Le showroom de La Datcha est l\u2019un des symboles de son identit\u00e9. S\u00e9lectionn\u00e9s au Salon Maison &amp; Objet \u00e0 Paris et dans les grands salons europ\u00e9ens, les objets et mobiliers pr\u00e9sent\u00e9s refl\u00e8tent les tendances actuelles, tout en restant accessibles. Ce lieu chaleureux offre aux visiteurs une immersion dans diff\u00e9rents univers d\u00e9coratifs, inspirants pour qui souhaite repenser son int\u00e9rieur.<\/p>\n<p>Une soir\u00e9e anniversaire conviviale et chaleureuse<\/p>\n<p data-start=\"2298\" data-end=\"2613\">Le 20 novembre, malgr\u00e9 l\u2019une des premi\u00e8res soir\u00e9es froides de l\u2019automne, la boutique a accueilli de nombreux invit\u00e9s pour c\u00e9l\u00e9brer les 20 ans de La Datcha. Entre buffet g\u00e9n\u00e9reux, \u00e9changes et d\u00e9couvertes d\u00e9co, les visiteurs ont d\u00e9ambul\u00e9 dans le showroom, certains revenant le lendemain pour r\u00e9cup\u00e9rer leurs achats.<\/p>\n<p>Une adresse toulonnaise qui regarde vers l\u2019avenir<\/p>\n<p data-start=\"2678\" data-end=\"2858\">En 2025, La Datcha poursuit son d\u00e9veloppement en restant fid\u00e8le \u00e0 son ADN : proximit\u00e9, expertise et passion de l\u2019habitat. Une belle histoire toulonnaise qui continue de s\u2019\u00e9crire.<\/p>\n<p data-start=\"2678\" data-end=\"2858\"><strong>LA DATCHA<\/strong><br \/><a href=\"https:\/\/www.ladatchaconcept.com\/\" target=\"_blank\" rel=\"noopener\">381 Rue Jean Jaures<\/a><br \/>83000 TOULON<br \/>ladatcha3d@gmail.com<br \/><strong>04 88 80 13 35<\/strong><\/p>\n<p data-start=\"2678\" data-end=\"2858\">A lire aussi<br \/><a href=\"https:\/\/www.info83.fr\/grands-ensembles-une-expo-a-voir-au-caue-var\/\" target=\"_blank\" rel=\"noopener\">Grands ensembles : une expo \u00e0 voir au CAUE Var<\/a><\/p>\n<p><strong><img decoding=\"async\" class=\"emoji\" role=\"img\" draggable=\"false\" src=\"https:\/\/s.w.org\/images\/core\/emoji\/13.1.0\/svg\/1f538.svg\" alt=\"\ud83d\udd38\" data-pin-no-hover=\"true\"\/>Info83, le Var proche de vous<br \/><\/strong><\/p>\n<p><img decoding=\"async\" class=\"emoji\" role=\"img\" draggable=\"false\" src=\"https:\/\/s.w.org\/images\/core\/emoji\/13.1.0\/svg\/27a1.svg\" alt=\"\u27a1\ufe0f\" data-pin-no-hover=\"true\"\/>\u00a0<a href=\"https:\/\/bit.ly\/2OZZMMK\" target=\"_blank\" rel=\"noopener noreferrer\">Facebook Info83<\/a><\/p>\n<p><img decoding=\"async\" class=\"emoji\" role=\"img\" draggable=\"false\" src=\"https:\/\/s.w.org\/images\/core\/emoji\/13.1.0\/svg\/27a1.svg\" alt=\"\u27a1\ufe0f\" data-pin-no-hover=\"true\"\/>\u00a0<a href=\"https:\/\/bit.ly\/2ONkTC9\" target=\"_blank\" rel=\"noopener noreferrer\">Youtube Info83<\/a><\/p>\n","protected":false},"excerpt":{"rendered":"Implant\u00e9e au 381 rue Jean-Jaur\u00e8s \u00e0 Toulon, La Datcha a souffl\u00e9 ses 20 bougies lors d\u2019une soir\u00e9e conviviale&hellip;\n","protected":false},"author":2,"featured_media":557976,"comment_status":"","ping_status":"","sticky":false,"template":"","format":"standard","meta":{"footnotes":""},"categories":[9619],"tags":[1111,11,67519,67520,67521,67522,1777,674,1011,27,23763,67523,67524,67525,12,882,25,67526,2310],"class_list":{"0":"post-557975","1":"post","2":"type-post","3":"status-publish","4":"format-standard","5":"has-post-thumbnail","7":"category-toulon","8":"tag-actu","9":"tag-actualites","10":"tag-actualites-toulon","11":"tag-agence-immobiliere-toulon","12":"tag-architecture-dinterieur-var","13":"tag-decoration-toulon","14":"tag-eu","15":"tag-europe","16":"tag-fr","17":"tag-france","18":"tag-info83","19":"tag-la-datcha","20":"tag-la-datcha-toulon","21":"tag-maison-et-objets","22":"tag-news","23":"tag-provence-alpes-cote-dazur","24":"tag-republique-francaise","25":"tag-showroom-toulon","26":"tag-toulon"},"share_on_mastodon":{"url":"https:\/\/pubeurope.com\/@fr\/115611241678776239","error":""},"_links":{"self":[{"href":"https:\/\/www.europesays.com\/fr\/wp-json\/wp\/v2\/posts\/557975","targetHints":{"allow":["GET"]}}],"collection":[{"href":"https:\/\/www.europesays.com\/fr\/wp-json\/wp\/v2\/posts"}],"about":[{"href":"https:\/\/www.europesays.com\/fr\/wp-json\/wp\/v2\/types\/post"}],"author":[{"embeddable":true,"href":"https:\/\/www.europesays.com\/fr\/wp-json\/wp\/v2\/users\/2"}],"replies":[{"embeddable":true,"href":"https:\/\/www.europesays.com\/fr\/wp-json\/wp\/v2\/comments?post=557975"}],"version-history":[{"count":0,"href":"https:\/\/www.europesays.com\/fr\/wp-json\/wp\/v2\/posts\/557975\/revisions"}],"wp:featuredmedia":[{"embeddable":true,"href":"https:\/\/www.europesays.com\/fr\/wp-json\/wp\/v2\/media\/557976"}],"wp:attachment":[{"href":"https:\/\/www.europesays.com\/fr\/wp-json\/wp\/v2\/media?parent=557975"}],"wp:term":[{"taxonomy":"category","embeddable":true,"href":"https:\/\/www.europesays.com\/fr\/wp-json\/wp\/v2\/categories?post=557975"},{"taxonomy":"post_tag","embeddable":true,"href":"https:\/\/www.europesays.com\/fr\/wp-json\/wp\/v2\/tags?post=557975"}],"curies":[{"name":"wp","href":"https:\/\/api.w.org\/{rel}","templated":true}]}}