{"id":557982,"date":"2025-11-25T16:21:31","date_gmt":"2025-11-25T16:21:31","guid":{"rendered":"https:\/\/www.europesays.com\/fr\/557982\/"},"modified":"2025-11-25T16:21:31","modified_gmt":"2025-11-25T16:21:31","slug":"la-premiere-pierre-du-plateau-de-soins-critiques-du-chu-de-rouen-est-posee-hospimedia","status":"publish","type":"post","link":"https:\/\/www.europesays.com\/fr\/557982\/","title":{"rendered":"La premi\u00e8re pierre du plateau de soins critiques du CHU de Rouen est pos\u00e9e \u2022 HOSPIMEDIA"},"content":{"rendered":"<p>    <img decoding=\"async\" class=\"wait-for-redirect-private-format\" src=\"https:\/\/www.europesays.com\/fr\/wp-content\/uploads\/2025\/04\/icon-wait-f7c727ec2ca8a0be02c6f4d1327ce141a31310246527a9e361591d7261cb1072.png\"\/><\/p>\n<p>\n      Dans quelques secondes, vous allez \u00eatre redirig\u00e9 vers l&rsquo;espace abonn\u00e9 pour pouvoir consulter cet article en entier. Bonne lecture&#8230;\n    <\/p>\n<p>\n            Immobilier\n          <\/p>\n<p>\n            25\/11\/25 &#8211; 15h57\n          <\/p>\n<p>                <img class=\"excerpt-img\"  alt=\"Le plateau de soins critiques sera install\u00e9 sur plusieurs \u00e9tages, dont certains sont construits en sur\u00e9l\u00e9vation d'un site occup\u00e9.\u00a0(Michel Beauvais associ\u00e9s)\" title=\"Le plateau de soins critiques sera install\u00e9 sur plusieurs \u00e9tages, dont certains sont construits en sur\u00e9l\u00e9vation d'un site occup\u00e9.\u00a0(Michel Beauvais associ\u00e9s) - Droits r\u00e9serv\u00e9s\"\/><\/p>\n<p class=\"no-margin\">Soixante-six millions d&rsquo;euros sont investis par le CHU de Rouen pour renforcer son offre de soins critiques. Une sur\u00e9l\u00e9vation d&rsquo;un \u00e9tage et demi caract\u00e9rise ce chantier qui concerne une surface de 12\u00a0700\u00a0m\u00e8tres carr\u00e9s.<br \/>Le CHU de Rouen(Seine-Maritime) engage un nouveau chantier sur son site central, le b\u00e2timent Charles-Nicolle, avec le regroupement de ses services de soins critiques. L&rsquo;op\u00e9ration, dont la premi\u00e8re pierre a \u00e9t\u00e9 pos\u00e9e le 19novembre, comprend une restructuration compl\u00e8te d&rsquo;un \u00e9tage\u2026<\/p>\n<p>            <img decoding=\"async\" alt=\"Le plateau de soins critiques sera install\u00e9 sur plusieurs \u00e9tages, dont certains sont construits en sur\u00e9l\u00e9vation d'un site occup\u00e9.\u00a0(Michel Beauvais associ\u00e9s)\" title=\"Le plateau de soins critiques sera install\u00e9 sur plusieurs \u00e9tages, dont certains sont construits en sur\u00e9l\u00e9vation d'un site occup\u00e9.\u00a0(Michel Beauvais associ\u00e9s) - Droits r\u00e9serv\u00e9s\" src=\"https:\/\/www.europesays.com\/fr\/wp-content\/uploads\/2025\/11\/open-uri20251125-4157916-cv5e31-v1\"\/><br \/>\n              Le plateau de soins critiques sera install\u00e9 sur plusieurs \u00e9tages, dont certains sont construits en sur\u00e9l\u00e9vation d&rsquo;un site occup\u00e9.\u00a0(Michel Beauvais associ\u00e9s)<\/p>\n","protected":false},"excerpt":{"rendered":"Dans quelques secondes, vous allez \u00eatre redirig\u00e9 vers l&rsquo;espace abonn\u00e9 pour pouvoir consulter cet article en entier. Bonne&hellip;\n","protected":false},"author":2,"featured_media":557983,"comment_status":"","ping_status":"","sticky":false,"template":"","format":"standard","meta":{"footnotes":""},"categories":[9587],"tags":[1111,11,1777,674,1011,27,12,5161,25,9590],"class_list":{"0":"post-557982","1":"post","2":"type-post","3":"status-publish","4":"format-standard","5":"has-post-thumbnail","7":"category-rouen","8":"tag-actu","9":"tag-actualites","10":"tag-eu","11":"tag-europe","12":"tag-fr","13":"tag-france","14":"tag-news","15":"tag-normandie","16":"tag-republique-francaise","17":"tag-rouen"},"share_on_mastodon":{"url":"https:\/\/pubeurope.com\/@fr\/115611257955729392","error":""},"_links":{"self":[{"href":"https:\/\/www.europesays.com\/fr\/wp-json\/wp\/v2\/posts\/557982","targetHints":{"allow":["GET"]}}],"collection":[{"href":"https:\/\/www.europesays.com\/fr\/wp-json\/wp\/v2\/posts"}],"about":[{"href":"https:\/\/www.europesays.com\/fr\/wp-json\/wp\/v2\/types\/post"}],"author":[{"embeddable":true,"href":"https:\/\/www.europesays.com\/fr\/wp-json\/wp\/v2\/users\/2"}],"replies":[{"embeddable":true,"href":"https:\/\/www.europesays.com\/fr\/wp-json\/wp\/v2\/comments?post=557982"}],"version-history":[{"count":0,"href":"https:\/\/www.europesays.com\/fr\/wp-json\/wp\/v2\/posts\/557982\/revisions"}],"wp:featuredmedia":[{"embeddable":true,"href":"https:\/\/www.europesays.com\/fr\/wp-json\/wp\/v2\/media\/557983"}],"wp:attachment":[{"href":"https:\/\/www.europesays.com\/fr\/wp-json\/wp\/v2\/media?parent=557982"}],"wp:term":[{"taxonomy":"category","embeddable":true,"href":"https:\/\/www.europesays.com\/fr\/wp-json\/wp\/v2\/categories?post=557982"},{"taxonomy":"post_tag","embeddable":true,"href":"https:\/\/www.europesays.com\/fr\/wp-json\/wp\/v2\/tags?post=557982"}],"curies":[{"name":"wp","href":"https:\/\/api.w.org\/{rel}","templated":true}]}}