{"id":557984,"date":"2025-11-25T16:23:14","date_gmt":"2025-11-25T16:23:14","guid":{"rendered":"https:\/\/www.europesays.com\/fr\/557984\/"},"modified":"2025-11-25T16:23:14","modified_gmt":"2025-11-25T16:23:14","slug":"echirolles-le-comedien-brahim-koutari-a-la-rencontre-des-habitants-de-la-ville-neuve","status":"publish","type":"post","link":"https:\/\/www.europesays.com\/fr\/557984\/","title":{"rendered":"\u00c9chirolles. Le com\u00e9dien Brahim Koutari \u00e0 la rencontre des habitants de la Ville neuve"},"content":{"rendered":"<p>Il a brill\u00e9 sur les planches ces derni\u00e8res semaines avec son seul en sc\u00e8ne <a href=\"https:\/\/www.ledauphine.com\/culture-loisirs\/2025\/10\/08\/i-24-place-beaumarchais-i-la-force-d-un-texte-la-virtuosite-d-un-comedien\" target=\"_blank\" rel=\"noopener\">24 place Beaumarchais ,<\/a> adresse o\u00f9 il a grandi. Vendredi 5\u00a0d\u00e9cembre, le com\u00e9dien <a href=\"https:\/\/www.ledauphine.com\/culture-loisirs\/2025\/09\/21\/brahim-koutari-de-la-ville-neuve-d-echirolles-a-la-mc2-et-netflix-itineraire-d-un-gamin-de-banlieue\" target=\"_blank\" rel=\"noopener\">Brahim Koutari<\/a> viendra rencontrer les habitants de la Ville neuve d\u2019\u00c9chirolles \u00e0 la Maison des habitants Essarts-Surieux, vendredi 5\u00a0d\u00e9cembre. L\u2019occasion pour l\u2019\u00c9chirollois, qui a aussi tourn\u00e9 au cin\u00e9ma et dans des films ou s\u00e9ries Netflix, de parler de son parcours qui l\u2019a notamment men\u00e9 \u00e0 la Com\u00e9die de Saint-\u00c9tienne. Il pr\u00e9sentera aussi l\u2019atelier th\u00e9\u00e2tre pour adultes qu\u2019il animera au sein de la MDH en 2026.<\/p>\n<p class=\"note\">Rendez-vous vendredi 5\u00a0d\u00e9cembre de 15\u00a0h \u00e0 17\u00a0h \u00e0 la MDH Essarts-Surieux (1 place de la Convention). Go\u00fbter offert. Gratuit sans inscription<\/p>\n","protected":false},"excerpt":{"rendered":"Il a brill\u00e9 sur les planches ces derni\u00e8res semaines avec son seul en sc\u00e8ne 24 place Beaumarchais ,&hellip;\n","protected":false},"author":2,"featured_media":557985,"comment_status":"","ping_status":"","sticky":false,"template":"","format":"standard","meta":{"footnotes":""},"categories":[9566],"tags":[1111,11,2430,650,1687,9852,9853,112,1777,674,1795,1011,27,2731,108,12,25],"class_list":{"0":"post-557984","1":"post","2":"type-post","3":"status-publish","4":"format-standard","5":"has-post-thumbnail","7":"category-grenoble","8":"tag-actu","9":"tag-actualites","10":"tag-auvergne-rhone-alpes","11":"tag-cinema","12":"tag-culture-loisirs","13":"tag-echirolles","14":"tag-echirolles-bassin","15":"tag-edition-grenoble-agglomeration","16":"tag-eu","17":"tag-europe","18":"tag-fil-web","19":"tag-fr","20":"tag-france","21":"tag-grenoble","22":"tag-isere","23":"tag-news","24":"tag-republique-francaise"},"share_on_mastodon":{"url":"https:\/\/pubeurope.com\/@fr\/115611264937726963","error":""},"_links":{"self":[{"href":"https:\/\/www.europesays.com\/fr\/wp-json\/wp\/v2\/posts\/557984","targetHints":{"allow":["GET"]}}],"collection":[{"href":"https:\/\/www.europesays.com\/fr\/wp-json\/wp\/v2\/posts"}],"about":[{"href":"https:\/\/www.europesays.com\/fr\/wp-json\/wp\/v2\/types\/post"}],"author":[{"embeddable":true,"href":"https:\/\/www.europesays.com\/fr\/wp-json\/wp\/v2\/users\/2"}],"replies":[{"embeddable":true,"href":"https:\/\/www.europesays.com\/fr\/wp-json\/wp\/v2\/comments?post=557984"}],"version-history":[{"count":0,"href":"https:\/\/www.europesays.com\/fr\/wp-json\/wp\/v2\/posts\/557984\/revisions"}],"wp:featuredmedia":[{"embeddable":true,"href":"https:\/\/www.europesays.com\/fr\/wp-json\/wp\/v2\/media\/557985"}],"wp:attachment":[{"href":"https:\/\/www.europesays.com\/fr\/wp-json\/wp\/v2\/media?parent=557984"}],"wp:term":[{"taxonomy":"category","embeddable":true,"href":"https:\/\/www.europesays.com\/fr\/wp-json\/wp\/v2\/categories?post=557984"},{"taxonomy":"post_tag","embeddable":true,"href":"https:\/\/www.europesays.com\/fr\/wp-json\/wp\/v2\/tags?post=557984"}],"curies":[{"name":"wp","href":"https:\/\/api.w.org\/{rel}","templated":true}]}}