{"id":557987,"date":"2025-11-25T16:25:20","date_gmt":"2025-11-25T16:25:20","guid":{"rendered":"https:\/\/www.europesays.com\/fr\/557987\/"},"modified":"2025-11-25T16:25:20","modified_gmt":"2025-11-25T16:25:20","slug":"a-rennes-ce-gros-projet-de-mosquee-contraint-de-demenager-sous-la-pression-des-riverains","status":"publish","type":"post","link":"https:\/\/www.europesays.com\/fr\/557987\/","title":{"rendered":"\u00c0 Rennes, ce gros projet de mosqu\u00e9e contraint de d\u00e9m\u00e9nager sous la pression des riverains"},"content":{"rendered":"<p>La future mosqu\u00e9e du nord de Rennes ne sortira finalement pas de terre pr\u00e8s du parc des Gayeulles. Apr\u00e8s des mois de controverse, la mairie a finalement propos\u00e9 au centre culturel islamique Espoir Amal de relocaliser le projet ailleurs dans le quartier de Maurepas.<\/p>\n<p>Un centre culturel et une mosqu\u00e9e<\/p>\n<p>Initialement, le lieu de culte devait voir le jour rue du P\u00e2tis Tatelin, en lisi\u00e8re du parc des Gayeulles, sur un terrain de 3 000 m\u00b2 en zone naturelle, mis \u00e0 disposition par la Ville. Si la construction d\u2019une m\u00e9ga-mosqu\u00e9e pouvant accueillir jusqu\u2019\u00e0 4 000 fid\u00e8les avait \u00e9t\u00e9 \u00e9voqu\u00e9e lors de l\u2019annonce du projet en 2023, l\u2019association avait ensuite revu ses ambitions \u00e0 la baisse. Le choix final s\u2019\u00e9tait port\u00e9 sur la construction d\u2019un centre culturel et d\u2019une mosqu\u00e9e dimensionn\u00e9e pour 300 personnes au quotidien, avec une capacit\u00e9 d\u2019accueil \u00e9tendue \u00e0 800 personnes pour les grandes c\u00e9l\u00e9brations du calendrier islamique.<\/p>\n<p>Sauf que l\u2019attribution du terrain \u00e0 l\u2019association par la mairie, sans concertation pr\u00e9alable, avait mis le feu aux poudres chez les riverains du quartier. Un collectif citoyen baptis\u00e9 \u00ab Halte au b\u00e9tonnage du parc des Gayeulles \u00bb \u00e9tait n\u00e9. Une p\u00e9tition d\u00e9non\u00e7ant l\u2019artificialisation de cet espace naturel avait rapidement r\u00e9colt\u00e9 plus de 5 000 signatures.<\/p>\n<p>Les riverains refusent l\u2019artificialisation des sols<\/p>\n<p>Le collectif citoyen a ensuite \u00e9t\u00e9 rejoint dans son combat par l\u2019association \u00e9cologiste La Nature en Ville. \u00ab On a vite vu que le terrain b\u00e9n\u00e9ficiait d\u2019une belle biodiversit\u00e9 \u00bb, souligne Pascal Branchu, le pr\u00e9sident. \u00ab Cette parcelle est une zone tampon, qui \u00e9chappe \u00e0 la pollution lumineuse, et o\u00f9 viennent se r\u00e9fugier plusieurs esp\u00e8ces \ufeffcomme le faucon cr\u00e9cerelle pour faire leur nid. \u00c0 partir de l\u00e0, toute artificialisation des sols \u00e9tait hors de question \u00bb.<\/p>\n<p>Particuli\u00e8rement remont\u00e9s, les riverains recevaient \u00e9galement le soutien de Corinne Lepage, avocate et fondatrice du mouvement \u00e9cologiste Cap 21. \u00ab On \u00e9tait pr\u00eat \u00e0 attaquer le permis de construire d\u00e8s qu\u2019il \u00e9tait d\u00e9pos\u00e9 \u00bb, pr\u00e9cise un riverain qui souhaite rester anonyme.<\/p>\n<p>Revirement de situation<\/p>\n<p>Si le dossier semblait dans l\u2019impasse, un \u00e9change entre des membres du collectif citoyen et des repr\u00e9sentants du centre culturel islamique organis\u00e9 au c\u0153ur de l\u2019\u00e9t\u00e9 a permis de d\u00e9bloquer la situation. Les discussions ont convaincu l\u2019association Espoir Amal d\u2019abandonner le site retenu initialement. \u00ab Ils ont pr\u00e9f\u00e9r\u00e9 s\u2019\u00e9pargner des ann\u00e9es de proc\u00e9dure \u00bb, indique une source proche du dossier. \u00c0 la suite de cette rencontre, l\u2019association a repris contact avec les \u00e9lus pour savoir si d\u2019autres terrains \u00e9taient disponibles.<\/p>\n<p><img decoding=\"async\" src=\"https:\/\/www.europesays.com\/fr\/wp-content\/uploads\/2025\/11\/6925cea5665995cf0805b1a0.1.jpeg\" width=\"480\" height=\"300\" class=\"web_golden_m\" loading=\"lazy\" alt=\"Voici \u00e0 quoi devait rassembler la future mosqu\u00e9e El Amal en lisi\u00e8re du parc des Gayeulles, \u00e0 Rennes.\"\/>Voici \u00e0 quoi devait rassembler la future mosqu\u00e9e El Amal en lisi\u00e8re du parc des Gayeulles, \u00e0 Rennes. (CCI Espoir Amal)<\/p>\n<p>\u00ab Compte tenu des contestations exprim\u00e9es par certains riverains du P\u00e2tis Tatelin, de la complexit\u00e9 de certaines contraintes des lieux, et dans un souci d\u2019apaisement, la Ville nous a propos\u00e9 l\u2019\u00e9tude de nouveaux terrains, situ\u00e9s \u00e0 proximit\u00e9 du quartier, afin d\u2019accueillir ce projet dans de bonnes conditions \u00bb, confirme au T\u00e9l\u00e9gramme, Mohamed Zaidouni pr\u00e9sident du Conseil r\u00e9gional du culte musulman de Bretagne et vice-pr\u00e9sident de l\u2019association Espoir Amal.<\/p>\n<p>\u00c0 la recherche d\u2019un nouveau terrain<\/p>\n<p>Organis\u00e9e \u00e0 la fin du mois d\u2019ao\u00fbt, une r\u00e9union en mairie &#8211; en pr\u00e9sence d\u2019\u00e9lus, de membres du centre culture islamique et de riverains du P\u00e2tis Tatelin &#8211; a permis d\u2019\u00e9voquer \u00e0 nouveau ce dossier. Au cours des \u00e9changes, Marc Herv\u00e9, 1er adjoint \u00e0 l\u2018urbanisme, aurait indiqu\u00e9 devant l\u2019assembl\u00e9e que d\u2019autres pistes de lieux \u00e9taient en cours d\u2019examen par les services techniques de la Ville. La question de la localisation se pose. La mosqu\u00e9e pourra-t-elle s\u2019installer au c\u0153ur du quartier du Maurepas, dans un secteur plus facilement accessible pour les fid\u00e8les ? Sollicit\u00e9, Marc Herv\u00e9 n\u2019a pas donn\u00e9 suite.<\/p>\n<p>De leur c\u00f4t\u00e9, les opposants se f\u00e9licitent de cette d\u00e9cision. \u00ab On est satisfaits\u2026 mais toute cette situation aurait pu \u00eatre \u00e9vit\u00e9e d\u00e8s le d\u00e9part \u00bb, d\u00e9plore Pascal Branchu qui se d\u00e9fend de toute \u00e9cologie politique. \u00ab On n\u2019a jamais milit\u00e9 contre le projet de mosqu\u00e9e mais le terrain d\u2019implantation a \u00e9t\u00e9 tr\u00e8s mal choisi d\u00e8s le d\u00e9part. On se serait mobilis\u00e9 contre n\u2019importe quel autre projet \u00e0 cet endroit \u00bb.<\/p>\n<p>Les militants esp\u00e8rent d\u00e9sormais que le terrain puisse trouver une nouvelle vocation : \u00ab On veut travailler \u00e0 une alternative. Pourquoi pas cr\u00e9er un verger \u00e0 l\u2019ancienne ou un centre de soin pour la faune sauvage en d\u00e9tresse ? \u00bb<\/p>\n<p>Plus de 700 000 \u20ac collect\u00e9s<\/p>\n<p>Pour Espoir Amal, le processus est relanc\u00e9. \u00ab Nous poursuivons le travail dans un esprit de concertation constructive et intelligente avec le service de l\u2019urbanisme de la Ville \u00bb, pr\u00e9cise Mohamed Zaidouni.<\/p>\n<p>L\u2019association continue en parall\u00e8le de r\u00e9unir les fonds n\u00e9cessaires pour la construction de la future mosqu\u00e9e. \u00c0 ce jour, plus de 700 000 \u20ac ont \u00e9t\u00e9 collect\u00e9s. Une somme encore loin des 5 millions n\u00e9cessaires estim\u00e9s pour b\u00e2tir ce b\u00e2timent mais qui pourrait permettre de d\u00e9buter a minima les travaux de fondation de l\u2019\u00e9difice &#8211; quand un nouvel endroit sera trouv\u00e9 et qu\u2019un permis de construire sera d\u00e9livr\u00e9.<\/p>\n<p>Les fid\u00e8les dans l\u2019attente<\/p>\n<p>En attendant, le besoin d\u2019un nouveau lieu de culte musulman reste tr\u00e8s fort pour les fid\u00e8les du nord de Rennes, une zone largement sous-dot\u00e9e en infrastructures religieuse. Encore plus depuis <a href=\"https:\/\/www.letelegramme.fr\/ille-et-vilaine\/rennes-35000\/incendie-a-la-mosquee-de-maurepas-a-rennes-la-piste-criminelle-privilegiee-en-images-273477.php\" target=\"_blank\" rel=\"noopener\">l\u2019incendie criminel de la mosqu\u00e9e de Maurepas en juin 2022<\/a>.<\/p>\n<p>\u00ab Il y a un besoin vital d\u2019une nouvelle mosqu\u00e9e pour le nord de Rennes \u00bb, insiste Mohamed Dicko, l\u2019imam du centre Espoir Amal. \u00ab Aujourd\u2019hui, on a une salle de pri\u00e8re trop petite qui d\u00e9borde r\u00e9guli\u00e8rement. Certains fid\u00e8les ne peuvent pas rentrer. Il faut qu\u2019ils puissent pratiquer leur religion dignement. Il y en a m\u00eame qui pr\u00e9f\u00e8rent faire de la route pour aller au Blosne ou \u00e0 Vezin\u2026 \u00bb<\/p>\n","protected":false},"excerpt":{"rendered":"La future mosqu\u00e9e du nord de Rennes ne sortira finalement pas de terre pr\u00e8s du parc des Gayeulles.&hellip;\n","protected":false},"author":2,"featured_media":557988,"comment_status":"","ping_status":"","sticky":false,"template":"","format":"standard","meta":{"footnotes":""},"categories":[2821],"tags":[1111,11,829,765,1777,674,1011,27,848,12,50972,584,25],"class_list":{"0":"post-557987","1":"post","2":"type-post","3":"status-publish","4":"format-standard","5":"has-post-thumbnail","7":"category-rennes","8":"tag-actu","9":"tag-actualites","10":"tag-bretagne","11":"tag-en-continu","12":"tag-eu","13":"tag-europe","14":"tag-fr","15":"tag-france","16":"tag-ille-et-vilaine","17":"tag-news","18":"tag-newsletter-la-rennes-quotidienne","19":"tag-rennes","20":"tag-republique-francaise"},"share_on_mastodon":{"url":"https:\/\/pubeurope.com\/@fr\/115611273599993816","error":""},"_links":{"self":[{"href":"https:\/\/www.europesays.com\/fr\/wp-json\/wp\/v2\/posts\/557987","targetHints":{"allow":["GET"]}}],"collection":[{"href":"https:\/\/www.europesays.com\/fr\/wp-json\/wp\/v2\/posts"}],"about":[{"href":"https:\/\/www.europesays.com\/fr\/wp-json\/wp\/v2\/types\/post"}],"author":[{"embeddable":true,"href":"https:\/\/www.europesays.com\/fr\/wp-json\/wp\/v2\/users\/2"}],"replies":[{"embeddable":true,"href":"https:\/\/www.europesays.com\/fr\/wp-json\/wp\/v2\/comments?post=557987"}],"version-history":[{"count":0,"href":"https:\/\/www.europesays.com\/fr\/wp-json\/wp\/v2\/posts\/557987\/revisions"}],"wp:featuredmedia":[{"embeddable":true,"href":"https:\/\/www.europesays.com\/fr\/wp-json\/wp\/v2\/media\/557988"}],"wp:attachment":[{"href":"https:\/\/www.europesays.com\/fr\/wp-json\/wp\/v2\/media?parent=557987"}],"wp:term":[{"taxonomy":"category","embeddable":true,"href":"https:\/\/www.europesays.com\/fr\/wp-json\/wp\/v2\/categories?post=557987"},{"taxonomy":"post_tag","embeddable":true,"href":"https:\/\/www.europesays.com\/fr\/wp-json\/wp\/v2\/tags?post=557987"}],"curies":[{"name":"wp","href":"https:\/\/api.w.org\/{rel}","templated":true}]}}