{"id":557991,"date":"2025-11-25T16:27:15","date_gmt":"2025-11-25T16:27:15","guid":{"rendered":"https:\/\/www.europesays.com\/fr\/557991\/"},"modified":"2025-11-25T16:27:15","modified_gmt":"2025-11-25T16:27:15","slug":"les-ecovolonterre-dunis-cite-des-horizons-divers-mais-un-but-commun","status":"publish","type":"post","link":"https:\/\/www.europesays.com\/fr\/557991\/","title":{"rendered":"les \u00e9covolon\u2019Terre d&rsquo;Unis-cit\u00e9, des horizons divers mais un but commun"},"content":{"rendered":"<p>\u00ab\u00a0J\u2019ai fait partie de la promotion 2023-2024 d&rsquo;Unis-cit\u00e9 \u00bb, raconte ce jeune homme de 20 ans qui habite \u00e0 Strasbourg. \u00ab Avant\u00a0mon service civique, je n\u2019\u00e9tais pas le m\u00eame et cette exp\u00e9rience m\u2019a beaucoup apport\u00e9. J\u2019\u00e9tais quelqu\u2019un de timide et il m\u2019a fallu faire face \u00e0 certaines de mes peurs mais finalement j\u2019en suis ressorti meilleur\u00a0!\u00a0<\/p>\n<p>On pense souvent que les jeunes sont paresseux, qu\u2019ils ne s\u2019int\u00e9ressent pas forc\u00e9ment \u00e0 la biodiversit\u00e9 mais avec Unis-cit\u00e9, on constate que les jeunes sont pr\u00eats \u00e0 s\u2019engager et s\u2019int\u00e9ressent au monde qui les entoure !<\/p>\n<p>Le service civique, c\u2019est une mission qui dure g\u00e9n\u00e9ralement entre 6 et 12 mois. Les volontaires, appel\u00e9s \u00ab\u00a0\u00e9covolon\u2019Terre\u00a0\u00bb, sont confront\u00e9s \u00e0 plusieurs th\u00e9matiques comme l\u2019aide aux seniors, le domaine culturel et l\u2019environnement. Le service civique est l\u00e0 pour faire vivre une aventure personnelle mais surtout collective. Les volontaires doivent faire preuve d\u2019un esprit solidaire pour faire fonctionner l\u2019ensemble de la promotion.<\/p>\n<p>Aujourd\u2019hui, l\u2019environnement repr\u00e9sente un d\u00e9fi mondial, et ce sont ces h\u00e9ros \u00ab\u00a0\u00e9covolon\u2019Terre\u00a0\u00bb qui ont pour r\u00f4le de le prot\u00e9ger\u00a0: ils sont d\u2019une importance capitale. Ils sont form\u00e9s durant les deux premiers mois sur les bases de la biodiversit\u00e9. Leur devoir consiste \u00e0\u00a0: am\u00e9nager, planter, ramasser\/nettoyer, restaurer des habitats, sensibiliser et observer la nature.<\/p>\n<p>Si ce programme est m\u00e9connu pour beaucoup, \u00ab\u00a0cette exp\u00e9rience est des plus enrichissantes pour soi et pour la biodiversit\u00e9 alors je ne peux qu&rsquo;inciter d&rsquo;autres jeunes \u00e0 s&rsquo;engager\u00a0! \u00bb<\/p>\n<p class=\"note\">Unis-cit\u00e9\u00a0: <a href=\"https:\/\/www.uniscite.fr\/\" target=\"_blank\" rel=\"noopener\">https:\/\/www.uniscite.fr\/<\/a><\/p>\n","protected":false},"excerpt":{"rendered":"\u00ab\u00a0J\u2019ai fait partie de la promotion 2023-2024 d&rsquo;Unis-cit\u00e9 \u00bb, raconte ce jeune homme de 20 ans qui habite&hellip;\n","protected":false},"author":2,"featured_media":557992,"comment_status":"","ping_status":"","sticky":false,"template":"","format":"standard","meta":{"footnotes":""},"categories":[2820],"tags":[1111,11,2389,2649,1777,674,1011,27,775,67333,12,30980,25,640],"class_list":{"0":"post-557991","1":"post","2":"type-post","3":"status-publish","4":"format-standard","5":"has-post-thumbnail","7":"category-strasbourg","8":"tag-actu","9":"tag-actualites","10":"tag-alsace","11":"tag-bas-rhin","12":"tag-eu","13":"tag-europe","14":"tag-fr","15":"tag-france","16":"tag-grand-est","17":"tag-journaliste-dun-jour","18":"tag-news","19":"tag-obernai","20":"tag-republique-francaise","21":"tag-strasbourg"},"share_on_mastodon":{"url":"https:\/\/pubeurope.com\/@fr\/115611280745272421","error":""},"_links":{"self":[{"href":"https:\/\/www.europesays.com\/fr\/wp-json\/wp\/v2\/posts\/557991","targetHints":{"allow":["GET"]}}],"collection":[{"href":"https:\/\/www.europesays.com\/fr\/wp-json\/wp\/v2\/posts"}],"about":[{"href":"https:\/\/www.europesays.com\/fr\/wp-json\/wp\/v2\/types\/post"}],"author":[{"embeddable":true,"href":"https:\/\/www.europesays.com\/fr\/wp-json\/wp\/v2\/users\/2"}],"replies":[{"embeddable":true,"href":"https:\/\/www.europesays.com\/fr\/wp-json\/wp\/v2\/comments?post=557991"}],"version-history":[{"count":0,"href":"https:\/\/www.europesays.com\/fr\/wp-json\/wp\/v2\/posts\/557991\/revisions"}],"wp:featuredmedia":[{"embeddable":true,"href":"https:\/\/www.europesays.com\/fr\/wp-json\/wp\/v2\/media\/557992"}],"wp:attachment":[{"href":"https:\/\/www.europesays.com\/fr\/wp-json\/wp\/v2\/media?parent=557991"}],"wp:term":[{"taxonomy":"category","embeddable":true,"href":"https:\/\/www.europesays.com\/fr\/wp-json\/wp\/v2\/categories?post=557991"},{"taxonomy":"post_tag","embeddable":true,"href":"https:\/\/www.europesays.com\/fr\/wp-json\/wp\/v2\/tags?post=557991"}],"curies":[{"name":"wp","href":"https:\/\/api.w.org\/{rel}","templated":true}]}}