{"id":557999,"date":"2025-11-25T16:32:32","date_gmt":"2025-11-25T16:32:32","guid":{"rendered":"https:\/\/www.europesays.com\/fr\/557999\/"},"modified":"2025-11-25T16:32:32","modified_gmt":"2025-11-25T16:32:32","slug":"jean-louis-jossic-il-faut-inventer-ne-pas-ressasser-le-passe","status":"publish","type":"post","link":"https:\/\/www.europesays.com\/fr\/557999\/","title":{"rendered":"Jean-Louis Jossic\u00a0: \u00ab\u00a0Il faut inventer, ne pas ressasser le pass\u00e9\u00a0\u00bb"},"content":{"rendered":"<p>Ancien conseiller municipal \u00e0 Nantes (de 1989 \u00e0 2014), le chanteur de Tri Yann (1) qui fut adjoint \u00e0 la culture sous la municipalit\u00e9 Jean-Marc Ayrault aura connu le \u00a0r\u00e9veil de la belle endormie\u00a0.<\/p>\n<p>\u00ab\u00a0C\u2019est \u00e0 Nantes et c\u2019est nulle part ailleurs\u00a0!\u00a0\u00bb<\/p>\n<p>Ce r\u00e9veil s\u2019\u00e9tait notamment traduit par l\u2019arriv\u00e9e de Jean Blaise, bras arm\u00e9 culturel du maire, qui imaginera le festival des Allum\u00e9es, dirigera le Lieu Unique (2000), l\u2019\u00e9v\u00e9nement culturel Estuaire (2007), puis prendra la t\u00eate du Voyage \u00e0 Nantes en 2012 jusqu\u2019\u00e0 son d\u00e9part \u00e0 la retraite l\u2019an dernier. L\u2019installation de Royal de Luxe, troupe de th\u00e9\u00e2tre de rue financ\u00e9e par la Ville de Nantes, ou les mesures prises pour les caf\u00e9s-concerts, contribueront au rayonnement culturel de Nantes. Jean-Louis Jossic a v\u00e9cu toute cette p\u00e9riode aux premi\u00e8res loges. <strong> \u00a0J\u2019avais toujours cette phrase \u00e0 Nantes, comme un leitmotiv\u00a0:\u2019\u2019c\u2019est \u00e0 Nantes et nulle part ailleurs\u2019\u2019\u00a0\u00bb,<\/strong> confie l\u2019ex \u00e9lu. \u00a0On a su trouver les bonnes personnes. Je pense \u00e0 des gens comme Jean Blaise, Jean-Luc Courcoult, le directeur de Royal de Luxe pour les publics de 7 \u00e0 77\u00a0ans ou Ren\u00e9 Martin (2) quand il a cr\u00e9\u00e9 la Folle Journ\u00e9e (1995). Quand une personne dispara\u00eet du champ culturel, on ne r\u00e9sout pas le vide en le rempla\u00e7ant par un ersatz. On ne peut pas refaire les Allum\u00e9es avec un faux Jean Blaise. Par exemple, quand on l\u2019a remplac\u00e9 au Lieu Unique, on a pris quelqu\u2019un qui n\u2019\u00e9tait pas du s\u00e9rail, Patrick Gyger. Il \u00e9tait directeur artistique des Utopiales, sp\u00e9cialiste de la science-fiction. Il faut savoir trancher. Dans le milieu culturel, on ne remplace pas poste pour poste avec des copies conformes les gens qui partent, cela n\u2019a pas de sens.\u00a0\u00bb<\/p>\n<p>La politique future<\/p>\n<p>De la politique culturelle men\u00e9e par Johanna Rolland, Jean-Louis Jossic indique \u00a0qu\u2019elle a h\u00e9rit\u00e9 d\u2019une marque culturelle tr\u00e8s forte apr\u00e8s Jean-Marc Ayrault. Elle a su conserver le cap, garder en t\u00eate l\u2019importance de la culture. Demain, je suis pour la culture de tous les possibles et les impossibles. La culture, c\u2019est osez\u00a0! C\u2019est pour \u00e7a que j\u2019aime le baroque, tout ce qui est incroyable\u00a0\u00bb. Le futur de la culture passera par  \u00a0quelqu\u2019un ou quelque chose d\u2019inimaginable aujourd\u2019hui. J\u2019ai h\u00e2te d\u2019entendre dire\u00a0:\u2019\u2019Nom de nom, ce sont encore les Nantais qui ont invent\u00e9 \u00e7a\u00a0!\u2019\u2019\u00a0<\/p>\n<p>(1) <a href=\"https:\/\/nantes.maville.com\/actu\/actudet_-ultime-set-pour-jean-louis-jossic-le-chanteur-de-tri-yann-_8-7065791_actu.Htm\" target=\"_parent\" rel=\"noopener\">Concert avec la chorale de Marie Nodier, dimanche 8\u00a0f\u00e9vrier \u00e0 15\u00a0h\u00a030 au Z\u00e9nith.<\/a><\/p>\n<p>(2) Il ne souhaite pas s\u2019exprimer sur l\u2019affaire actuelle concernant Ren\u00e9 Martin.<\/p>\n<p>\u00a0<\/p>\n","protected":false},"excerpt":{"rendered":"Ancien conseiller municipal \u00e0 Nantes (de 1989 \u00e0 2014), le chanteur de Tri Yann (1) qui fut adjoint&hellip;\n","protected":false},"author":2,"featured_media":558000,"comment_status":"","ping_status":"","sticky":false,"template":"","format":"standard","meta":{"footnotes":""},"categories":[2818],"tags":[1111,11,1777,674,8290,1011,27,58597,5200,67527,766,12,2636,25,67528],"class_list":{"0":"post-557999","1":"post","2":"type-post","3":"status-publish","4":"format-standard","5":"has-post-thumbnail","7":"category-nantes","8":"tag-actu","9":"tag-actualites","10":"tag-eu","11":"tag-europe","12":"tag-faut","13":"tag-fr","14":"tag-france","15":"tag-inventer","16":"tag-jean-louis","17":"tag-jossic","18":"tag-nantes","19":"tag-news","20":"tag-pays-de-la-loire","21":"tag-republique-francaise","22":"tag-ressasser"},"share_on_mastodon":{"url":"https:\/\/pubeurope.com\/@fr\/115611300431526288","error":""},"_links":{"self":[{"href":"https:\/\/www.europesays.com\/fr\/wp-json\/wp\/v2\/posts\/557999","targetHints":{"allow":["GET"]}}],"collection":[{"href":"https:\/\/www.europesays.com\/fr\/wp-json\/wp\/v2\/posts"}],"about":[{"href":"https:\/\/www.europesays.com\/fr\/wp-json\/wp\/v2\/types\/post"}],"author":[{"embeddable":true,"href":"https:\/\/www.europesays.com\/fr\/wp-json\/wp\/v2\/users\/2"}],"replies":[{"embeddable":true,"href":"https:\/\/www.europesays.com\/fr\/wp-json\/wp\/v2\/comments?post=557999"}],"version-history":[{"count":0,"href":"https:\/\/www.europesays.com\/fr\/wp-json\/wp\/v2\/posts\/557999\/revisions"}],"wp:featuredmedia":[{"embeddable":true,"href":"https:\/\/www.europesays.com\/fr\/wp-json\/wp\/v2\/media\/558000"}],"wp:attachment":[{"href":"https:\/\/www.europesays.com\/fr\/wp-json\/wp\/v2\/media?parent=557999"}],"wp:term":[{"taxonomy":"category","embeddable":true,"href":"https:\/\/www.europesays.com\/fr\/wp-json\/wp\/v2\/categories?post=557999"},{"taxonomy":"post_tag","embeddable":true,"href":"https:\/\/www.europesays.com\/fr\/wp-json\/wp\/v2\/tags?post=557999"}],"curies":[{"name":"wp","href":"https:\/\/api.w.org\/{rel}","templated":true}]}}