{"id":558020,"date":"2025-11-25T16:44:13","date_gmt":"2025-11-25T16:44:13","guid":{"rendered":"https:\/\/www.europesays.com\/fr\/558020\/"},"modified":"2025-11-25T16:44:13","modified_gmt":"2025-11-25T16:44:13","slug":"accord-conclu-entre-aulas-et-sarselli","status":"publish","type":"post","link":"https:\/\/www.europesays.com\/fr\/558020\/","title":{"rendered":"accord conclu entre Aulas et Sarselli"},"content":{"rendered":"<p>L\u2019accord \u00e9tait imminent. Il sera officialis\u00e9 ce mardi soir lors de l\u2019inauguration du local de campagne de <a href=\"https:\/\/www.leprogres.fr\/p\/jean-michel-aulas\" target=\"_blank\" rel=\"noopener\">Jean-Michel Aulas<\/a>, candidat aux municipales, annonce <a href=\"https:\/\/www.bfmtv.com\/lyon\/info-bfm-lyon-municipales-2026-veronique-sarselli-doit-annoncer-son-ralliement-a-jean-michel-aulas_AN-202511250719.html\" target=\"_blank\" rel=\"noopener\">BFM<\/a>. L\u2019entourage de V\u00e9ronique Sarselli, maire LR de Sainte-Foy-les-Lyon, en lice pour les M\u00e9tropolitaines, confirme la pr\u00e9sence de celle-ci.<\/p>\n<p>De son c\u00f4t\u00e9, Sarah Peillon, <a href=\"https:\/\/www.leprogres.fr\/elections\/2025\/11\/20\/municipales-2026-qui-sont-les-trois-codirectrices-de-campagne-de-jean-michel-aulas\" target=\"_blank\" rel=\"noopener\"> co-directrice de campagne<\/a> du candidat Aulas, en dit plus sur l\u2019annonce qui sera faite. \u00ab\u00a0Il y a bien un accord de rassemblement derri\u00e8re la banni\u00e8re commune Grand c\u0153ur lyonnais, avec le souhait d\u2019une forte place faite \u00e0 la soci\u00e9t\u00e9 civile et un arc allant du centre-gauche \u00e0 la droite r\u00e9publicaine\u00a0\u00bb. Et d\u2019insister sur le terme de \u00ab\u00a0r\u00e9publicain\u00a0\u00bb.<\/p>\n<p>  Pas d\u2019alliance avec les extr\u00eames<\/p>\n<p>\u00ab\u00a0Ceux qui souhaiteront rejoindre les listes m\u00e9tropolitaines, devront s\u2019engager \u00e0 ne faire aucune alliance avec les extr\u00eames. Y compris ceux qui brigueront des postes uniquement dans les communes\u00a0\u00bb, pr\u00e9cise la co-directrice.<\/p>\n<p>Cet accord permet \u00e0 l\u2019ancien patron de l\u2019OL, <a href=\"https:\/\/www.leprogres.fr\/elections\/2025\/10\/29\/municipales-2026-jean-michel-aulas-donne-largement-en-tete-dans-un-nouveau-sondage\" target=\"_blank\" rel=\"noopener\">en t\u00eate<\/a> dans les sondages pour emporter la mairie de Lyon, de conforter sa main mise sur la M\u00e9tropole. L\u00e0 o\u00f9 se situent r\u00e9ellement le pouvoir et les moyens. Les n\u00e9gociations qui n\u2019ont pas \u00e9t\u00e9 faciles, ont avanc\u00e9 \u00e0 la faveur de postes de vice-pr\u00e9sidence mis dans la balance.<\/p>\n","protected":false},"excerpt":{"rendered":"L\u2019accord \u00e9tait imminent. Il sera officialis\u00e9 ce mardi soir lors de l\u2019inauguration du local de campagne de Jean-Michel&hellip;\n","protected":false},"author":2,"featured_media":558021,"comment_status":"","ping_status":"","sticky":false,"template":"","format":"standard","meta":{"footnotes":""},"categories":[1889],"tags":[1111,11,2430,2757,36284,4188,1777,674,107,1011,27,6319,2428,2756,12,316,25,2429],"class_list":{"0":"post-558020","1":"post","2":"type-post","3":"status-publish","4":"format-standard","5":"has-post-thumbnail","7":"category-lyon","8":"tag-actu","9":"tag-actualites","10":"tag-auvergne-rhone-alpes","11":"tag-edition-lyon-villeurbanne","12":"tag-elections-metropolitaines","13":"tag-elections-municipales","14":"tag-eu","15":"tag-europe","16":"tag-fil-info","17":"tag-fr","18":"tag-france","19":"tag-les-republicains","20":"tag-lyon","21":"tag-lyon-bassin","22":"tag-news","23":"tag-politique","24":"tag-republique-francaise","25":"tag-rhone"},"share_on_mastodon":{"url":"https:\/\/pubeurope.com\/@fr\/115611347380866315","error":""},"_links":{"self":[{"href":"https:\/\/www.europesays.com\/fr\/wp-json\/wp\/v2\/posts\/558020","targetHints":{"allow":["GET"]}}],"collection":[{"href":"https:\/\/www.europesays.com\/fr\/wp-json\/wp\/v2\/posts"}],"about":[{"href":"https:\/\/www.europesays.com\/fr\/wp-json\/wp\/v2\/types\/post"}],"author":[{"embeddable":true,"href":"https:\/\/www.europesays.com\/fr\/wp-json\/wp\/v2\/users\/2"}],"replies":[{"embeddable":true,"href":"https:\/\/www.europesays.com\/fr\/wp-json\/wp\/v2\/comments?post=558020"}],"version-history":[{"count":0,"href":"https:\/\/www.europesays.com\/fr\/wp-json\/wp\/v2\/posts\/558020\/revisions"}],"wp:featuredmedia":[{"embeddable":true,"href":"https:\/\/www.europesays.com\/fr\/wp-json\/wp\/v2\/media\/558021"}],"wp:attachment":[{"href":"https:\/\/www.europesays.com\/fr\/wp-json\/wp\/v2\/media?parent=558020"}],"wp:term":[{"taxonomy":"category","embeddable":true,"href":"https:\/\/www.europesays.com\/fr\/wp-json\/wp\/v2\/categories?post=558020"},{"taxonomy":"post_tag","embeddable":true,"href":"https:\/\/www.europesays.com\/fr\/wp-json\/wp\/v2\/tags?post=558020"}],"curies":[{"name":"wp","href":"https:\/\/api.w.org\/{rel}","templated":true}]}}