{"id":558034,"date":"2025-11-25T16:52:15","date_gmt":"2025-11-25T16:52:15","guid":{"rendered":"https:\/\/www.europesays.com\/fr\/558034\/"},"modified":"2025-11-25T16:52:15","modified_gmt":"2025-11-25T16:52:15","slug":"ce-que-lon-sait-de-lavancee-des-dernieres-discussions-autour-de-laccord-de-paix","status":"publish","type":"post","link":"https:\/\/www.europesays.com\/fr\/558034\/","title":{"rendered":"ce que l\u2019on sait de l\u2019avanc\u00e9e des derni\u00e8res discussions autour de l\u2019accord de paix"},"content":{"rendered":"<p>En ouverture d\u2019une visioconf\u00e9rence de <a target=\"_self\" href=\"https:\/\/www.lanouvellerepublique.fr\/a-la-une\/guerre-en-ukraine-kiev-et-ses-allies-cherchent-a-resserrer-les-rangs-face-au-plan-trump-1763799286\" rel=\"noopener\">la \u00ab\u00a0coalition des volontaires\u00a0\u00bb<\/a> qui soutiennent Kiev, Emmanuel Macron a affirm\u00e9 mardi 25\u00a0novembre qu\u2019il y avait \u00ab\u00a0enfin une chance de r\u00e9aliser de vrais progr\u00e8s vers une bonne paix\u00a0\u00bb <a target=\"_self\" href=\"https:\/\/www.lanouvellerepublique.fr\/a-la-une\/guerre-en-ukraine-nouvelle-nuit-d-attaques-aeriennes-massives-en-ukraine-et-en-russie-1764057238\" rel=\"noopener\">entre l\u2019Ukraine et la Russie<\/a>. \u00ab\u00a0Mais la condition absolue pour une bonne paix, c\u2019est une s\u00e9rie de garanties de s\u00e9curit\u00e9 tr\u00e8s robustes et pas des garanties uniquement sur le papier\u00a0\u00bb, a soulign\u00e9 le pr\u00e9sident fran\u00e7ais.<\/p>\n<p>Ces d\u00e9clarations interviennent au moment o\u00f9 la diplomatie fonctionne de nouveau \u00e0 plein r\u00e9gime pour tenter de trouver un r\u00e8glement n\u00e9goci\u00e9 \u00e0 la guerre, apr\u00e8s la publication d\u2019<a target=\"_self\" href=\"https:\/\/www.lanouvellerepublique.fr\/a-la-une\/l-ukraine-dit-avoir-recu-un-projet-de-plan-de-paix-de-la-part-des-etats-unis-1763657726\" rel=\"noopener\">un plan am\u00e9ricain<\/a> qui fait l\u2019objet de <a target=\"_self\" href=\"https:\/\/www.lanouvellerepublique.fr\/a-la-une\/guerre-en-ukraine-un-accord-de-paix-devra-pleinement-respecter-la-souverainete-du-pays-disent-kiev-et-washington-1763971584\" rel=\"noopener\">tractations depuis plusieurs jours<\/a>. \u00ab\u00a0Nous sommes clairement \u00e0 un moment crucial. Les n\u00e9gociations b\u00e9n\u00e9ficient d\u2019un nouvel \u00e9lan et nous devons profiter de cette impulsion\u00a0\u00bb, a appuy\u00e9 Emmanuel Macron.<\/p>\n<p>\u00ab\u00a0D\u2019immenses progr\u00e8s\u00a0\u00bb, selon la Maison-Blanche<\/p>\n<p>Dans le m\u00eame temps, la Maison-Blanche a indiqu\u00e9 que des discussions suppl\u00e9mentaires avec l\u2019Ukraine et la Russie \u00e9taient n\u00e9cessaires pour r\u00e9gler quelques points \u00ab\u00a0sensibles, mais pas insurmontables\u00a0\u00bb. \u00ab\u00a0La semaine pass\u00e9e, les \u00c9tats-Unis ont fait d\u2019immenses progr\u00e8s en vue d\u2019un accord de paix en faisant venir \u00e0 la fois l\u2019Ukraine et la Russie \u00e0 la table des n\u00e9gociations\u00a0\u00bb, a d\u00e9clar\u00e9 sa porte-parole Karoline Leavitt sur X.<\/p>\n<p>Plusieurs m\u00e9dias am\u00e9ricains avaient rapport\u00e9 plus t\u00f4t mardi, citant un responsable am\u00e9ricain anonyme, que les Ukrainiens avaient \u00ab\u00a0accept\u00e9 un accord de paix\u00a0\u00bb. Selon le secr\u00e9taire du Conseil de s\u00e9curit\u00e9 ukrainien Roustem Oumerov, Kiev entend \u00ab\u00a0organiser la visite du pr\u00e9sident Zelensky aux \u00c9tats-Unis d\u00e8s que possible en novembre pour finaliser les \u00e9tapes restantes et parvenir \u00e0 un accord avec le pr\u00e9sident Trump\u00a0\u00bb.<\/p>\n<p>Entre-temps, le secr\u00e9taire am\u00e9ricain \u00e0 l\u2019Arm\u00e9e de terre, Dan Driscoll, s\u2019est rendu \u00e0 Abou Dhabi pour y rencontrer une d\u00e9l\u00e9gation russe. \u00ab\u00a0Les pourparlers se d\u00e9roulent bien et nous restons optimistes\u00a0\u00bb, a d\u00e9clar\u00e9 le lieutenant-colonel Jeff Tolbert, rendant compte de ces discussions lundi soir et mardi \u00e0 Abou Dhabi.<\/p>\n","protected":false},"excerpt":{"rendered":"En ouverture d\u2019une visioconf\u00e9rence de la \u00ab\u00a0coalition des volontaires\u00a0\u00bb qui soutiennent Kiev, Emmanuel Macron a affirm\u00e9 mardi 25\u00a0novembre&hellip;\n","protected":false},"author":2,"featured_media":558035,"comment_status":"","ping_status":"","sticky":false,"template":"","format":"standard","meta":{"footnotes":""},"categories":[1590],"tags":[328,11,1813,10411,73,1777,674,329,74,12,132,220],"class_list":{"0":"post-558034","1":"post","2":"type-post","3":"status-publish","4":"format-standard","5":"has-post-thumbnail","7":"category-ukraine","8":"tag-a-la-une","9":"tag-actualites","10":"tag-armee","11":"tag-conflits","12":"tag-etats-unis","13":"tag-eu","14":"tag-europe","15":"tag-france-monde","16":"tag-monde","17":"tag-news","18":"tag-russie","19":"tag-ukraine"},"share_on_mastodon":{"url":"https:\/\/pubeurope.com\/@fr\/115611378866861021","error":""},"_links":{"self":[{"href":"https:\/\/www.europesays.com\/fr\/wp-json\/wp\/v2\/posts\/558034","targetHints":{"allow":["GET"]}}],"collection":[{"href":"https:\/\/www.europesays.com\/fr\/wp-json\/wp\/v2\/posts"}],"about":[{"href":"https:\/\/www.europesays.com\/fr\/wp-json\/wp\/v2\/types\/post"}],"author":[{"embeddable":true,"href":"https:\/\/www.europesays.com\/fr\/wp-json\/wp\/v2\/users\/2"}],"replies":[{"embeddable":true,"href":"https:\/\/www.europesays.com\/fr\/wp-json\/wp\/v2\/comments?post=558034"}],"version-history":[{"count":0,"href":"https:\/\/www.europesays.com\/fr\/wp-json\/wp\/v2\/posts\/558034\/revisions"}],"wp:featuredmedia":[{"embeddable":true,"href":"https:\/\/www.europesays.com\/fr\/wp-json\/wp\/v2\/media\/558035"}],"wp:attachment":[{"href":"https:\/\/www.europesays.com\/fr\/wp-json\/wp\/v2\/media?parent=558034"}],"wp:term":[{"taxonomy":"category","embeddable":true,"href":"https:\/\/www.europesays.com\/fr\/wp-json\/wp\/v2\/categories?post=558034"},{"taxonomy":"post_tag","embeddable":true,"href":"https:\/\/www.europesays.com\/fr\/wp-json\/wp\/v2\/tags?post=558034"}],"curies":[{"name":"wp","href":"https:\/\/api.w.org\/{rel}","templated":true}]}}