{"id":558040,"date":"2025-11-25T16:55:12","date_gmt":"2025-11-25T16:55:12","guid":{"rendered":"https:\/\/www.europesays.com\/fr\/558040\/"},"modified":"2025-11-25T16:55:12","modified_gmt":"2025-11-25T16:55:12","slug":"proces-de-sept-membres-presumes-dantifa-ost-pour-attaques-violentes","status":"publish","type":"post","link":"https:\/\/www.europesays.com\/fr\/558040\/","title":{"rendered":"proc\u00e8s de sept membres pr\u00e9sum\u00e9s d\u2019Antifa Ost pour attaques violentes"},"content":{"rendered":"<p>Le proc\u00e8s de sept membres pr\u00e9sum\u00e9s du groupe d\u2019extr\u00eame gauche Antifa Ost, accus\u00e9s d\u2019attaques violentes contre des extr\u00e9mistes de droite, s\u2019est ouvert ce mardi en Allemagne.<\/p>\n<p>Six hommes et une femme \u00e2g\u00e9s de 28 \u00e0 49\u00a0ans ont \u00e9t\u00e9 pr\u00e9sent\u00e9s devant le tribunal de Dresde, dans l\u2019est du pays, pour avoir particip\u00e9, selon le parquet f\u00e9d\u00e9ral allemand, \u00e0 14\u00a0attaques en Allemagne et \u00e0 Budapest entre 2018 et 2023, au cours desquelles 35\u00a0personnes ont \u00e9t\u00e9 bless\u00e9es. Quatre d\u2019entre eux sont actuellement en d\u00e9tention provisoire, les trois autres comparaissent libres. Devant le tribunal, environ vingt de leurs soutiens se sont rassembl\u00e9s, demandant sur une pancarte \u00e0 la justice de \u00ab\u00a0lib\u00e9rer tous les Antifas\u00a0\u00bb.<\/p>\n<blockquote><p>L\u2019\u00c9tat de droit ne peut et ne veut pas tol\u00e9rer que certains accus\u00e9s se fassent justice eux-m\u00eames\u00a0\u00bb<\/p><\/blockquote>\n<p>Dans un contexte de polarisation politique croissante, ce proc\u00e8s a d\u00e9marr\u00e9 quelques jours apr\u00e8s l\u2019inscription de ce groupe, \u00e9galement connu sous le nom du \u00ab\u00a0gang du marteau\u00a0\u00bb, sur la liste des \u00ab\u00a0organisations terroristes\u00a0\u00bb des \u00c9tats-Unis, parmi d\u2019autres mouvements se r\u00e9clamant de l\u2019antifascisme en Europe.<\/p>\n<p>Le \u00ab\u00a0gang du marteau\u00a0\u00bb sur le banc des accus\u00e9s<\/p>\n<p>Certains suspects du groupe, fond\u00e9 dans la ville de Leipzig fin 2017 ou d\u00e9but 2018, sont soup\u00e7onn\u00e9s d\u2019avoir cibl\u00e9 des militants d\u2019extr\u00eame droite avec des marteaux \u2013 d\u2019o\u00f9 le surnom du groupe \u2013 et gravement bless\u00e9 plusieurs d\u2019entre eux. Pour la procureure g\u00e9n\u00e9rale Alexandra Geilhorn, les accus\u00e9s ont agi \u00ab\u00a0de mani\u00e8re planifi\u00e9e et organis\u00e9e\u00a0\u00bb au nom d\u2019une \u00ab\u00a0id\u00e9ologie militante d\u2019extr\u00eame gauche\u00a0\u00bb.<\/p>\n<p>Dans certains cas, les accus\u00e9s ont \u00ab\u00a0accept\u00e9\u00a0\u00bb l\u2019id\u00e9e que les personnes attaqu\u00e9es puissent mourir, affirme le parquet f\u00e9d\u00e9ral. \u00ab\u00a0L\u2019\u00c9tat de droit ne peut et ne veut pas tol\u00e9rer que certains accus\u00e9s se fassent justice eux-m\u00eames\u00a0\u00bb, a d\u00e9clar\u00e9 le procureur f\u00e9d\u00e9ral Bodo Vogler en marge de l\u2019audience. \u00ab\u00a0Il n\u2019existe pas de bonne violence politique.\u00a0\u00bb<\/p>\n<p>En plus de blessures graves, trois accus\u00e9s doivent r\u00e9pondre de tentative de meurtre. Deux d\u2019entre eux, identifi\u00e9s comme Johann G. et Paul M., sont accus\u00e9s d\u2019avoir attaqu\u00e9 et bless\u00e9 plusieurs personnes \u00e0 Budapest d\u00e9but 2023 en marge du \u00ab\u00a0Jour de l\u2019Honneur\u00a0\u00bb, un rassemblement annuel de n\u00e9onazis. L\u2019antifasciste allemand Maja\u00a0T., qui se d\u00e9finit comme non binaire, est actuellement jug\u00e9 dans la capitale hongroise pour quatre attaques le m\u00eame jour. Le parquet a d\u00e9crit Johann G. comme un meneur d\u2019Antifa Ost, responsable de la planification des attaques et du recrutement des activistes.<\/p>\n<blockquote><p>Leurs victimes devaient \u00eatre \u00ab\u00a0bless\u00e9es et durablement affect\u00e9es physiquement et psychologiquement\u00a0\u00bb<\/p><\/blockquote>\n<p>Arr\u00eat\u00e9 fin 2024 dans un train en Thuringe, il est accus\u00e9 avec Paul\u00a0M. d\u2019avoir organis\u00e9 des sessions d\u2019entra\u00eenement au combat et aux attaques planifi\u00e9es. Il est aussi reproch\u00e9 \u00e0 Paul M., apparu menott\u00e9, muscles saillants sous un polo bleu, d\u2019avoir g\u00e9r\u00e9 des d\u00e9p\u00f4ts dans lesquels le groupe aurait stock\u00e9 des armes. Leurs victimes devaient \u00eatre \u00ab\u00a0bless\u00e9es et durablement affect\u00e9es physiquement et psychologiquement\u00a0\u00bb, et ce afin de dissuader d\u2019autres extr\u00e9mistes de droite de les rejoindre, a d\u00e9clar\u00e9 la procureure Alexandra Geilhorn.<\/p>\n<p>L\u2019ex-Allemagne de l\u2019Est, terre d\u2019extr\u00eames\u00a0?<\/p>\n<p>Bient\u00f4t quatre d\u00e9cennies apr\u00e8s la chute du mur de Berlin, l\u2019ancienne Allemagne de l\u2019Est communiste est un bastion de groupuscules d\u2019extr\u00eame droite comme d\u2019extr\u00eame gauche. \u00c0 travers l\u2019Europe, le mouvement \u00ab\u00a0Antifa\u00a0\u00bb, pour \u00ab\u00a0antifasciste\u00a0\u00bb, s\u2019apparente davantage \u00e0 une mouvance qu\u2019\u00e0 un groupe organis\u00e9. C\u2019est un terme g\u00e9n\u00e9ralement associ\u00e9 \u00e0 une frange de l&rsquo;extr\u00eame gauche, et qui est souvent \u00e9voqu\u00e9 par la droite et l&rsquo;extr\u00eame droite \u00e0 propos des violences dans les manifestations.<\/p>\n<p>Donald Trump a sign\u00e9 un d\u00e9cret classant comme \u00ab\u00a0organisation terroriste\u00a0\u00bb cette mouvance. Le parti d\u2019extr\u00eame droite Alternative pour l\u2019Allemagne (AfD), premi\u00e8re force d\u2019opposition du pays, a salu\u00e9 la d\u00e9cision des \u00c9tats-Unis et a exhort\u00e9 Berlin \u00e0 faire de m\u00eame. Mi-novembre, une porte-parole du minist\u00e8re de l\u2019Int\u00e9rieur a soulign\u00e9 que \u00ab\u00a0le danger potentiel pos\u00e9 par le groupe\u00a0\u00bb Antifa Ost avait \u00ab\u00a0r\u00e9cemment diminu\u00e9 de mani\u00e8re significative\u00a0\u00bb. Et ceci parce que \u00ab\u00a0les meneurs et les membres particuli\u00e8rement violents du groupe soit ont d\u00e9j\u00e0 \u00e9t\u00e9 condamn\u00e9s de mani\u00e8re d\u00e9finitive, soit sont en d\u00e9tention\u00a0\u00bb en attendant un jugement, a-t-elle expliqu\u00e9.<\/p>\n","protected":false},"excerpt":{"rendered":"Le proc\u00e8s de sept membres pr\u00e9sum\u00e9s du groupe d\u2019extr\u00eame gauche Antifa Ost, accus\u00e9s d\u2019attaques violentes contre des extr\u00e9mistes&hellip;\n","protected":false},"author":2,"featured_media":558041,"comment_status":"","ping_status":"","sticky":false,"template":"","format":"standard","meta":{"footnotes":""},"categories":[1587],"tags":[11,672,1804,1805,1803,1777,674,1801,12,1802],"class_list":{"0":"post-558040","1":"post","2":"type-post","3":"status-publish","4":"format-standard","5":"has-post-thumbnail","7":"category-allemagne","8":"tag-actualites","9":"tag-allemagne","10":"tag-bundesrepublik-deutschland","11":"tag-de","12":"tag-deutschland","13":"tag-eu","14":"tag-europe","15":"tag-germany","16":"tag-news","17":"tag-republique-federale-dallemagne"},"share_on_mastodon":{"url":"https:\/\/pubeurope.com\/@fr\/115611390949536299","error":""},"_links":{"self":[{"href":"https:\/\/www.europesays.com\/fr\/wp-json\/wp\/v2\/posts\/558040","targetHints":{"allow":["GET"]}}],"collection":[{"href":"https:\/\/www.europesays.com\/fr\/wp-json\/wp\/v2\/posts"}],"about":[{"href":"https:\/\/www.europesays.com\/fr\/wp-json\/wp\/v2\/types\/post"}],"author":[{"embeddable":true,"href":"https:\/\/www.europesays.com\/fr\/wp-json\/wp\/v2\/users\/2"}],"replies":[{"embeddable":true,"href":"https:\/\/www.europesays.com\/fr\/wp-json\/wp\/v2\/comments?post=558040"}],"version-history":[{"count":0,"href":"https:\/\/www.europesays.com\/fr\/wp-json\/wp\/v2\/posts\/558040\/revisions"}],"wp:featuredmedia":[{"embeddable":true,"href":"https:\/\/www.europesays.com\/fr\/wp-json\/wp\/v2\/media\/558041"}],"wp:attachment":[{"href":"https:\/\/www.europesays.com\/fr\/wp-json\/wp\/v2\/media?parent=558040"}],"wp:term":[{"taxonomy":"category","embeddable":true,"href":"https:\/\/www.europesays.com\/fr\/wp-json\/wp\/v2\/categories?post=558040"},{"taxonomy":"post_tag","embeddable":true,"href":"https:\/\/www.europesays.com\/fr\/wp-json\/wp\/v2\/tags?post=558040"}],"curies":[{"name":"wp","href":"https:\/\/api.w.org\/{rel}","templated":true}]}}