{"id":558042,"date":"2025-11-25T16:56:22","date_gmt":"2025-11-25T16:56:22","guid":{"rendered":"https:\/\/www.europesays.com\/fr\/558042\/"},"modified":"2025-11-25T16:56:22","modified_gmt":"2025-11-25T16:56:22","slug":"dockers-conclut-un-accord-de-licence-pour-leurope-et-lasie-centrale","status":"publish","type":"post","link":"https:\/\/www.europesays.com\/fr\/558042\/","title":{"rendered":"Dockers conclut un accord de licence pour l&rsquo;Europe et l&rsquo;Asie centrale"},"content":{"rendered":"<p>\n                                        <b>Traduit par<\/b><br \/>\n                                        <br \/>Anne SCHILLING\n                                    <\/p>\n<p>\n                                    <b>Publi\u00e9 le<\/b><br \/>\n                                    <\/p>\n<p>                                        25 novembre 2025<\/p>\n<p class=\"article-content col-md-8 offset-md-1\">\n                                <a class=\"fnwAddLinks\" href=\"https:\/\/lu.fashionnetwork.com\/tags-dockers\" title=\"Dockers\" target=\"_blank\" rel=\"noopener\">Dockers<\/a> a conclu un nouveau partenariat de distribution avec Orbico Group, qui permettra de d\u00e9velopper la marque am\u00e9ricaine de v\u00eatements en Europe, notamment sur des march\u00e9s cl\u00e9s tels que l&rsquo;Italie, l&rsquo;Espagne, le Portugal et le Royaume-Uni, pour ne citer que ceux-l\u00e0.<img decoding=\"async\" class=\"news-image\" style=\"width:100%;\" src=\"https:\/\/www.europesays.com\/fr\/wp-content\/uploads\/2025\/11\/950c.jpg\" alt=\"\" loading=\"lazy\"\/> CourtesyPr\u00e9sente en Europe depuis pr\u00e8s de trois d\u00e9cennies, la marque entend, gr\u00e2ce \u00e0 ce nouvel accord avec Orbico, acc\u00e9l\u00e9rer son expansion dans la r\u00e9gion, \u00e0 la suite de son rachat par Authentic \u00e0 <a class=\"fnwAddLinks\" href=\"https:\/\/lu.fashionnetwork.com\/tags-levi-strauss---co\" title=\"Levi Strauss &amp; Co\" target=\"_blank\" rel=\"noopener\">Levi Strauss &amp; Co<\/a> au mois de mai dernier.\u00a0\u00bbLe partenariat avec Orbico nous permet d&rsquo;implanter Dockers sur ce march\u00e9 cl\u00e9 tout en pr\u00e9servant l&rsquo;h\u00e9ritage authentique de la marque\u00a0\u00bb, a d\u00e9clar\u00e9 Henry Stupp, pr\u00e9sident Lifestyle &amp; Entertainment EMEA &amp; Inde chez Authentic.\n                            <\/p>\n<p>\n                                Cet article est une traduction automatique.<br \/>\n                                    <a href=\"https:\/\/ww.fashionnetwork.com\/news\/Dockers-inks-licensing-deal-for-europe-central-asia,1785822.html\" target=\"_blank\" rel=\"noopener\">Cliquez ici<\/a> pour consulter l&rsquo;article d&rsquo;origine.\n                            <\/p>\n<p>\n                                Tous droits de reproduction et de repr\u00e9sentation r\u00e9serv\u00e9s.<br \/>\u00a9 2025 FashionNetwork.com\n                            <\/p>\n","protected":false},"excerpt":{"rendered":"Traduit par Anne SCHILLING Publi\u00e9 le 25 novembre 2025 Dockers a conclu un nouveau partenariat de distribution avec&hellip;\n","protected":false},"author":2,"featured_media":558043,"comment_status":"","ping_status":"","sticky":false,"template":"","format":"standard","meta":{"footnotes":""},"categories":[1586],"tags":[11,2424,3362,537,2423,28164,1777,674,1011,27,35008,2425,985,12,2298,2426,2427,25,2421,2422],"class_list":{"0":"post-558042","1":"post","2":"type-post","3":"status-publish","4":"format-standard","5":"has-post-thumbnail","7":"category-europe","8":"tag-actualites","9":"tag-beaute","10":"tag-champion","11":"tag-contact","12":"tag-cosmetiques","13":"tag-dockers","14":"tag-eu","15":"tag-europe","16":"tag-fr","17":"tag-france","18":"tag-levi-strauss-co","19":"tag-luxe","20":"tag-mode","21":"tag-news","22":"tag-parfum","23":"tag-professionnel","24":"tag-professionnels","25":"tag-republique-francaise","26":"tag-reseau","27":"tag-textile"},"share_on_mastodon":{"url":"https:\/\/pubeurope.com\/@fr\/115611395858156368","error":""},"_links":{"self":[{"href":"https:\/\/www.europesays.com\/fr\/wp-json\/wp\/v2\/posts\/558042","targetHints":{"allow":["GET"]}}],"collection":[{"href":"https:\/\/www.europesays.com\/fr\/wp-json\/wp\/v2\/posts"}],"about":[{"href":"https:\/\/www.europesays.com\/fr\/wp-json\/wp\/v2\/types\/post"}],"author":[{"embeddable":true,"href":"https:\/\/www.europesays.com\/fr\/wp-json\/wp\/v2\/users\/2"}],"replies":[{"embeddable":true,"href":"https:\/\/www.europesays.com\/fr\/wp-json\/wp\/v2\/comments?post=558042"}],"version-history":[{"count":0,"href":"https:\/\/www.europesays.com\/fr\/wp-json\/wp\/v2\/posts\/558042\/revisions"}],"wp:featuredmedia":[{"embeddable":true,"href":"https:\/\/www.europesays.com\/fr\/wp-json\/wp\/v2\/media\/558043"}],"wp:attachment":[{"href":"https:\/\/www.europesays.com\/fr\/wp-json\/wp\/v2\/media?parent=558042"}],"wp:term":[{"taxonomy":"category","embeddable":true,"href":"https:\/\/www.europesays.com\/fr\/wp-json\/wp\/v2\/categories?post=558042"},{"taxonomy":"post_tag","embeddable":true,"href":"https:\/\/www.europesays.com\/fr\/wp-json\/wp\/v2\/tags?post=558042"}],"curies":[{"name":"wp","href":"https:\/\/api.w.org\/{rel}","templated":true}]}}