{"id":558044,"date":"2025-11-25T16:57:13","date_gmt":"2025-11-25T16:57:13","guid":{"rendered":"https:\/\/www.europesays.com\/fr\/558044\/"},"modified":"2025-11-25T16:57:13","modified_gmt":"2025-11-25T16:57:13","slug":"le-parlement-europeen-approuve-le-tout-premier-programme-dedie-a-lindustrie-de-defense","status":"publish","type":"post","link":"https:\/\/www.europesays.com\/fr\/558044\/","title":{"rendered":"Le Parlement europ\u00e9en approuve le tout premier programme d\u00e9di\u00e9 \u00e0 l\u2019industrie de d\u00e9fense"},"content":{"rendered":"<p>AA \/ Bruxelles \/ Melike Pala<\/p>\n<p>Le Parlement europ\u00e9en a approuv\u00e9 mardi le tout premier programme europ\u00e9en pour l\u2019industrie de d\u00e9fense (EDIP), une initiative majeure destin\u00e9e \u00e0 renforcer les capacit\u00e9s militaires de l\u2019UE, \u00e0 stimuler les achats conjoints et \u00e0 soutenir l\u2019industrie de d\u00e9fense ukrainienne.<\/p>\n<p>Le texte, conclu de mani\u00e8re informelle avec le Conseil de l\u2019UE, pr\u00e9voit un budget de 1,5 milliard d\u2019euros, dont 300 millions sp\u00e9cifiquement allou\u00e9s \u00e0 l\u2019Instrument de soutien \u00e0 l\u2019Ukraine (USI).<\/p>\n<p>Un Fonds suppl\u00e9mentaire visant \u00e0 acc\u00e9l\u00e9rer la transformation de la cha\u00eene d\u2019approvisionnement en mati\u00e8re de d\u00e9fense (FAST) recevra au moins 150 millions d\u2019euros de contributions additionnelles.<\/p>\n<p>Les d\u00e9put\u00e9s ont \u00e9galement obtenu une augmentation du budget de l\u2019EDIP gr\u00e2ce \u00e0 des financements compl\u00e9mentaires issus de l\u2019instrument SAFE (Security Action for Europe).<\/p>\n<p>S\u2019exprimant en s\u00e9ance pl\u00e9ni\u00e8re au Parlement europ\u00e9en, le commissaire europ\u00e9en \u00e0 la D\u00e9fense, Andrius Kubilius, a qualifi\u00e9 l\u2019EDIP de \u00ab programme pionnier pour la pr\u00e9paration en mati\u00e8re de d\u00e9fense \u00bb, estimant qu\u2019il permettra de passer d\u2019une production et d\u2019achats \u00ab fond\u00e9s sur l\u2019improvisation \u00bb \u00e0 une organisation structur\u00e9e.<\/p>\n<p>Il a ajout\u00e9 que le programme constitue une \u00ab bo\u00eete \u00e0 outils de mesures de r\u00e9ponse aux crises \u00bb destin\u00e9e \u00e0 garantir un acc\u00e8s fiable aux produits de d\u00e9fense et \u00e0 renforcer la s\u00e9curit\u00e9 d\u2019approvisionnement au sein de l\u2019UE.<\/p>\n<p>L\u2019EDIP instaure un cadre juridique pour les projets europ\u00e9ens de d\u00e9fense d\u2019int\u00e9r\u00eat commun, auxquels devront participer au moins quatre \u00c9tats membres, et permet \u00e0 l\u2019Ukraine de s\u2019y associer.<\/p>\n<p>Selon le principe du \u00ab buy European \u00bb, les produits de d\u00e9fense b\u00e9n\u00e9ficiant de fonds europ\u00e9ens ne pourront int\u00e9grer plus de 35 % de composants provenant de pays tiers non associ\u00e9s.<\/p>\n<p>Les rapporteurs, les eurod\u00e9put\u00e9s fran\u00e7ais Rapha\u00ebl Glucksmann et Fran\u00e7ois-Xavier Bellamy, ont r\u00e9pondu aux critiques venues de la droite comme de la gauche.<br \/>Glucksmann a affirm\u00e9 que s\u2019opposer au programme revenait \u00e0 affaiblir la souverainet\u00e9 europ\u00e9enne, tandis que Bellamy a averti qu\u2019une focalisation exclusive sur les politiques sociales, sans pr\u00e9paration en mati\u00e8re de d\u00e9fense, exposerait l\u2019Europe \u00e0 des vuln\u00e9rabilit\u00e9s majeures.<\/p>\n<p>Le texte a \u00e9t\u00e9 adopt\u00e9 par 457 voix contre 148, avec 33 abstentions. Il doit d\u00e9sormais recevoir l\u2019aval formel des \u00c9tats membres de l\u2019UE avant sa publication au Journal officiel.<\/p>\n<p>*Traduit de l&rsquo;anglais par Ben Amed Azize Zougmore<\/p>\n<p>                            &#13;<br \/>\n                                <a href=\"https:\/\/www.aa.com.tr\/fr\/p\/abonnement\/1001\" target=\"_blank\" style=\"font-size:12px; color:#444; text-decoration:none;\" rel=\"noopener\">&#13;<br \/>\n                                    Seulement une partie des d\u00e9p\u00eaches, que l&rsquo;Agence Anadolu diffuse \u00e0 ses abonn\u00e9s via le Syst\u00e8me de Diffusion interne (HAS), est diffus\u00e9e sur le site de l&rsquo;AA, de mani\u00e8re r\u00e9sum\u00e9e. <b style=\"color:#1897F7\">Contactez-nous s&rsquo;il vous pla\u00eet pour vous abonner.<\/b>&#13;<br \/>\n                                <\/a>&#13;<\/p>\n","protected":false},"excerpt":{"rendered":"AA \/ Bruxelles \/ Melike Pala Le Parlement europ\u00e9en a approuv\u00e9 mardi le tout premier programme europ\u00e9en pour&hellip;\n","protected":false},"author":2,"featured_media":558045,"comment_status":"","ping_status":"","sticky":false,"template":"","format":"standard","meta":{"footnotes":""},"categories":[1586],"tags":[11,1785,1777,674,1779,1011,27,12,1905,25,48209,1778,364],"class_list":{"0":"post-558044","1":"post","2":"type-post","3":"status-publish","4":"format-standard","5":"has-post-thumbnail","7":"category-europe","8":"tag-actualites","9":"tag-anadolu-ajansi","10":"tag-eu","11":"tag-europe","12":"tag-european-union","13":"tag-fr","14":"tag-france","15":"tag-news","16":"tag-parlement-europen","17":"tag-republique-francaise","18":"tag-safe","19":"tag-ue","20":"tag-union-europeenne"},"share_on_mastodon":{"url":"https:\/\/pubeurope.com\/@fr\/115611398708959659","error":""},"_links":{"self":[{"href":"https:\/\/www.europesays.com\/fr\/wp-json\/wp\/v2\/posts\/558044","targetHints":{"allow":["GET"]}}],"collection":[{"href":"https:\/\/www.europesays.com\/fr\/wp-json\/wp\/v2\/posts"}],"about":[{"href":"https:\/\/www.europesays.com\/fr\/wp-json\/wp\/v2\/types\/post"}],"author":[{"embeddable":true,"href":"https:\/\/www.europesays.com\/fr\/wp-json\/wp\/v2\/users\/2"}],"replies":[{"embeddable":true,"href":"https:\/\/www.europesays.com\/fr\/wp-json\/wp\/v2\/comments?post=558044"}],"version-history":[{"count":0,"href":"https:\/\/www.europesays.com\/fr\/wp-json\/wp\/v2\/posts\/558044\/revisions"}],"wp:featuredmedia":[{"embeddable":true,"href":"https:\/\/www.europesays.com\/fr\/wp-json\/wp\/v2\/media\/558045"}],"wp:attachment":[{"href":"https:\/\/www.europesays.com\/fr\/wp-json\/wp\/v2\/media?parent=558044"}],"wp:term":[{"taxonomy":"category","embeddable":true,"href":"https:\/\/www.europesays.com\/fr\/wp-json\/wp\/v2\/categories?post=558044"},{"taxonomy":"post_tag","embeddable":true,"href":"https:\/\/www.europesays.com\/fr\/wp-json\/wp\/v2\/tags?post=558044"}],"curies":[{"name":"wp","href":"https:\/\/api.w.org\/{rel}","templated":true}]}}