{"id":558048,"date":"2025-11-25T16:59:16","date_gmt":"2025-11-25T16:59:16","guid":{"rendered":"https:\/\/www.europesays.com\/fr\/558048\/"},"modified":"2025-11-25T16:59:16","modified_gmt":"2025-11-25T16:59:16","slug":"pourquoi-la-ligue-a-lance-une-deuxieme-procedure-contre-le-stade-toulousain-dans-laffaire-jaminet","status":"publish","type":"post","link":"https:\/\/www.europesays.com\/fr\/558048\/","title":{"rendered":"pourquoi la Ligue a lanc\u00e9 une deuxi\u00e8me proc\u00e9dure contre le Stade Toulousain dans l\u2019affaire Jaminet"},"content":{"rendered":"<p>\n    <strong>INFOS LE FIGARO &#8211; <\/strong>Le club champion de France estime \u00eatre jug\u00e9 sur les m\u00eames faits. Mais, s\u2019il y a bien un lien avec le dossier Jaminet, cette proc\u00e9dure concerne un autre volet qui en d\u00e9coule\u00a0: une suppos\u00e9e falsification des comptes.<\/p>\n<p class=\"fig-paragraph\">Le communiqu\u00e9, que Le Figaro s\u2019\u00e9tait procur\u00e9 en avant-premi\u00e8re, a \u00e9t\u00e9 envoy\u00e9 ce mardi en d\u00e9but d\u2019apr\u00e8s-midi.<a href=\"http:\/\/www.lefigaro.fr\/sports\/rugby\/top-14\/affaire-jaminet-toulouse-entend-cooperer-pleinement-et-activement-a-la-manifestation-de-la-verite-dans-l-enquete-pour-abus-de-confiance-20251125\" data-fig-type=\"NewsFlash\" data-gtm-custom-categorie=\"navigation\" data-gtm-custom-action=\"crossclick\" data-gtm-custom-label=\"Contextuel\" data-gtm-event=\"customEventSPE\" data-fig-domain=\"LEFIGARO\" target=\"_blank\" rel=\"noopener\">\u00a0Le Stade Toulousain s\u2019insurge<\/a>\u00a0contre la d\u00e9cision de la Ligue Nationale de Rugby de convoquer le club haut-garonnais, le 8 d\u00e9cembre, devant<a href=\"http:\/\/www.lefigaro.fr\/sports\/rugby\/top-14\/affaire-jaminet-apres-la-grosse-amende-le-stade-toulousain-sanctionne-d-un-retrait-de-points-20251124\" data-fig-type=\"NewsFlash\" data-gtm-custom-categorie=\"navigation\" data-gtm-custom-action=\"crossclick\" data-gtm-custom-label=\"Contextuel\" data-gtm-event=\"customEventSPE\" data-fig-domain=\"LEFIGARO\" target=\"_blank\" rel=\"noopener\">\u00a0la commission \u00abr\u00e9gulation\u00bb du conseil de discipline du rugby fran\u00e7ais<\/a>\u00a0(commune \u00e0 la LNR et la FFR).<\/p>\n<p class=\"fig-paragraph\">\u00abL\u2019annonce d\u2019une nouvelle proc\u00e9dure men\u00e9e par la LNR portant sur les m\u00eames faits soul\u00e8ve une question fondamentale de confiance des clubs dans les m\u00e9canismes de r\u00e9solution des litiges du rugby fran\u00e7ais\u00bb, estime le club triple champion de France en titre. Rappelant qu\u2019il s\u2019est acquitt\u00e9, en mars dernier, d\u2019une amende de 1,3 million d\u2019euros \u00e0 la LNR au terme d\u2019une m\u00e9diation concernant les conditions troubles entourant le transfert de Melvyn Jaminet, pass\u00e9 de Perpignan \u00e0 Toulouse en 2022. Une somme cens\u00e9e \u00e9teindre la proc\u00e9dure au terme de laquelle le Stade Toulousain risquait jusqu\u2019\u00e0 3 M\u20ac d\u2019amende.<\/p>\n<p>L\u2019Autorit\u00e9 de r\u00e9gulation a profit\u00e9 de la premi\u00e8re enqu\u00eate pour en instruire une seconde, concernant les comptes du club<\/p>\n<p class=\"fig-paragraph\">\u00abLa coexistence d\u2019instances et de r\u00e8glements multiples\u2026<\/p>\n<p class=\"fig-premium-paywall__infos\">\n        Cet article est r\u00e9serv\u00e9 aux abonn\u00e9s.        Il vous reste 71% \u00e0 d\u00e9couvrir.\n    <\/p>\n<p>                <img  data- alt=\"Le Figaro\" class=\"fig-img--complete fig-img\"\/><\/p>\n<p class=\"fig-premium-paywall__title\">Black Friday<\/p>\n<p class=\"fig-premium-paywall__subtitle\">-70% sur l&rsquo;abonnement num\u00e9rique<\/p>\n<p class=\"fig-premium-paywall__connect\">\n                D\u00e9j\u00e0 abonn\u00e9\u00a0?                <a class=\"fig-premium-paywall__connect-link\" href=\"https:\/\/connect.lefigaro.fr\/login?client=horizon_web&amp;type=main&amp;redirect_uri=https%3A%2F%2Fwww.lefigaro.fr%2Fsports%2Frugby%2Ftop-14%2Ftop-14-pourquoi-la-ligue-a-lance-une-deuxieme-procedure-contre-le-stade-toulousain-dans-l-affaire-jaminet-20251125\" data-js-gtm=\"{&quot;customCategorie&quot;: &quot;conversion&quot;, &quot;customAction&quot;: &quot;before_Landing_Connexion_paywall_auto&quot;, &quot;customLabel&quot;: &quot;bGVmaWdhcm8uZnJfXzFmMGNhMGExLTY4NWItNmY5Yy1iN2EwLTg1MzIxYzMzNmJiNl9fTmV3c0ZsYXNo_Top 14\u00a0: pourquoi la Ligue a lanc\u00e9 une deuxi\u00e8me proc\u00e9dure contre le Stade Toulousain dans l\u2019affaire Jaminet_52&quot;, &quot;customIDSPE&quot;: &quot;bGVmaWdhcm8uZnJfXzFmMGNhMGExLTY4NWItNmY5Yy1iN2EwLTg1MzIxYzMzNmJiNl9fTmV3c0ZsYXNo&quot;, &quot;event&quot;: &quot;customEventSPE&quot;}\" target=\"_blank\" rel=\"noopener\"><br \/>\n                    Connectez-vous<br \/>\n                <\/a>\n            <\/p>\n","protected":false},"excerpt":{"rendered":"INFOS LE FIGARO &#8211; Le club champion de France estime \u00eatre jug\u00e9 sur les m\u00eames faits. Mais, s\u2019il&hellip;\n","protected":false},"author":2,"featured_media":558049,"comment_status":"","ping_status":"","sticky":false,"template":"","format":"standard","meta":{"footnotes":""},"categories":[2],"tags":[11,1011,27,34769,12,25,476],"class_list":{"0":"post-558048","1":"post","2":"type-post","3":"status-publish","4":"format-standard","5":"has-post-thumbnail","7":"category-actualites","8":"tag-actualites","9":"tag-fr","10":"tag-france","11":"tag-ligue-nationale-de-rugby","12":"tag-news","13":"tag-republique-francaise","14":"tag-stade-toulousain"},"share_on_mastodon":{"url":"https:\/\/pubeurope.com\/@fr\/115611406543873063","error":""},"_links":{"self":[{"href":"https:\/\/www.europesays.com\/fr\/wp-json\/wp\/v2\/posts\/558048","targetHints":{"allow":["GET"]}}],"collection":[{"href":"https:\/\/www.europesays.com\/fr\/wp-json\/wp\/v2\/posts"}],"about":[{"href":"https:\/\/www.europesays.com\/fr\/wp-json\/wp\/v2\/types\/post"}],"author":[{"embeddable":true,"href":"https:\/\/www.europesays.com\/fr\/wp-json\/wp\/v2\/users\/2"}],"replies":[{"embeddable":true,"href":"https:\/\/www.europesays.com\/fr\/wp-json\/wp\/v2\/comments?post=558048"}],"version-history":[{"count":0,"href":"https:\/\/www.europesays.com\/fr\/wp-json\/wp\/v2\/posts\/558048\/revisions"}],"wp:featuredmedia":[{"embeddable":true,"href":"https:\/\/www.europesays.com\/fr\/wp-json\/wp\/v2\/media\/558049"}],"wp:attachment":[{"href":"https:\/\/www.europesays.com\/fr\/wp-json\/wp\/v2\/media?parent=558048"}],"wp:term":[{"taxonomy":"category","embeddable":true,"href":"https:\/\/www.europesays.com\/fr\/wp-json\/wp\/v2\/categories?post=558048"},{"taxonomy":"post_tag","embeddable":true,"href":"https:\/\/www.europesays.com\/fr\/wp-json\/wp\/v2\/tags?post=558048"}],"curies":[{"name":"wp","href":"https:\/\/api.w.org\/{rel}","templated":true}]}}