{"id":55806,"date":"2025-04-27T02:32:08","date_gmt":"2025-04-27T02:32:08","guid":{"rendered":"https:\/\/www.europesays.com\/fr\/55806\/"},"modified":"2025-04-27T02:32:08","modified_gmt":"2025-04-27T02:32:08","slug":"meilleur-drame-pire-comedie-lactrice-hors-norme-la-piece-rasoir-le-figaro-decerne-ses-molieres","status":"publish","type":"post","link":"https:\/\/www.europesays.com\/fr\/55806\/","title":{"rendered":"\u00abMeilleur drame\u00bb, \u00abpire com\u00e9die\u00bb, \u00abl\u2019actrice hors norme\u00bb, \u00abla pi\u00e8ce rasoir\u00bb\u2026 Le Figaro d\u00e9cerne ses Moli\u00e8res"},"content":{"rendered":"<p>En pr\u00e9lude \u00e0 la 36e\u00a0Nuit des Moli\u00e8res qui aura lieu le 28\u00a0avril aux Folies Berg\u00e8re et sera retransmise sur France\u00a02, nos critiques livrent leurs coups de griffes et leurs coups de c\u0153ur.<\/p>\n<p class=\"fig-paragraph\">Soulier de satin ou Charbon dans les veines\u00a0? Le hit 2025 de la\u00a0<a href=\"http:\/\/www.lefigaro.fr\/theatre\/la-mouette-a-la-comedie-francaise-une-libre-adaptation-qui-bat-de-l-aile-20250416\" data-fig-type=\"Article\" data-gtm-custom-categorie=\"navigation\" data-gtm-custom-action=\"crossclick\" data-gtm-custom-label=\"Contextuel\" data-gtm-event=\"customEventSPE\" data-fig-domain=\"LEFIGARO\" target=\"_blank\" rel=\"noopener\">Com\u00e9die-Fran\u00e7aise<\/a>\u00a0ou la pi\u00e8ce du th\u00e9\u00e2tre public qui fait salle comble auront-ils le m\u00eame bonheur\u00a0? R\u00e9ponse lundi 28\u00a0avril \u00e0 l\u2019occasion de la<a href=\"http:\/\/www.lefigaro.fr\/theatre\/les-surprises-qui-se-preparent-pour-la-36e-nuit-des-molieres-le-28-avril-aux-folies-bergere-20250326\" data-fig-type=\"Article\" data-gtm-custom-categorie=\"navigation\" data-gtm-custom-action=\"crossclick\" data-gtm-custom-label=\"Contextuel\" data-gtm-event=\"customEventSPE\" data-fig-domain=\"LEFIGARO\" target=\"_blank\" rel=\"noopener\">\u00a0c\u00e9r\u00e9monie des Moli\u00e8res<\/a>. France\u00a02, qui diffuse la soir\u00e9e, \u00ab\u00a0en l\u00e9ger diff\u00e9r\u00e9\u00a0\u00bb, esp\u00e8re attirer le public en proposant \u00ab\u00a0le meilleur du spectacle vivant\u00a0\u00bb. 19\u00a0cat\u00e9gories seront distingu\u00e9es.\u00a0<a href=\"http:\/\/www.lefigaro.fr\/culture\/j-ai-dit-oui-sans-hesiter-caroline-vigneaux-de-nouveau-presentatrice-des-molieres-20250326\" data-fig-type=\"Article\" data-gtm-custom-categorie=\"navigation\" data-gtm-custom-action=\"crossclick\" data-gtm-custom-label=\"Contextuel\" data-gtm-event=\"customEventSPE\" data-fig-domain=\"LEFIGARO\" target=\"_blank\" rel=\"noopener\">Caroline Vigneaux\u00a0<\/a>jouera la Madame Loyale pour la deuxi\u00e8me ann\u00e9e cons\u00e9cutive. L\u2019ex-avocate devenue humoriste se r\u00e9jouit, mais, compte tenu des audiences en berne habituelles, elle devra redoubler d\u2019efforts pour rendre cette soir\u00e9e de pr\u00e8s de deux heures vingt festive.<\/p>\n<p class=\"fig-paragraph\"><strong>Moli\u00e8re du meilleur drame<\/strong>\u00a0:\u00a0<a href=\"http:\/\/www.lefigaro.fr\/theatre\/theatre-lacrima-ou-les-enfers-d-un-paradis-20240707\" data-fig-type=\"Article\" data-gtm-custom-categorie=\"navigation\" data-gtm-custom-action=\"crossclick\" data-gtm-custom-label=\"Contextuel\" data-gtm-event=\"customEventSPE\" data-fig-domain=\"LEFIGARO\" target=\"_blank\" rel=\"noopener\">Lacrima, de Caroline Guiela Nguyen<\/a>.<\/p>\n<p class=\"fig-paragraph\">Brodeuse, Marion a un malaise apr\u00e8s avoir aval\u00e9 des m\u00e9dicaments\u00a0: \u00ab\u00a0J\u2019ai fait de mon mieux, vous pourrez lui dire\u2026\u00a0\u00bb, souffle-t-elle au m\u00e9decin. \u00ab\u00a0\u00c0 qui\u00a0?\u00a0\u00bb, interroge celui-ci. \u00ab\u00a0\u00c0 ma fille. Je vais vous raconter une histoire. Quand nous\u2026<\/p>\n<p class=\"fig-premium-paywall__infos\">\n        Cet article est r\u00e9serv\u00e9 aux abonn\u00e9s.        Il vous reste 90% \u00e0 d\u00e9couvrir.\n    <\/p>\n<p>                <img  data- alt=\"Le Figaro\" class=\"fig-img--complete fig-img\"\/><\/p>\n<p class=\"fig-premium-paywall__title\">Vous avez envie de lire la suite ?<\/p>\n<p class=\"fig-premium-paywall__subtitle\">D\u00e9bloquez tous les articles imm\u00e9diatement.<\/p>\n<p class=\"fig-premium-paywall__connect\">\n                D\u00e9j\u00e0 abonn\u00e9\u00a0?                <a class=\"fig-premium-paywall__connect-link\" href=\"https:\/\/connect.lefigaro.fr\/login?client=horizon_web&amp;type=main&amp;redirect_uri=https%3A%2F%2Fwww.lefigaro.fr%2Ftheatre%2Fmeilleur-drame-pire-comedie-l-actrice-hors-norme-la-piece-rasoir-le-figaro-decerne-ses-molieres-20250426\" data-js-gtm=\"{&quot;customCategorie&quot;: &quot;conversion&quot;, &quot;customAction&quot;: &quot;before_Landing_Connexion_paywall_auto&quot;, &quot;customLabel&quot;: &quot;bGVmaWdhcm8uZnJfXzFmMDFmODAzLWU0MmItNjY2NC05NzUzLTMxNjk1NDhlZmE3NV9fQXJ0aWNsZQ==_\u00abMeilleur drame\u00bb, \u00abpire com\u00e9die\u00bb, \u00abl\u2019actrice hors norme\u00bb, \u00abla pi\u00e8ce rasoir\u00bb\u2026 &lt;i&gt;Le Figaro &lt;\/i&gt;d\u00e9cerne ses Moli\u00e8res_256&quot;, &quot;customIDSPE&quot;: &quot;bGVmaWdhcm8uZnJfXzFmMDFmODAzLWU0MmItNjY2NC05NzUzLTMxNjk1NDhlZmE3NV9fQXJ0aWNsZQ==&quot;, &quot;event&quot;: &quot;customEventSPE&quot;}\" target=\"_blank\" rel=\"noopener\"><br \/>\n                    Connectez-vous<br \/>\n                <\/a>\n            <\/p>\n","protected":false},"excerpt":{"rendered":"En pr\u00e9lude \u00e0 la 36e\u00a0Nuit des Moli\u00e8res qui aura lieu le 28\u00a0avril aux Folies Berg\u00e8re et sera retransmise&hellip;\n","protected":false},"author":2,"featured_media":55807,"comment_status":"","ping_status":"","sticky":false,"template":"","format":"standard","meta":{"footnotes":""},"categories":[1359],"tags":[15078,58,59,1011,27,973,15080,15079,1347],"class_list":{"0":"post-55806","1":"post","2":"type-post","3":"status-publish","4":"format-standard","5":"has-post-thumbnail","7":"category-people","8":"tag-ceremonie-des-molieres","9":"tag-divertissement","10":"tag-entertainment","11":"tag-fr","12":"tag-france","13":"tag-people","14":"tag-pieces","15":"tag-pieces-de-theatre","16":"tag-theatre"},"share_on_mastodon":{"url":"https:\/\/pubeurope.com\/@fr\/114407587420572144","error":""},"_links":{"self":[{"href":"https:\/\/www.europesays.com\/fr\/wp-json\/wp\/v2\/posts\/55806","targetHints":{"allow":["GET"]}}],"collection":[{"href":"https:\/\/www.europesays.com\/fr\/wp-json\/wp\/v2\/posts"}],"about":[{"href":"https:\/\/www.europesays.com\/fr\/wp-json\/wp\/v2\/types\/post"}],"author":[{"embeddable":true,"href":"https:\/\/www.europesays.com\/fr\/wp-json\/wp\/v2\/users\/2"}],"replies":[{"embeddable":true,"href":"https:\/\/www.europesays.com\/fr\/wp-json\/wp\/v2\/comments?post=55806"}],"version-history":[{"count":0,"href":"https:\/\/www.europesays.com\/fr\/wp-json\/wp\/v2\/posts\/55806\/revisions"}],"wp:featuredmedia":[{"embeddable":true,"href":"https:\/\/www.europesays.com\/fr\/wp-json\/wp\/v2\/media\/55807"}],"wp:attachment":[{"href":"https:\/\/www.europesays.com\/fr\/wp-json\/wp\/v2\/media?parent=55806"}],"wp:term":[{"taxonomy":"category","embeddable":true,"href":"https:\/\/www.europesays.com\/fr\/wp-json\/wp\/v2\/categories?post=55806"},{"taxonomy":"post_tag","embeddable":true,"href":"https:\/\/www.europesays.com\/fr\/wp-json\/wp\/v2\/tags?post=55806"}],"curies":[{"name":"wp","href":"https:\/\/api.w.org\/{rel}","templated":true}]}}