{"id":558062,"date":"2025-11-25T17:11:18","date_gmt":"2025-11-25T17:11:18","guid":{"rendered":"https:\/\/www.europesays.com\/fr\/558062\/"},"modified":"2025-11-25T17:11:18","modified_gmt":"2025-11-25T17:11:18","slug":"vincent-lagaf-lemission-quil-aurait-reve-presenter","status":"publish","type":"post","link":"https:\/\/www.europesays.com\/fr\/558062\/","title":{"rendered":"Vincent Lagaf, l&rsquo;\u00e9mission qu&rsquo;il aurait r\u00eav\u00e9 pr\u00e9senter"},"content":{"rendered":"<p>            <a href=\"https:\/\/www.journaldesfemmes.fr\/people\/magazine\/3248366-actu-people-france-news-emilien-les-12-coups-de-midi-eric-antoine\/3248492-isabelle-ithurburu\" class=\"app_button_nav_prev jMiddlePreviousButton\" target=\"_blank\" rel=\"noopener\"><\/a><a href=\"https:\/\/www.journaldesfemmes.fr\/people\/magazine\/3248366-actu-people-france-news-emilien-les-12-coups-de-midi-eric-antoine\/3248494-john-f-kennedy\" class=\"app_button_nav_next jMiddleNextButton\" target=\"_blank\" rel=\"noopener\"><\/a><\/p>\n<p>                <img loading=\"lazy\" decoding=\"async\" src=\"https:\/\/www.europesays.com\/fr\/wp-content\/uploads\/2025\/11\/40055840.jpeg\" alt=\"\" width=\"250\" height=\"458\"\/><br \/>\n            <a href=\"https:\/\/img-3.journaldesfemmes.fr\/8wdN0Z3CopYC6sKBItSn8Mspm5E=\/647x\/smart\/3ed8e8d3a3dc4b1493430a43cff99f4c\/ccmcms-jdf\/40055840.jpeg\" class=\"fancy app_btn_1 app_btn--ico\" target=\"_blank\" rel=\"noopener\"><\/a>Vincent Lagaf \u00a9\u00a0ROMUALD MEIGNEUX\/SIPA    <\/p>\n<p><strong>Place r\u00eav\u00e9e.<\/strong>\u00a0\u00c9panoui \u00e0 la t\u00eate de la nouvelle version du Bigdil,\u00a0Vincent Lagaf a cependant toujours vou\u00e9 une v\u00e9ritable passion \u00e0 Koh-Lanta\u00a0 et aurait aim\u00e9 pr\u00e9senter l&rsquo;\u00e9mission si Denis Brogniart ne le faisait d\u00e9j\u00e0 pas avec talent.\u00a0\u00ab\u00a0Je l&rsquo;ai toujours menac\u00e9 (Denis Brogniart) (&#8230;) Je lui ai toujours dit &lsquo;un jour je te piquerai ta place&rsquo;, &lsquo;je vais faire en sorte que tu te casses une jambe pour qu&rsquo;on m&rsquo;appelle au dernier moment en me disant Denis nous a l\u00e2ch\u00e9, est-ce que tu peux \u00eatre l\u00e0\u00a0?\u00a0\u00bb, a lanc\u00e9, avec humour, l&rsquo;animateur de 66 ans dans les Enfants de la t\u00e9l\u00e9.<\/p>\n","protected":false},"excerpt":{"rendered":"Vincent Lagaf \u00a9\u00a0ROMUALD MEIGNEUX\/SIPA Place r\u00eav\u00e9e.\u00a0\u00c9panoui \u00e0 la t\u00eate de la nouvelle version du Bigdil,\u00a0Vincent Lagaf a cependant&hellip;\n","protected":false},"author":2,"featured_media":558063,"comment_status":"","ping_status":"","sticky":false,"template":"","format":"standard","meta":{"footnotes":""},"categories":[1359],"tags":[67532,51761,58,59,52292,1011,27,51766,1031,973],"class_list":{"0":"post-558062","1":"post","2":"type-post","3":"status-publish","4":"format-standard","5":"has-post-thumbnail","7":"category-people","8":"tag-cms-journaldesfemmes-3248478","9":"tag-controller-content","10":"tag-divertissement","11":"tag-entertainment","12":"tag-format-reportage","13":"tag-fr","14":"tag-france","15":"tag-les-histoires-du-jdf","16":"tag-magazine","17":"tag-people"},"share_on_mastodon":{"url":"https:\/\/pubeurope.com\/@fr\/115611454354306557","error":""},"_links":{"self":[{"href":"https:\/\/www.europesays.com\/fr\/wp-json\/wp\/v2\/posts\/558062","targetHints":{"allow":["GET"]}}],"collection":[{"href":"https:\/\/www.europesays.com\/fr\/wp-json\/wp\/v2\/posts"}],"about":[{"href":"https:\/\/www.europesays.com\/fr\/wp-json\/wp\/v2\/types\/post"}],"author":[{"embeddable":true,"href":"https:\/\/www.europesays.com\/fr\/wp-json\/wp\/v2\/users\/2"}],"replies":[{"embeddable":true,"href":"https:\/\/www.europesays.com\/fr\/wp-json\/wp\/v2\/comments?post=558062"}],"version-history":[{"count":0,"href":"https:\/\/www.europesays.com\/fr\/wp-json\/wp\/v2\/posts\/558062\/revisions"}],"wp:featuredmedia":[{"embeddable":true,"href":"https:\/\/www.europesays.com\/fr\/wp-json\/wp\/v2\/media\/558063"}],"wp:attachment":[{"href":"https:\/\/www.europesays.com\/fr\/wp-json\/wp\/v2\/media?parent=558062"}],"wp:term":[{"taxonomy":"category","embeddable":true,"href":"https:\/\/www.europesays.com\/fr\/wp-json\/wp\/v2\/categories?post=558062"},{"taxonomy":"post_tag","embeddable":true,"href":"https:\/\/www.europesays.com\/fr\/wp-json\/wp\/v2\/tags?post=558062"}],"curies":[{"name":"wp","href":"https:\/\/api.w.org\/{rel}","templated":true}]}}