{"id":558064,"date":"2025-11-25T17:12:12","date_gmt":"2025-11-25T17:12:12","guid":{"rendered":"https:\/\/www.europesays.com\/fr\/558064\/"},"modified":"2025-11-25T17:12:12","modified_gmt":"2025-11-25T17:12:12","slug":"je-navais-jamais-tenu-de-disqueuse-et-je-ne-savais-pas-souder-julien-bernard-lemploye-municipal-qui-embellit-les-jardins-de-ses-sculptures-en-metal","status":"publish","type":"post","link":"https:\/\/www.europesays.com\/fr\/558064\/","title":{"rendered":"\u00ab\u00a0Je n\u2019avais jamais tenu de disqueuse et je ne savais pas souder\u00a0\u00bb\u00a0: Julien Bernard, l\u2019employ\u00e9 municipal qui embellit les jardins de ses sculptures en m\u00e9tal"},"content":{"rendered":"<p>\n                                                                    l&rsquo;essentiel<br \/>\n                                                                Depuis plusieurs jours, le parc Rochegude d\u2019Albi accueille les sculptures de Julien Bernard, chef d\u2019atelier aux espaces verts de la ville. Une commande de la mairie dans le cadre de son travail. Et devant les retours enthousiastes, ce dernier veut d\u00e9velopper une microentreprise.\n                            <\/p>\n<p data-path-to-node=\"2\">Fin et majestueux, le h\u00e9ron se dresse dans le bassin du parc Rochegude. Depuis une dizaine de jours, pas un visiteur qui ne s\u2019arr\u00eate pour contempler la sculpture en m\u00e9tal. \u00c0 c\u00f4t\u00e9, on d\u00e9couvre des n\u00e9nuphars, des roseaux et des lotus. Tous en m\u00e9tal, dont ressort une grande \u00e9l\u00e9gance.<\/p>\n<p data-path-to-node=\"3\">Ces d\u00e9cors ont \u00e9t\u00e9 install\u00e9s par la Ville dans le cadre de la Quinzaine du Japon. Ils ont \u00e9t\u00e9 r\u00e9alis\u00e9s par Julien Bernard, 44 ans, qui est chef d\u2019atelier au p\u00f4le motoculture des espaces verts. Par le pass\u00e9, il avait d\u00e9j\u00e0 confectionn\u00e9\u00a0des objets\u00a0pour les parcs et jardins\u00a0: le nounours de l\u2019aire de jeu de Rochegude, les bacs de fleurs pour les Cordeliers, le support de glycine \u00e0 la Madeleine\u2026 Quand il a \u00e9t\u00e9 question\u00a0d\u2019am\u00e9nager le bassin, c\u2019est donc tout naturellement que sa direction a fait appel \u00e0 lui.<\/p>\n<p class=\"std-elt__inline\">\n        <strong>\u00c0 lire aussi :<\/strong><br \/>\n        <a href=\"https:\/\/www.ladepeche.fr\/2022\/07\/13\/une-cinquantaine-despeces-daraignees-recensees-au-coeur-du-parc-rochegude-a-albi-10433884.php\" target=\"_blank\" rel=\"noopener\">Une cinquantaine d\u2019esp\u00e8ces d\u2019araign\u00e9es recens\u00e9es au coeur du parc Rochegude \u00e0 Albi<\/a>\n    <\/p>\n<p data-path-to-node=\"5\">Car Julien Bernard a une fibre artistique assez forte. D\u00e9j\u00e0 jeune, quand il achetait des meubles, il leur donnait une nouvelle forme. \u00ab\u00a0J\u2019ai toujours \u00e9t\u00e9 bricoleur et ce c\u00f4t\u00e9 artistique me vient de ma m\u00e8re qui travaillait le bois\u00a0\u00bb, avoue-t-il.<\/p>\n<p data-path-to-node=\"5\">\u00c0 19 ans, il rentre \u00e0 la mairie. \u00ab\u00a0Je n\u2019avais jamais tenu de disqueuse et je ne savais pas souder\u00a0\u00bb, raconte-t-il. Il apprend et \u00ab\u00a0par curiosit\u00e9 et go\u00fbt\u00a0\u00bb, va plus loin. \u00ab\u00a0Je me suis \u00e9quip\u00e9 chez moi et j\u2019ai r\u00e9alis\u00e9 du mobilier en m\u00e9tal et en bois. Pour chez nous, puis pour la famille ou pour des anniversaires.\u00a0\u00bb Il a ainsi r\u00e9alis\u00e9 une t\u00eate d\u2019\u00e9l\u00e9phant en origami. S\u2019il a commenc\u00e9 par le bois, le m\u00e9tal est devenu son mat\u00e9riau pr\u00e9f\u00e9r\u00e9 \u00e0 travailler.<\/p>\n<p>Un travail assez technique<\/p>\n<p data-path-to-node=\"6\">Aujourd\u2019hui, devant les retours unanimement bons, il r\u00e9fl\u00e9chit de plus en plus\u00a0\u00e0 cr\u00e9er une microentreprise, en plus de son travail. Pour exposer et \u00ab\u00a0arrondir ses fins de mois\u00a0\u00bb en vendant des objets.<\/p>\n<p data-path-to-node=\"7\">En attendant, le parc Rochegude est devenu \u00ab\u00a0son show-room\u00a0\u00bb comme il aime \u00e0 dire. Les d\u00e9cors ne seront pas enlev\u00e9s \u00e0 la fin de la Quinzaine. Ils resteront dans le bassin. Ils permettront notamment de servir d\u2019abri aux poissons que la mairie veut installer\u00a0dans le bassin dans le cadre de sa lutte naturelle contre les moustiques. Le bassin, qui n\u2019a qu\u2019une profondeur de 10 \u00e0 15\u00a0cm, ne peut pas accueillir de v\u00e9g\u00e9taux naturels. D\u2019o\u00f9 l\u2019id\u00e9e du d\u00e9cor.<\/p>\n<p class=\"std-elt__inline\">\n        <strong>\u00c0 lire aussi :<\/strong><br \/>\n        <a href=\"https:\/\/www.ladepeche.fr\/2025\/09\/22\/albi-rentre-dans-un-cercle-tres-ferme-en-obtenant-la-fleur-dor-12946052.php\" target=\"_blank\" rel=\"noopener\">Albi rentre dans un cercle tr\u00e8s ferm\u00e9 en obtenant la fleur d\u2019or<\/a>\n    <\/p>\n<p data-path-to-node=\"8\">Celui-ci\u00a0a \u00e9t\u00e9 fabriqu\u00e9 en inox, un mat\u00e9riau qui ne rouille pas et qu\u2019il\u00a0n\u2019avait jamais travaill\u00e9. \u00ab\u00a0Il y a un beau rendu poli-miroir, cela refl\u00e8te dedans\u00a0\u00bb, commente-t-il. Le travail a \u00e9t\u00e9 assez technique, surtout pour le h\u00e9ron. Son corps est constitu\u00e9 de deux t\u00f4les soud\u00e9es, qui ont \u00e9t\u00e9 gonfl\u00e9es sous la pression de l\u2019eau envoy\u00e9e par un nettoyeur haute pression bricol\u00e9 par ses soins. \u00ab\u00a0Comme \u00e7a, il n\u2019y a aucune trace d\u2019impact.\u00a0\u00bb Il n\u2019en est que plus fin et majestueux.<\/p>\n","protected":false},"excerpt":{"rendered":"l&rsquo;essentiel Depuis plusieurs jours, le parc Rochegude d\u2019Albi accueille les sculptures de Julien Bernard, chef d\u2019atelier aux espaces&hellip;\n","protected":false},"author":2,"featured_media":558065,"comment_status":"","ping_status":"","sticky":false,"template":"","format":"standard","meta":{"footnotes":""},"categories":[1358],"tags":[1348,1384,1385,1386,58,59,1011,27],"class_list":{"0":"post-558064","1":"post","2":"type-post","3":"status-publish","4":"format-standard","5":"has-post-thumbnail","7":"category-arts-et-design","8":"tag-arts","9":"tag-arts-and-design","10":"tag-arts-et-design","11":"tag-design","12":"tag-divertissement","13":"tag-entertainment","14":"tag-fr","15":"tag-france"},"share_on_mastodon":{"url":"https:\/\/pubeurope.com\/@fr\/115611457485391710","error":""},"_links":{"self":[{"href":"https:\/\/www.europesays.com\/fr\/wp-json\/wp\/v2\/posts\/558064","targetHints":{"allow":["GET"]}}],"collection":[{"href":"https:\/\/www.europesays.com\/fr\/wp-json\/wp\/v2\/posts"}],"about":[{"href":"https:\/\/www.europesays.com\/fr\/wp-json\/wp\/v2\/types\/post"}],"author":[{"embeddable":true,"href":"https:\/\/www.europesays.com\/fr\/wp-json\/wp\/v2\/users\/2"}],"replies":[{"embeddable":true,"href":"https:\/\/www.europesays.com\/fr\/wp-json\/wp\/v2\/comments?post=558064"}],"version-history":[{"count":0,"href":"https:\/\/www.europesays.com\/fr\/wp-json\/wp\/v2\/posts\/558064\/revisions"}],"wp:featuredmedia":[{"embeddable":true,"href":"https:\/\/www.europesays.com\/fr\/wp-json\/wp\/v2\/media\/558065"}],"wp:attachment":[{"href":"https:\/\/www.europesays.com\/fr\/wp-json\/wp\/v2\/media?parent=558064"}],"wp:term":[{"taxonomy":"category","embeddable":true,"href":"https:\/\/www.europesays.com\/fr\/wp-json\/wp\/v2\/categories?post=558064"},{"taxonomy":"post_tag","embeddable":true,"href":"https:\/\/www.europesays.com\/fr\/wp-json\/wp\/v2\/tags?post=558064"}],"curies":[{"name":"wp","href":"https:\/\/api.w.org\/{rel}","templated":true}]}}