{"id":558068,"date":"2025-11-25T17:15:17","date_gmt":"2025-11-25T17:15:17","guid":{"rendered":"https:\/\/www.europesays.com\/fr\/558068\/"},"modified":"2025-11-25T17:15:17","modified_gmt":"2025-11-25T17:15:17","slug":"les-raisons-de-son-installation-en-bourgogne","status":"publish","type":"post","link":"https:\/\/www.europesays.com\/fr\/558068\/","title":{"rendered":"les raisons de son installation en Bourgogne"},"content":{"rendered":"<p><strong>Liens du sang.<\/strong> <a href=\"https:\/\/www.journaldesfemmes.fr\/people\/florent-pagny\/\" title=\"Florent Pagny\" target=\"_blank\" rel=\"noopener\">Florent Pagny<\/a> a achet\u00e9 la Ferme du Foss\u00e9, une \u00ab\u00a0maison forte class\u00e9e monument historique datant du d\u00e9but du 11e si\u00e8cle\u00a0\u00bb, en Bourgogne, la r\u00e9gion o\u00f9 il est n\u00e9 notamment pour se rapprocher de ses parents. \u00ab\u00a0Ils vont avoir 90\u00a0ans, ils sont l\u00e0 tous les deux mais leur mobilit\u00e9 n&rsquo;est plus la m\u00eame. C&rsquo;est mieux de se rapprocher. Pass\u00e9 les 60\u00a0ans, je ressentais au fond de moi une envie presque animale de revenir \u00e0 mes origines. Je ne l\u00e2cherai pas l&rsquo;Argentine, ni Paris, mais si on peut s&rsquo;amuser \u00e0 avoir lieu qui nous ram\u00e8ne vers notre endroit de naissance, c&rsquo;est chouette\u00a0\u00bb, a confi\u00e9 le chanteur de 64\u00a0ans \u00e0 Ici Bourgogne.<\/p>\n","protected":false},"excerpt":{"rendered":"Liens du sang. Florent Pagny a achet\u00e9 la Ferme du Foss\u00e9, une \u00ab\u00a0maison forte class\u00e9e monument historique datant&hellip;\n","protected":false},"author":2,"featured_media":558069,"comment_status":"","ping_status":"","sticky":false,"template":"","format":"standard","meta":{"footnotes":""},"categories":[1355],"tags":[67533,51761,58,59,3109,52292,1011,27,51766,1031,1361,873],"class_list":{"0":"post-558068","1":"post","2":"type-post","3":"status-publish","4":"format-standard","5":"has-post-thumbnail","7":"category-musique","8":"tag-cms-journaldesfemmes-3248600","9":"tag-controller-content","10":"tag-divertissement","11":"tag-entertainment","12":"tag-florent-pagny","13":"tag-format-reportage","14":"tag-fr","15":"tag-france","16":"tag-les-histoires-du-jdf","17":"tag-magazine","18":"tag-music","19":"tag-musique"},"share_on_mastodon":{"url":"https:\/\/pubeurope.com\/@fr\/115611469299945357","error":""},"_links":{"self":[{"href":"https:\/\/www.europesays.com\/fr\/wp-json\/wp\/v2\/posts\/558068","targetHints":{"allow":["GET"]}}],"collection":[{"href":"https:\/\/www.europesays.com\/fr\/wp-json\/wp\/v2\/posts"}],"about":[{"href":"https:\/\/www.europesays.com\/fr\/wp-json\/wp\/v2\/types\/post"}],"author":[{"embeddable":true,"href":"https:\/\/www.europesays.com\/fr\/wp-json\/wp\/v2\/users\/2"}],"replies":[{"embeddable":true,"href":"https:\/\/www.europesays.com\/fr\/wp-json\/wp\/v2\/comments?post=558068"}],"version-history":[{"count":0,"href":"https:\/\/www.europesays.com\/fr\/wp-json\/wp\/v2\/posts\/558068\/revisions"}],"wp:featuredmedia":[{"embeddable":true,"href":"https:\/\/www.europesays.com\/fr\/wp-json\/wp\/v2\/media\/558069"}],"wp:attachment":[{"href":"https:\/\/www.europesays.com\/fr\/wp-json\/wp\/v2\/media?parent=558068"}],"wp:term":[{"taxonomy":"category","embeddable":true,"href":"https:\/\/www.europesays.com\/fr\/wp-json\/wp\/v2\/categories?post=558068"},{"taxonomy":"post_tag","embeddable":true,"href":"https:\/\/www.europesays.com\/fr\/wp-json\/wp\/v2\/tags?post=558068"}],"curies":[{"name":"wp","href":"https:\/\/api.w.org\/{rel}","templated":true}]}}