{"id":558080,"date":"2025-11-25T17:22:11","date_gmt":"2025-11-25T17:22:11","guid":{"rendered":"https:\/\/www.europesays.com\/fr\/558080\/"},"modified":"2025-11-25T17:22:11","modified_gmt":"2025-11-25T17:22:11","slug":"letat-va-demander-ce-mercredi-a-la-justice-de-suspendre-shein-en-france-pendant-trois-mois","status":"publish","type":"post","link":"https:\/\/www.europesays.com\/fr\/558080\/","title":{"rendered":"L\u2019\u00c9tat va demander ce mercredi \u00e0 la justice de suspendre Shein en France pendant trois mois"},"content":{"rendered":"<p>\n    En cas de suspension, le gouvernement souhaite que l\u2019Arcom, r\u00e9gulateur du num\u00e9rique, soit l\u2019autorit\u00e9 charg\u00e9e de v\u00e9rifier les mesures prises par Shein afin d\u2019\u00e9viter \u00abla r\u00e9p\u00e9tition\u00bb des manquements.<\/p>\n<p class=\"fig-paragraph\">Nouveau rebondissement dans l\u2019affaire Shein. Le\u00a0<a href=\"http:\/\/www.lefigaro.fr\/conso\/succes-populaire-ou-flop-commercial-l-arrivee-de-shein-au-bhv-a-t-elle-repondu-aux-attentes-20251116\" data-fig-type=\"Article\" data-gtm-custom-categorie=\"navigation\" data-gtm-custom-action=\"crossclick\" data-gtm-custom-label=\"Contextuel\" data-gtm-event=\"customEventSPE\" data-fig-domain=\"LEFIGARO\" target=\"_blank\" rel=\"noopener\">g\u00e9ant chinois du e-commerce<\/a>\u00a0sera mercredi matin devant le tribunal judiciaire de Paris, o\u00f9 l&rsquo;\u00c9tat demandera sa suspension pour trois mois minimum et une r\u00e9ouverture sous conditions, a expliqu\u00e9 le minist\u00e8re de l&rsquo;\u00c9conomie mardi. La d\u00e9cision sera rendue dans quelques jours, car il s&rsquo;agit d&rsquo;une proc\u00e9dure acc\u00e9l\u00e9r\u00e9e.<\/p>\n<p class=\"fig-paragraph\">Apr\u00e8s la d\u00e9couverte de la vente de poup\u00e9es sexuelles d&rsquo;apparence enfantine et d&rsquo;armes de cat\u00e9gorie A sur le site de Shein, l&rsquo;\u00c9tat a assign\u00e9 le groupe asiatique pour demander la suspension de son site en France et assortir sa r\u00e9ouverture \u00e0 \u00abun certain nombre de conditions\u00bb, explique Bercy. En cas de suspension, le gouvernement a demand\u00e9 que l&rsquo;Arcom, r\u00e9gulateur du num\u00e9rique, soit l&rsquo;autorit\u00e9 charg\u00e9e de v\u00e9rifier les mesures prises par Shein afin d&rsquo;\u00e9viter \u00abla r\u00e9p\u00e9tition\u00bb des manquements.<\/p>\n<p>                                    <a class=\"fig-a11y-skip a11y-hidden\" href=\"#fig-a11y-skip-main-inarticle\"><br \/>\n        Passer la publicit\u00e9<br \/>\n    <\/a><\/p>\n<p class=\"fig-paragraph\">La proc\u00e9dure de mercredi n\u2019est \u00abpas une fin en soi\u00bb, selon le gouvernement, en \u00abordre de marche\u00bb contre \u00abla r\u00e9currence syst\u00e9mique des d\u00e9rives\u00bb de Shein et d\u2019autres plateformes. Le gouvernement avait d\u00e9j\u00e0 essay\u00e9 de suspendre Shein avec une proc\u00e9dure administrative, en donnant le 5 novembre 48 heures \u00e0 Shein pour retirer les produits incrimin\u00e9s. Shein a r\u00e9agi en suspendant toutes les ventes r\u00e9alis\u00e9es sur son site fran\u00e7ais par des vendeurs tiers, sa place de march\u00e9 (ou \u00abmarketplace\u00bb), ainsi que celles hors habillement. Une premi\u00e8re \u00abvictoire\u00bb selon Bercy, qui se f\u00e9licite aussi de la suppression pr\u00e9vue d\u00e9but 2026 au niveau europ\u00e9en de l\u2019exon\u00e9ration de droits de douane sur les colis import\u00e9s en Europe d\u2019une valeur inf\u00e9rieure \u00e0 150 euros.<\/p>\n<p class=\"fig-body-link\">\n            \u00c0 lire aussi<br \/>\n        <a class=\"fig-body-link__link fig-premium-mark\" href=\"http:\/\/www.lefigaro.fr\/conso\/wish-temu-ebay-joom-apres-shein-ces-autres-plateformes-dans-le-viseur-du-gouvernement-pour-vente-de-produits-illegaux-20251115\" data-fig-type=\"NewsFlash\" data-gtm-custom-categorie=\"navigation\" data-gtm-custom-action=\"crossclick\" data-gtm-custom-label=\"Contextuel\" data-gtm-event=\"customEventSPE\" data-fig-domain=\"LEFIGARO\" target=\"_blank\" rel=\"noopener\"><\/p>\n<p>        Wish, Temu, eBay, Joom&#8230; Apr\u00e8s Shein, ces autres plateformes dans le viseur du gouvernement pour vente de produits ill\u00e9gaux<br \/>\n    <\/a>\n<\/p>\n<p class=\"fig-paragraph\">Au-del\u00e0 de la suspension, la vente de contenu p\u00e9dopornographique peut \u00eatre punie de sept ans d&#8217;emprisonnement et 100.000 euros d&rsquo;amende. L&rsquo;absence de filtrage pour les mineurs, comme la vente d&rsquo;armes, est, elle, passible de trois ans de prison et 75.000 euros d&rsquo;amende. Sur le plan judiciaire, outre la proc\u00e9dure de mercredi, une enqu\u00eate confi\u00e9e \u00e0 l&rsquo;Office des mineurs a \u00e9galement \u00e9t\u00e9 ouverte d\u00e9but novembre par le parquet de Paris, conjointement \u00e0 d&rsquo;autres proc\u00e9dures ouvertes contre AliExpress, Temu et Wish. Le parquet a annonc\u00e9 mardi \u00e0 l&rsquo;AFP avoir ouvert une cinqui\u00e8me enqu\u00eate concernant eBay. Par ailleurs, une coalition de f\u00e9d\u00e9rations du commerce fran\u00e7ais\u00a0<a href=\"http:\/\/www.lefigaro.fr\/societes\/c-est-la-premiere-fois-qu-une-telle-action-est-lancee-les-commercants-francais-ouvrent-un-nouveau-front-judiciaire-contre-shein-20251119\" data-fig-type=\"NewsFlash\" data-gtm-custom-categorie=\"navigation\" data-gtm-custom-action=\"crossclick\" data-gtm-custom-label=\"Contextuel\" data-gtm-event=\"customEventSPE\" data-fig-domain=\"LEFIGARO\" target=\"_blank\" rel=\"noopener\">a attaqu\u00e9 Shein en justice<\/a>\u00a0pour \u00abconcurrence d\u00e9loyale\u00bb.<\/p>\n","protected":false},"excerpt":{"rendered":"En cas de suspension, le gouvernement souhaite que l\u2019Arcom, r\u00e9gulateur du num\u00e9rique, soit l\u2019autorit\u00e9 charg\u00e9e de v\u00e9rifier les&hellip;\n","protected":false},"author":2,"featured_media":558081,"comment_status":"","ping_status":"","sticky":false,"template":"","format":"standard","meta":{"footnotes":""},"categories":[6],"tags":[631,627,630,340,398,35,343,634,405,629,636,33,34,632,638,1011,27,637,399,639,635,401,628,633,407],"class_list":{"0":"post-558080","1":"post","2":"type-post","3":"status-publish","4":"format-standard","5":"has-post-thumbnail","7":"category-economie","8":"tag-action","9":"tag-actions-francaise","10":"tag-actualite-bourse","11":"tag-bourse","12":"tag-bourse-de-paris","13":"tag-business","14":"tag-cac-40","15":"tag-cotation","16":"tag-cotations","17":"tag-cours-des-societes-francaises","18":"tag-devises","19":"tag-economie","20":"tag-economy","21":"tag-fcp","22":"tag-figaro","23":"tag-fr","24":"tag-france","25":"tag-indices","26":"tag-investissement","27":"tag-le-figaro","28":"tag-marches","29":"tag-sicav","30":"tag-societes-etrangeres","31":"tag-warrant","32":"tag-warrants"},"share_on_mastodon":{"url":"https:\/\/pubeurope.com\/@fr\/115611496896025693","error":""},"_links":{"self":[{"href":"https:\/\/www.europesays.com\/fr\/wp-json\/wp\/v2\/posts\/558080","targetHints":{"allow":["GET"]}}],"collection":[{"href":"https:\/\/www.europesays.com\/fr\/wp-json\/wp\/v2\/posts"}],"about":[{"href":"https:\/\/www.europesays.com\/fr\/wp-json\/wp\/v2\/types\/post"}],"author":[{"embeddable":true,"href":"https:\/\/www.europesays.com\/fr\/wp-json\/wp\/v2\/users\/2"}],"replies":[{"embeddable":true,"href":"https:\/\/www.europesays.com\/fr\/wp-json\/wp\/v2\/comments?post=558080"}],"version-history":[{"count":0,"href":"https:\/\/www.europesays.com\/fr\/wp-json\/wp\/v2\/posts\/558080\/revisions"}],"wp:featuredmedia":[{"embeddable":true,"href":"https:\/\/www.europesays.com\/fr\/wp-json\/wp\/v2\/media\/558081"}],"wp:attachment":[{"href":"https:\/\/www.europesays.com\/fr\/wp-json\/wp\/v2\/media?parent=558080"}],"wp:term":[{"taxonomy":"category","embeddable":true,"href":"https:\/\/www.europesays.com\/fr\/wp-json\/wp\/v2\/categories?post=558080"},{"taxonomy":"post_tag","embeddable":true,"href":"https:\/\/www.europesays.com\/fr\/wp-json\/wp\/v2\/tags?post=558080"}],"curies":[{"name":"wp","href":"https:\/\/api.w.org\/{rel}","templated":true}]}}