{"id":558084,"date":"2025-11-25T17:24:18","date_gmt":"2025-11-25T17:24:18","guid":{"rendered":"https:\/\/www.europesays.com\/fr\/558084\/"},"modified":"2025-11-25T17:24:18","modified_gmt":"2025-11-25T17:24:18","slug":"jean-luc-melenchon-soutient-lenseignant-de-lyon-2","status":"publish","type":"post","link":"https:\/\/www.europesays.com\/fr\/558084\/","title":{"rendered":"Jean-Luc M\u00e9lenchon soutient l\u2019enseignant de Lyon-2"},"content":{"rendered":"<p> \u00abHonte aux nouveaux censeurs \u00e0 l\u2019universit\u00e9\u00a0\u00bb. Le leader de <a href=\"https:\/\/www.20minutes.fr\/politique\/france-insoumise\/\" class=\"c-link c-link--is-underlined\" target=\"_blank\" rel=\"noopener\">La France insoumise<\/a> Jean-Luc <a href=\"https:\/\/www.20minutes.fr\/politique\/jean-luc-melenchon\/\" class=\"c-link c-link--is-underlined\" target=\"_blank\" rel=\"noopener\">M\u00e9lenchon<\/a> a apport\u00e9 son soutien mardi \u00e0 Julien Th\u00e9ry, enseignant-chercheur de l\u2019Universit\u00e9 Lyon-2. Le professeur est sous le feu des critiques pour avoir publi\u00e9 <a href=\"https:\/\/www.20minutes.fr\/societe\/4187474-20251124-lyon-liste-personnalites-genocidaires-boycotter-publiee-professeur-cree-polemique\" class=\"c-link c-link--is-underlined\" target=\"_blank\" rel=\"noopener\">sur un r\u00e9seau social d\u2019un message qualifiant de \u00ab\u00a0g\u00e9nocidaires \u00e0 boycotter\u00a0\u00bb<\/a> vingt personnalit\u00e9s dont une majorit\u00e9 de confession juive.<\/p>\n<blockquote class=\"twitter-tweet\" align=\"center\" data-lang=\"fr_FR\">\n<p lang=\"fr\" dir=\"ltr\">Apr\u00e8s les interdictions de conf\u00e9rence sur ordre de tracts d&rsquo;extr\u00eame droite, l&rsquo;annulation du colloque au Coll\u00e8ge de France, c\u2019est l\u2019historien Julien Th\u00e9ry qui subit un ciblage de la Licra sous des pr\u00e9textes fallacieux destin\u00e9s \u00e0 montrer la toute puissance des accusateurs. On veut\u2026<\/p>\n<p>\u2014 Jean-Luc M\u00e9lenchon (@JLMelenchon) <a href=\"https:\/\/twitter.com\/JLMelenchon\/status\/1993292179783942493?ref_src=twsrc%5Etfw\" target=\"_blank\" rel=\"noopener\">November 25, 2025<\/a><\/p><\/blockquote>\n<p class=\"mb-xxl@xs color-ultramarine font-weight-semi-bold@xs font-source-serif-pro heading-s@xs\">L\u2019acc\u00e8s \u00e0 ce contenu a \u00e9t\u00e9 bloqu\u00e9 afin de respecter votre choix de consentement<\/p>\n<p class=\"mb-m@xs text-l@xs\">En cliquant sur\u00ab J\u2019accepte \u00bb, vous acceptez le d\u00e9p\u00f4t de cookies par des services externes et aurez ainsi acc\u00e8s aux contenus de nos partenaires.<\/p>\n<p class=\"mb-xl@xs text-s@xs\">Plus d\u2019informations sur la page<a href=\"https:\/\/www.20minutes.fr\/gestion-cookies\" class=\"mx-xxs@xs color-ultramarine\" target=\"_blank\" rel=\"noopener\">Politique de gestion des cookies<\/a><\/p>\n<p>J\u2019accepte<\/p>\n<p>Le fondateur de LFI prend la d\u00e9fense de ce professeur, Julien Th\u00e9ry, en affirmant qu\u2019il \u00ab\u00a0subit un ciblage de la <a href=\"https:\/\/www.20minutes.fr\/dossier\/licra\" class=\"c-link c-link--is-underlined\" target=\"_blank\" rel=\"noopener\">Licra <\/a>sous des pr\u00e9textes fallacieux destin\u00e9s \u00e0 montrer la toute-puissance des accusateurs\u00a0\u00bb. \u00ab\u00a0Honte aux nouveaux censeurs \u00e0 l\u2019universit\u00e9. Solidarit\u00e9 avec cet enseignant \u00e9clairant\u00a0\u00bb, \u00e9crit-il, assurant que la pol\u00e9mique a surtout pour but de \u00ab\u00a0faire taire\u00a0\u00bb.<\/p>\n<\/p>\n<p>\u00ab\u00a0Provocation \u00e0 la discrimination\u00a0\u00bb<\/p>\n<p>Dans le message du professeur mis au jour par la Ligue contre le racisme et l\u2019antis\u00e9mitisme (Licra), post\u00e9 le 20\u00a0septembre sur Facebook, la mention \u00ab\u00a020 g\u00e9nocidaires \u00e0 boycotter en toutes circonstances\u00a0\u00bb pr\u00e9c\u00e9dait 20 noms, dont ceux du pr\u00e9sentateur de t\u00e9l\u00e9vision <a href=\"https:\/\/www.20minutes.fr\/dossier\/arthur\" class=\"c-link c-link--is-underlined\" target=\"_blank\" rel=\"noopener\">Arthur<\/a> ou des acteurs <a href=\"https:\/\/www.20minutes.fr\/dossier\/charlotte_gainsbourg\" class=\"c-link c-link--is-underlined\" target=\"_blank\" rel=\"noopener\">Charlotte Gainsbourg<\/a> et Philippe Torreton, assortis de leurs photos.<\/p>\n<p>L\u2019association avait alors accus\u00e9 vendredi ce sp\u00e9cialiste d\u2019histoire m\u00e9di\u00e9vale de \u00ab\u00a0faire des listes, comme on en faisait sous l\u2019Occupation\u00a0\u00bb. \u00ab\u00a0L\u2019appel au boycott des personnes physiques, c\u2019est de la provocation \u00e0 la discrimination et \u00e0 la violence\u00a0\u00bb, avait-elle ajout\u00e9.<\/p>\n<p>L\u2019enseignant affirme de son c\u00f4t\u00e9 n\u2019avoir \u00ab\u00a0\u00e9videmment jamais \u00ab\u00a0dress\u00e9 de liste de juifs\u00a0\u00bb\u00a0\u00bb et assur\u00e9 que sa publication \u00ab\u00a0commentait\u00a0\u00bb la tribune du Figaro. En effet, la veille, <a href=\"https:\/\/www.20minutes.fr\/monde\/4174202-20250919-reconnaissance-palestine-instances-personnalites-juives-somment-macron-poser-conditions\" class=\"c-link c-link--is-underlined\" target=\"_blank\" rel=\"noopener\">ces vingt personnalit\u00e9s<\/a> avaient publi\u00e9 une lettre ouverte \u00e0 <a href=\"https:\/\/www.20minutes.fr\/politique\/emmanuel-macron\/\" class=\"c-link c-link--is-underlined\" target=\"_blank\" rel=\"noopener\">Emmanuel Macron<\/a>, qui s\u2019appr\u00eatait \u00e0 reconna\u00eetre au nom de la France l\u2019Etat palestinien, pour lui demander d\u2019exiger d\u2019abord la lib\u00e9ration de tous les otages retenus \u00e0 <a href=\"https:\/\/www.20minutes.fr\/monde\/gaza\/\" class=\"c-link c-link--is-underlined\" target=\"_blank\" rel=\"noopener\">Gaza<\/a> et le d\u00e9mant\u00e8lement du <a href=\"https:\/\/www.20minutes.fr\/monde\/hamas\/\" class=\"c-link c-link--is-underlined\" target=\"_blank\" rel=\"noopener\">Hamas<\/a>.<\/p>\n<p>Julien Th\u00e9ry a accus\u00e9 la Licra d\u2019avoir repris \u00ab\u00a0une petite partie\u00a0\u00bb de son texte pour lancer \u00ab\u00a0une campagne de harc\u00e8lement\u00a0\u00bb en repr\u00e9sailles d\u2019un article qu\u2019il a r\u00e9cemment publi\u00e9. Dans celui-ci, l\u2019enseignant affirme notamment que \u00ab\u00a0rien ne permet d\u2019\u00e9tayer\u00a0\u00bb l\u2019existence d\u2019un \u00ab\u00a0antis\u00e9mitisme de gauche\u00a0\u00bb. Il a aussi d\u00e9nonc\u00e9 une \u00ab\u00a0offensive contre la libert\u00e9 de la recherche et de l\u2019expression des chercheurs concernant la situation en Palestine\u00a0\u00bb et une volont\u00e9 de \u00ab\u00a0nuire\u00a0\u00bb \u00e0 son universit\u00e9, Lyon-2.<\/p>\n<p>Le message d\u00e9nonc\u00e9 par la Licra avait suscit\u00e9 de vives condamnations politiques, le chef des d\u00e9put\u00e9s LR <a href=\"https:\/\/www.20minutes.fr\/dossier\/laurent_wauquiez\" class=\"c-link c-link--is-underlined\" target=\"_blank\" rel=\"noopener\">Laurent Wauquiez<\/a> d\u00e9non\u00e7ant par exemple \u00ab\u00a0l\u2019antis\u00e9mitisme ordinaire d\u2019extr\u00eame gauche dans nos universit\u00e9s\u00a0\u00bb. En mai, il avait annonc\u00e9 en tant que conseiller sp\u00e9cial aupr\u00e8s du pr\u00e9sident de la R\u00e9gion <a href=\"https:\/\/www.20minutes.fr\/lyon\/auvergne-rhone-alpes\/\" class=\"c-link c-link--is-underlined\" target=\"_blank\" rel=\"noopener\">Auvergne-Rh\u00f4ne-Alpes<\/a> la suspension d\u2019aides r\u00e9gionales \u00e0 Lyon-2, apr\u00e8s l\u2019interruption d\u2019un cours de Fabrice Balanche, sp\u00e9cialiste de l\u2019Irak et de la Syrie, par des militants qui l\u2019avaient tax\u00e9 de \u00ab\u00a0sioniste\u00a0\u00bb.<\/p>\n<p><script async src=\"https:\/\/platform.twitter.com\/widgets.js\" charset=\"utf-8\"><\/script><\/p>\n","protected":false},"excerpt":{"rendered":"\u00abHonte aux nouveaux censeurs \u00e0 l\u2019universit\u00e9\u00a0\u00bb. Le leader de La France insoumise Jean-Luc M\u00e9lenchon a apport\u00e9 son soutien&hellip;\n","protected":false},"author":2,"featured_media":558085,"comment_status":"","ping_status":"","sticky":false,"template":"","format":"standard","meta":{"footnotes":""},"categories":[4],"tags":[47,11,6155,2430,1073,1011,27,3081,19553,2428,12,3518,316,25,2429,2431,5768],"class_list":{"0":"post-558084","1":"post","2":"type-post","3":"status-publish","4":"format-standard","5":"has-post-thumbnail","7":"category-france","8":"tag-actualite","9":"tag-actualites","10":"tag-antisemitisme","11":"tag-auvergne-rhone-alpes","12":"tag-emmanuel-macron","13":"tag-fr","14":"tag-france","15":"tag-jean-luc-melenchon","16":"tag-licra","17":"tag-lyon","18":"tag-news","19":"tag-palestine","20":"tag-politique","21":"tag-republique-francaise","22":"tag-rhone","23":"tag-rhone-alpes","24":"tag-universite"},"share_on_mastodon":{"url":"https:\/\/pubeurope.com\/@fr\/115611504804116027","error":""},"_links":{"self":[{"href":"https:\/\/www.europesays.com\/fr\/wp-json\/wp\/v2\/posts\/558084","targetHints":{"allow":["GET"]}}],"collection":[{"href":"https:\/\/www.europesays.com\/fr\/wp-json\/wp\/v2\/posts"}],"about":[{"href":"https:\/\/www.europesays.com\/fr\/wp-json\/wp\/v2\/types\/post"}],"author":[{"embeddable":true,"href":"https:\/\/www.europesays.com\/fr\/wp-json\/wp\/v2\/users\/2"}],"replies":[{"embeddable":true,"href":"https:\/\/www.europesays.com\/fr\/wp-json\/wp\/v2\/comments?post=558084"}],"version-history":[{"count":0,"href":"https:\/\/www.europesays.com\/fr\/wp-json\/wp\/v2\/posts\/558084\/revisions"}],"wp:featuredmedia":[{"embeddable":true,"href":"https:\/\/www.europesays.com\/fr\/wp-json\/wp\/v2\/media\/558085"}],"wp:attachment":[{"href":"https:\/\/www.europesays.com\/fr\/wp-json\/wp\/v2\/media?parent=558084"}],"wp:term":[{"taxonomy":"category","embeddable":true,"href":"https:\/\/www.europesays.com\/fr\/wp-json\/wp\/v2\/categories?post=558084"},{"taxonomy":"post_tag","embeddable":true,"href":"https:\/\/www.europesays.com\/fr\/wp-json\/wp\/v2\/tags?post=558084"}],"curies":[{"name":"wp","href":"https:\/\/api.w.org\/{rel}","templated":true}]}}