{"id":558087,"date":"2025-11-25T17:26:12","date_gmt":"2025-11-25T17:26:12","guid":{"rendered":"https:\/\/www.europesays.com\/fr\/558087\/"},"modified":"2025-11-25T17:26:12","modified_gmt":"2025-11-25T17:26:12","slug":"chambles-une-association-a-projete-des-films-sur-les-souvenirs-denfance-de-plusieurs-habitants","status":"publish","type":"post","link":"https:\/\/www.europesays.com\/fr\/558087\/","title":{"rendered":"Chambles. Une association a projet\u00e9 des films sur les souvenirs d\u2019enfance de plusieurs habitants"},"content":{"rendered":"<p>Dans la salle de la MDA, plus de 75 personnes \u00e9taient pr\u00e9sentes lors du repas-conf\u00e9rence organis\u00e9 par Chambl\u2019envi. Samedi 22\u00a0novembre, en soir\u00e9e, le public s\u2019est \u00e9merveill\u00e9 et a partag\u00e9 un regard sur une projection de deux films r\u00e9alis\u00e9s par l\u2019association. Un voyage \u00e0 la rencontre d\u2019aventures humaines, des enfants de Chambles o\u00f9 Lisette, Paul et Annie, Michel et Marie-Antoinette \u00e9voquaient leur enfance, leur vie comme agriculteurs sur la commune. Avec les commentaires de Michel Autin sur une reprise d\u2019un film en super 8 des ann\u00e9es 1950, tourn\u00e9 par le cur\u00e9 Thomas du village.<\/p>\n","protected":false},"excerpt":{"rendered":"Dans la salle de la MDA, plus de 75 personnes \u00e9taient pr\u00e9sentes lors du repas-conf\u00e9rence organis\u00e9 par Chambl\u2019envi.&hellip;\n","protected":false},"author":2,"featured_media":558088,"comment_status":"","ping_status":"","sticky":false,"template":"","format":"standard","meta":{"footnotes":""},"categories":[9653],"tags":[1111,11,2430,20130,6211,1687,7359,1777,674,1011,27,12,5486,25,4001,20131],"class_list":{"0":"post-558087","1":"post","2":"type-post","3":"status-publish","4":"format-standard","5":"has-post-thumbnail","7":"category-saint-etienne","8":"tag-actu","9":"tag-actualites","10":"tag-auvergne-rhone-alpes","11":"tag-chambles","12":"tag-conference","13":"tag-culture-loisirs","14":"tag-edition-loire-centre","15":"tag-eu","16":"tag-europe","17":"tag-fr","18":"tag-france","19":"tag-news","20":"tag-rencontre","21":"tag-republique-francaise","22":"tag-saint-etienne","23":"tag-saint-just-saint-rambert-bassin"},"share_on_mastodon":{"url":"https:\/\/pubeurope.com\/@fr\/115611512716639591","error":""},"_links":{"self":[{"href":"https:\/\/www.europesays.com\/fr\/wp-json\/wp\/v2\/posts\/558087","targetHints":{"allow":["GET"]}}],"collection":[{"href":"https:\/\/www.europesays.com\/fr\/wp-json\/wp\/v2\/posts"}],"about":[{"href":"https:\/\/www.europesays.com\/fr\/wp-json\/wp\/v2\/types\/post"}],"author":[{"embeddable":true,"href":"https:\/\/www.europesays.com\/fr\/wp-json\/wp\/v2\/users\/2"}],"replies":[{"embeddable":true,"href":"https:\/\/www.europesays.com\/fr\/wp-json\/wp\/v2\/comments?post=558087"}],"version-history":[{"count":0,"href":"https:\/\/www.europesays.com\/fr\/wp-json\/wp\/v2\/posts\/558087\/revisions"}],"wp:featuredmedia":[{"embeddable":true,"href":"https:\/\/www.europesays.com\/fr\/wp-json\/wp\/v2\/media\/558088"}],"wp:attachment":[{"href":"https:\/\/www.europesays.com\/fr\/wp-json\/wp\/v2\/media?parent=558087"}],"wp:term":[{"taxonomy":"category","embeddable":true,"href":"https:\/\/www.europesays.com\/fr\/wp-json\/wp\/v2\/categories?post=558087"},{"taxonomy":"post_tag","embeddable":true,"href":"https:\/\/www.europesays.com\/fr\/wp-json\/wp\/v2\/tags?post=558087"}],"curies":[{"name":"wp","href":"https:\/\/api.w.org\/{rel}","templated":true}]}}