{"id":558108,"date":"2025-11-25T17:38:26","date_gmt":"2025-11-25T17:38:26","guid":{"rendered":"https:\/\/www.europesays.com\/fr\/558108\/"},"modified":"2025-11-25T17:38:26","modified_gmt":"2025-11-25T17:38:26","slug":"la-france-recevra-litalie-a-grenoble-en-ouverture","status":"publish","type":"post","link":"https:\/\/www.europesays.com\/fr\/558108\/","title":{"rendered":"la France recevra l&rsquo;Italie \u00e0 Grenoble en ouverture"},"content":{"rendered":"<p>Le sport f\u00e9minin sera mis \u00e0 l\u2019honneur au Stade des Alpes en 2026 avec deux rencontres internationales de grandes ampleurs pour les \u00e9quipes de rugby et de football. En ce qui concerne l\u2019\u00e9quipe de France de rugby, les rugbywomen, derni\u00e8res demi-finalistes de la Coupe du monde qui s\u2019est d\u00e9roul\u00e9e en Angleterre, vont ouvrir le Tournoi des VI Nations avec un premier match international dans l\u2019enceinte du Stade des Alpes le 11\u00a0avril 2026 (13h25). Pour cette 25e \u00e9dition du Tournoi chez les f\u00e9minines, l\u2019\u00e9quipe de France, qui recevra donc l\u2019Italie \u00e0 Grenoble, va aussi jouer face \u00e0 l\u2019Irlande et l\u2019Angleterre.<\/p>\n<p>Les Bleues affronteront les Irlandaises en France le 25\u00a0avril et les Anglaises \u00e0 Bordeaux le 17\u00a0mai, en cl\u00f4ture du Tournoi des VI Nations. Le Stade des Alpes, qui a d\u00e9j\u00e0 accueilli \u00e0 plusieurs reprises des matchs de l\u2019\u00e9quipe de France f\u00e9minine de rugby dont un <a href=\"https:\/\/www.ledauphine.com\/sport\/2023\/04\/21\/france-pays-galles-a-grenoble-vers-un-nouveau-record-d-affluence\" target=\"_blank\" rel=\"nofollow noopener\">France &#8211; Pays de Galles en 2023 dans le cadre du Tournoi des VI Nations,<\/a> est devenu un rendez-vous r\u00e9gulier pour le rugby international f\u00e9minin.<\/p>\n","protected":false},"excerpt":{"rendered":"Le sport f\u00e9minin sera mis \u00e0 l\u2019honneur au Stade des Alpes en 2026 avec deux rencontres internationales de&hellip;\n","protected":false},"author":2,"featured_media":558109,"comment_status":"","ping_status":"","sticky":false,"template":"","format":"standard","meta":{"footnotes":""},"categories":[9566],"tags":[1111,11,2430,112,34063,1777,674,107,1701,63,1011,27,2731,2732,108,12,25,479,517,513],"class_list":{"0":"post-558108","1":"post","2":"type-post","3":"status-publish","4":"format-standard","5":"has-post-thumbnail","7":"category-grenoble","8":"tag-actu","9":"tag-actualites","10":"tag-auvergne-rhone-alpes","11":"tag-edition-grenoble-agglomeration","12":"tag-equipe-de-france-feminine-de-football","13":"tag-eu","14":"tag-europe","15":"tag-fil-info","16":"tag-fil-info-sport","17":"tag-football","18":"tag-fr","19":"tag-france","20":"tag-grenoble","21":"tag-grenoble-bassin","22":"tag-isere","23":"tag-news","24":"tag-republique-francaise","25":"tag-rugby","26":"tag-sport","27":"tag-xv-de-france"},"share_on_mastodon":{"url":"https:\/\/pubeurope.com\/@fr\/115611559766724136","error":""},"_links":{"self":[{"href":"https:\/\/www.europesays.com\/fr\/wp-json\/wp\/v2\/posts\/558108","targetHints":{"allow":["GET"]}}],"collection":[{"href":"https:\/\/www.europesays.com\/fr\/wp-json\/wp\/v2\/posts"}],"about":[{"href":"https:\/\/www.europesays.com\/fr\/wp-json\/wp\/v2\/types\/post"}],"author":[{"embeddable":true,"href":"https:\/\/www.europesays.com\/fr\/wp-json\/wp\/v2\/users\/2"}],"replies":[{"embeddable":true,"href":"https:\/\/www.europesays.com\/fr\/wp-json\/wp\/v2\/comments?post=558108"}],"version-history":[{"count":0,"href":"https:\/\/www.europesays.com\/fr\/wp-json\/wp\/v2\/posts\/558108\/revisions"}],"wp:featuredmedia":[{"embeddable":true,"href":"https:\/\/www.europesays.com\/fr\/wp-json\/wp\/v2\/media\/558109"}],"wp:attachment":[{"href":"https:\/\/www.europesays.com\/fr\/wp-json\/wp\/v2\/media?parent=558108"}],"wp:term":[{"taxonomy":"category","embeddable":true,"href":"https:\/\/www.europesays.com\/fr\/wp-json\/wp\/v2\/categories?post=558108"},{"taxonomy":"post_tag","embeddable":true,"href":"https:\/\/www.europesays.com\/fr\/wp-json\/wp\/v2\/tags?post=558108"}],"curies":[{"name":"wp","href":"https:\/\/api.w.org\/{rel}","templated":true}]}}