{"id":55811,"date":"2025-04-27T02:35:17","date_gmt":"2025-04-27T02:35:17","guid":{"rendered":"https:\/\/www.europesays.com\/fr\/55811\/"},"modified":"2025-04-27T02:35:17","modified_gmt":"2025-04-27T02:35:17","slug":"iman-the-voice-2025-decontenancee-sa-mere-lui-fait-la-surprise-de-monter-sur-scene-en-plein-direct","status":"publish","type":"post","link":"https:\/\/www.europesays.com\/fr\/55811\/","title":{"rendered":"Iman (The Voice 2025) d\u00e9contenanc\u00e9e, sa m\u00e8re lui fait la surprise de monter sur sc\u00e8ne en plein direct"},"content":{"rendered":"<p>Ce samedi 26 avril 2025, la demi-finale de The Voice 2025 a \u00e9t\u00e9 marqu\u00e9e par les qualifications successives d&rsquo;un candidat par \u00e9quipe. Iman, de la team de Vianney, a eu l&rsquo;heureuse surprise d&rsquo;\u00eatre rejointe en plein direct par&#8230; sa m\u00e8re sur sc\u00e8ne. <\/p>\n<p>La finale de The Voice avance \u00e0 grands pas. \u00c0 une semaine tout juste du grand rendez-vous tant attendu en direct sur TF1, les 12 talents encore en lice en demi-finale \u2013 <a href=\"https:\/\/www.programme-tv.net\/news\/tv\/366653-the-voice-2025-retour-de-florent-pagny-nouveaux-coachs-epreuve-inedite-ce-que-l-on-sait-sur-la-saison-14\/\" data-api-deeplink=\"teleloisirs:\/\/news\/366653\" rel=\"nofollow noopener\" target=\"_blank\">r\u00e9partis entre les coachs Zaz, Florent Pagny, Patricia Kaas et Vianney<\/a> \u2013 livrent ce samedi 26 avril 2025 leurs meilleures prestations sur la sc\u00e8ne pour convaincre les t\u00e9l\u00e9spectateurs de leur offrir leurs votes. Car c&rsquo;est bel et bien le public qui d\u00e9termine, \u00e0 l&rsquo;issue de ce prime, les quatre candidats qui tenteront de succ\u00e9der \u00e0 Alphonse, <a href=\"https:\/\/www.programme-tv.net\/news\/tv\/353802-je-naurais-pas-supporte-alphonse-gagnant-de-the-voice-2024-explique-pourquoi-il-n-aurait-jamais-participe-a-la-star-academy\/\" data-api-deeplink=\"teleloisirs:\/\/news\/353802\" rel=\"nofollow noopener\" target=\"_blank\">grand vainqueur de la 13e saison du t\u00e9l\u00e9crochet l&rsquo;an dernier<\/a>.<\/p>\n<p>The Voice 2025 : la m\u00e8re d&rsquo;Iman rejoint sa fille en pleine chanson sur sc\u00e8ne<\/p>\n<p>Ce 13e \u00e9pisode de The Voice 2025 a \u00e9t\u00e9 marqu\u00e9 par la prestation d&rsquo;Iman, <a href=\"https:\/\/www.programme-tv.net\/news\/tv\/375663-iman-the-voice-2025-revele-avoir-ete-recalee-de-la-star-academy-l-annee-derniere\/\" data-api-deeplink=\"teleloisirs:\/\/news\/375663\" rel=\"nofollow noopener\" target=\"_blank\">de la team de Vianney<\/a>. La chanteuse de 25 ans a chant\u00e9 maman de Louane, ex-candidate de The Voice 2013 et repr\u00e9sentante de la France \u00e0 l&rsquo;Eurovision, qui l&rsquo;interpr\u00e9tera au concours europ\u00e9en de chant en hommage \u00e0 sa m\u00e8re d\u00e9c\u00e9d\u00e9e. Lors de son passage face au public, Iman a propos\u00e9 une version personnelle de cette chanson\u2026 et a \u00e9t\u00e9 surprise de voir par sa propre m\u00e8re la rejoindre sur sc\u00e8ne ! Un moment riche en \u00e9motion pour la candidate. \u00ab\u00a0\u00c7a va, un peu \u00e9mue. Je suis trop contente, c&rsquo;est une belle surprise\u00a0\u00bb, a r\u00e9agi la m\u00e8re d&rsquo;Iman apr\u00e8s avoir quitt\u00e9 la sc\u00e8ne avec sa fille pour se rapprocher des coachs.<b> \u00ab\u00a0Mais \u00e7a ne va pas de faire des trucs comme \u00e7a ?\u00a0\u00bb, <\/b>a r\u00e9pliqu\u00e9 la jeune femme d\u00e9contenanc\u00e9e, dans un \u00e9clat de rire. Une prestation qui a bluff\u00e9 Vianney, son coach. \u00ab\u00a0Tu m&rsquo;as vraiment impressionn\u00e9e. Je reconnais que je ne pensais pas que tu g\u00e9rerais aussi bien tout ce qui allait se passer. C&rsquo;est superbe ce que tu as fait ! Heureusement qu&rsquo;on a trouv\u00e9 la maman \u00e0 la fin de la presta, sinon c&rsquo;\u00e9tait un peu too much !\u00a0\u00bb, a encens\u00e9 l&rsquo;interpr\u00e8te de Beau-Papa.<\/p>\n<p>                        The Voice 2025 : que remportera concr\u00e8tement le grand vainqueur de la finale de la 14e saison ?<\/p>\n<p>Alors que s&rsquo;ach\u00e8ve <a href=\"https:\/\/www.programme-tv.net\/news\/tv\/377291-the-voice-2025-un-cinquieme-coach-surprise-et-un-invite-de-marque-pour-la-demi-finale\/\" data-api-deeplink=\"teleloisirs:\/\/news\/377291\" rel=\"nofollow noopener\" target=\"_blank\">la demi-finale de The Voice 2025 sur TF1<\/a>, les t\u00e9l\u00e9spectateurs ont rendez-vous le 3 mai 2025 pour d\u00e9couvrir qui de Zaz, Patricia Kaas, Vianney ou Florent Pagny verra la victoire de son talent, apr\u00e8s plus de trois mois d&rsquo;intense comp\u00e9tition, entre les auditions \u00e0 l&rsquo;aveugle, les battles, les groupes&#8230; \u00c0 la cl\u00e9 pour le vainqueur : une belle exposition m\u00e9diatique et surtout, une collaboration avec la maison de disques Universal. De quoi r\u00eaver de mener une carri\u00e8re musicale \u00e0 succ\u00e8s, \u00e0 l&rsquo;image d&rsquo;anciens vainqueurs embl\u00e9matiques du c\u00e9l\u00e8bre concours de chant, <a href=\"https:\/\/www.programme-tv.net\/news\/tv\/333727-je-lui-en-veux-encore-slimane-ne-pardonne-pas-a-kendji-girac-davoir-vole-son-coup-de-coeur-dans-the-voice-kids\/\" data-api-deeplink=\"teleloisirs:\/\/news\/333727\" rel=\"nofollow noopener\" target=\"_blank\">dont Slimane et Kendji Girac<\/a>, qui figurent parmi les artistes majeurs de la sc\u00e8ne francophone actuelle.<\/p>\n","protected":false},"excerpt":{"rendered":"Ce samedi 26 avril 2025, la demi-finale de The Voice 2025 a \u00e9t\u00e9 marqu\u00e9e par les qualifications successives&hellip;\n","protected":false},"author":2,"featured_media":55812,"comment_status":"","ping_status":"","sticky":false,"template":"","format":"standard","meta":{"footnotes":""},"categories":[1356],"tags":[244,58,59,1011,27,252,199,3074,5251,1364,8475,9989,6706],"class_list":{"0":"post-55811","1":"post","2":"type-post","3":"status-publish","4":"format-standard","5":"has-post-thumbnail","7":"category-television","8":"tag-commentaire","9":"tag-divertissement","10":"tag-entertainment","11":"tag-fr","12":"tag-france","13":"tag-television","14":"tag-tf1","15":"tag-the-voice","16":"tag-tu00e9lu00e9-loisirs","17":"tag-tv","18":"tag-vianney","19":"tag-wochit","20":"tag-zaz"},"share_on_mastodon":{"url":"https:\/\/pubeurope.com\/@fr\/114407597846814092","error":""},"_links":{"self":[{"href":"https:\/\/www.europesays.com\/fr\/wp-json\/wp\/v2\/posts\/55811","targetHints":{"allow":["GET"]}}],"collection":[{"href":"https:\/\/www.europesays.com\/fr\/wp-json\/wp\/v2\/posts"}],"about":[{"href":"https:\/\/www.europesays.com\/fr\/wp-json\/wp\/v2\/types\/post"}],"author":[{"embeddable":true,"href":"https:\/\/www.europesays.com\/fr\/wp-json\/wp\/v2\/users\/2"}],"replies":[{"embeddable":true,"href":"https:\/\/www.europesays.com\/fr\/wp-json\/wp\/v2\/comments?post=55811"}],"version-history":[{"count":0,"href":"https:\/\/www.europesays.com\/fr\/wp-json\/wp\/v2\/posts\/55811\/revisions"}],"wp:featuredmedia":[{"embeddable":true,"href":"https:\/\/www.europesays.com\/fr\/wp-json\/wp\/v2\/media\/55812"}],"wp:attachment":[{"href":"https:\/\/www.europesays.com\/fr\/wp-json\/wp\/v2\/media?parent=55811"}],"wp:term":[{"taxonomy":"category","embeddable":true,"href":"https:\/\/www.europesays.com\/fr\/wp-json\/wp\/v2\/categories?post=55811"},{"taxonomy":"post_tag","embeddable":true,"href":"https:\/\/www.europesays.com\/fr\/wp-json\/wp\/v2\/tags?post=55811"}],"curies":[{"name":"wp","href":"https:\/\/api.w.org\/{rel}","templated":true}]}}