{"id":558110,"date":"2025-11-25T17:39:16","date_gmt":"2025-11-25T17:39:16","guid":{"rendered":"https:\/\/www.europesays.com\/fr\/558110\/"},"modified":"2025-11-25T17:39:16","modified_gmt":"2025-11-25T17:39:16","slug":"crise-au-crous-bretagne-dans-les-coulisses-de-leviction-de-son-directeur","status":"publish","type":"post","link":"https:\/\/www.europesays.com\/fr\/558110\/","title":{"rendered":"Crise au Crous Bretagne\u00a0: dans les coulisses de l\u2019\u00e9viction de son directeur"},"content":{"rendered":"<p>Six mois apr\u00e8s, les promesses \u00ab d\u2019apaisement \u00bb ont fait long feu. Et le d\u00e9part du directeur ne semble pas avoir arrang\u00e9 la situation. \u00ab Au contraire, \u00e7a a d\u00e9stabilis\u00e9 l\u2019organisation \u00bb, t\u00e9moigne un syndicaliste qui, pourtant, portait le fer contre Yann-\u00c9ric Prouteau. Dans la foul\u00e9e de sa suspension, le chef du service patrimoine a d\u00e9missionn\u00e9. Le patron, lui, a \u00e9t\u00e9 d\u00e9mis d\u00e9finitivement cet \u00e9t\u00e9. Il aura pilot\u00e9 pendant trois ans une institution au bord de la crise de nerfs. Il faut dire que la mission qui l\u2019attendait \u00e0 son arriv\u00e9e en avril 2022 s\u2019annon\u00e7ait cors\u00e9e. Quand il d\u00e9barque du Crous de Bordeaux, le fonctionnaire, promu directeur, d\u00e9couvre un \u00e9tablissement breton d\u2019un millier d\u2019agents, englu\u00e9 dans un d\u00e9ficit chronique.<\/p>\n<p>\u00ab Malaise \u00bb<\/p>\n<p>Pour d\u00e9gager des \u00e9conomies, une vaste r\u00e9organisation est confi\u00e9e au nouveau chef du patrimoine, tout juste recrut\u00e9. Le plan : monter une \u00e9quipe capable d\u2019assurer en direct la maintenance des sites. \u00c9lectricit\u00e9, plomberie, menuiserie, chauffage\u2026 Le but est de r\u00e9aliser la plupart des chantiers en interne pour \u00e9viter de payer des sous-traitants. Pas question d\u2019augmenter les effectifs. Les postes sont r\u00e9cup\u00e9r\u00e9s dans les cit\u00e9s et les restaurants universitaires. D\u2019une dizaine de personnels, le service doit passer \u00e0 90. Le Crous doit par ailleurs acheter une flotte de v\u00e9hicules pour permettre aux \u00e9quipes de se d\u00e9placer entre les diff\u00e9rents sites. Un investissement de 700 000 \u20ac qui sera reproch\u00e9 plus tard \u00e0 la direction r\u00e9gionale par l\u2019\u00e9chelon national.<\/p>\n<p>Aux yeux des syndicats, l\u2019id\u00e9e para\u00eet bonne mais l\u2019op\u00e9ration a lieu \u00ab \u00e0 marche forc\u00e9e \u00bb, regrettent-ils. \u00ab Des agents \u00e9taient incit\u00e9s \u00e0 postuler dans ce nouveau service, sinon ils risquaient d\u2019\u00eatre r\u00e9trograd\u00e9s. \u00bb Les d\u00e9l\u00e9gu\u00e9s du personnel s\u2019en plaignent d\u00e8s les premiers mois. Et d\u00e9noncent \u00ab malaise \u00bb, \u00ab surcharge de travail \u00bb et manque de \u00ab transparence \u00bb. Le directeur tient son cap -il reconna\u00eetra \u00eatre all\u00e9 trop vite- et doit g\u00e9rer d\u2019autres p\u00e9pins.<\/p>\n<blockquote><p>L\u2019op\u00e9ration a lieu \u00ab \u00e0 marche forc\u00e9e \u00bb<\/p><\/blockquote>\n<p>Avec les \u00e9lus locaux, qui lui reprochent de remettre en cause des promesses de son pr\u00e9d\u00e9cesseur, les relations sont mal emmanch\u00e9es. Pour combler les trous, il prend des mesures impopulaires, notamment la fermeture d\u2019une r\u00e9sidence \u00e0 Saint-Brieuc et de deux RU \u00e0 Rennes. \u00c0 l\u2019\u00e9t\u00e9 2023, un bug informatique bloque le paiement des entreprises qui r\u00e9novent alors des sites rennais. Des tensions \u00e9mergent aussi entre certains cadres de son premier cercle. Mi-2024, il se retrouve sur la sellette apr\u00e8s avoir refus\u00e9 de renouveler le bail en cit\u00e9 U de trois \u00e9tudiantes, accus\u00e9es d\u2019avoir d\u00e9grad\u00e9 des locaux.<\/p>\n<p>En janvier 2025, c\u2019est la goutte d\u2019eau : <a href=\"https:\/\/www.letelegramme.fr\/finistere\/brest-29200\/a-brest-le-restaurant-universitaire-ar-men-ferme-ce-lundi-midi-en-raison-dune-fuite-de-gaz-6739289.php\" target=\"_blank\" rel=\"noopener\">dans la r\u00e9gion brestoise, trois RU doivent fermer coup sur coup, en catastrophe, \u00e0 cause d\u2019avaries en tous genres.<\/a> Les infrastructures vieillissantes du Crous sont d\u00e9cid\u00e9ment mal en point\u2026 Pour sortir de l\u2019orni\u00e8re, le directeur bataille en coulisses pour obtenir 3 millions de subventions suppl\u00e9mentaires. C\u2019en est visiblement trop pour sa hi\u00e9rarchie.<\/p>\n<p>Selon nos informations, d\u00e8s le 30 janvier 2025, avant m\u00eame le d\u00e9but de l\u2019enqu\u00eate interne, la pr\u00e9sidente du Cnous exige son d\u00e9part. Le mois de septembre est \u00e9voqu\u00e9. L\u2019int\u00e9ress\u00e9 acquiesce, \u00e9reint\u00e9 par la t\u00e2che. Interrog\u00e9 sur ce point, le Cnous confirme : \u00ab La question de son avenir a pu \u00eatre abord\u00e9e (en janvier) au vu, notamment, des difficult\u00e9s majeures dans la gestion des relations partenariales et du manque de transparence. \u00bb Pour ne rien arranger, des d\u00e9put\u00e9s prennent la plume pour demander \u00e0 Paris de soutenir le Crous breton, en reprenant les arguments de son directeur. L\u2019initiative est mal per\u00e7ue par sa tutelle. La rupture para\u00eet consomm\u00e9e.<\/p>\n<p>L\u2019enqu\u00eate interne est d\u00e9clench\u00e9e en mars 2025. Un courrier anonyme, envoy\u00e9 \u00e0 la direction nationale, a fini de mettre le feu aux poudres. La missive vise surtout les pratiques manag\u00e9riales du directeur du patrimoine. Yann-\u00c9ric Prouteau, quant \u00e0 lui, est accus\u00e9 d\u2019avoir laiss\u00e9 faire, malgr\u00e9 des alertes.<\/p>\n<p>Une enqu\u00eate b\u00e2cl\u00e9e ?<\/p>\n<p>Le rapport, boucl\u00e9 en deux mois apr\u00e8s l\u2019audition d\u2019une cinquantaine d\u2019agents, \u00ab documente des probl\u00e9matiques manag\u00e9riales globales mettant des personnels en souffrance \u00bb et une \u00ab mauvaise gestion des cr\u00e9dits av\u00e9r\u00e9e \u00bb, rel\u00e8ve la pr\u00e9sidente du Cnous dans Ouest-France (20\/05). Selon nos informations, il recommande aussi de signaler \u00e0 la justice trois s\u00e9ries de faits. Le chef du patrimoine aurait commis des outrages sexistes et n\u2019aurait pas respect\u00e9 certaines r\u00e8gles des march\u00e9s publics. Ce qu\u2019il d\u00e9ment, en accusant d\u2019autres cadres de la direction r\u00e9gionale d\u2019avoir \u00e9t\u00e9 \u00e0 la man\u0153uvre.<\/p>\n<blockquote><p>Des preuves ont \u00e9t\u00e9 apport\u00e9es d\u00e9montrant les erreurs factuelles du rapport<\/p><\/blockquote>\n<p>Quant \u00e0 Yann-\u00c9ric Prouteau, il lui est reproch\u00e9 une d\u00e9cision administrative li\u00e9e au contr\u00f4le des d\u00e9penses, dat\u00e9e de novembre 2023, qui aurait pu \u00ab entra\u00eener des situations d\u2019abus de bien social \u00bb. Des faits qui, cependant, n\u2019ont pas \u00e9t\u00e9 \u00e9tay\u00e9s par la mission d\u2019enqu\u00eate puisqu\u2019elle indique que c\u2019est au parquet \u00ab d\u2019\u00e9tablir leur mat\u00e9rialit\u00e9 \u00bb.<\/p>\n<p>Les deux fonctionnaires n\u2019ont pas souhait\u00e9 s\u2019exprimer aupr\u00e8s du Mensuel. Leur entourage nie en bloc ces accusations. Il d\u00e9nonce une enqu\u00eate \u00e0 charge, sans prise en compte des arguments en d\u00e9fense. Ni des documents qui auraient \u00e9cart\u00e9 les soup\u00e7ons sur la probit\u00e9 des deux mis en cause. \u00ab Des preuves ont \u00e9t\u00e9 apport\u00e9es d\u00e9montrant les erreurs factuelles du rapport. Mais \u00e7a n\u2019appara\u00eet nulle part. Et ils ont quand m\u00eame transmis leurs suspicions au procureur\u2026 \u00bb Contact\u00e9, ce dernier n\u2019a pas pr\u00e9cis\u00e9 les \u00e9ventuelles suites donn\u00e9es au signalement du Cnous.<\/p>\n<p><img decoding=\"async\" src=\"https:\/\/www.europesays.com\/fr\/wp-content\/uploads\/2025\/11\/6925e5f94d5c6e12c406cbe2.1.jpeg\" width=\"480\" height=\"300\" class=\"web_golden_m\" loading=\"lazy\" alt=\"Parmi les \u00ab\u00a0mauvais choix de gestion\u00a0\u00bb reproch\u00e9s au directeur\u00a0: l\u2019achat de v\u00e9hicules pour les agents. Un investissement n\u00e9cessaire pour permettre \u00e0 la nouvelle \u00e9quipe de maintenance de se d\u00e9placer sur les sites, avait justifi\u00e9 l\u2019int\u00e9ress\u00e9.\"\/>Parmi les \u00ab\u00a0mauvais choix de gestion\u00a0\u00bb reproch\u00e9s au directeur\u00a0: l\u2019achat de v\u00e9hicules pour les agents. Un investissement n\u00e9cessaire pour permettre \u00e0 la nouvelle \u00e9quipe de maintenance de se d\u00e9placer sur les sites, avait justifi\u00e9 l\u2019int\u00e9ress\u00e9. (Le T\u00e9l\u00e9gramme\/David Brunet)<\/p>\n<p>Yann-\u00c9ric Prouteau, lui, a d\u00e9pos\u00e9 un recours devant le tribunal administratif, d\u00e9but octobre. \u00ab Nous contestons les d\u00e9cisions qui mettent fin \u00e0 ses fonctions, indique son avocate, Me Dubourg. \u00c0 ce stade, nous attendons la position de l\u2019administration. Il y aura un \u00e9change d\u2019\u00e9critures et une audience. \u00bb Une source en contact r\u00e9gulier avec lui le d\u00e9crit comme tr\u00e8s atteint par cette exp\u00e9rience, qui l\u2019a plac\u00e9 aux manettes d\u2019une institution malade, au plus mauvais moment.<\/p>\n<p>Dans ce contexte inflammable, son successeur Jean-Marc Qu\u00e9m\u00e9neur prendra ses fonctions le 1er d\u00e9cembre. De nombreuses r\u00e9parations l\u2019attendent \u00e0 son arriv\u00e9e. La plus difficile : celle des \u00e9quipes.<\/p>\n","protected":false},"excerpt":{"rendered":"Six mois apr\u00e8s, les promesses \u00ab d\u2019apaisement \u00bb ont fait long feu. Et le d\u00e9part du directeur ne&hellip;\n","protected":false},"author":2,"featured_media":558111,"comment_status":"","ping_status":"","sticky":false,"template":"","format":"standard","meta":{"footnotes":""},"categories":[2821],"tags":[1111,11,829,1777,674,1011,27,848,67471,12,50972,584,25],"class_list":{"0":"post-558110","1":"post","2":"type-post","3":"status-publish","4":"format-standard","5":"has-post-thumbnail","7":"category-rennes","8":"tag-actu","9":"tag-actualites","10":"tag-bretagne","11":"tag-eu","12":"tag-europe","13":"tag-fr","14":"tag-france","15":"tag-ille-et-vilaine","16":"tag-le-mensuel-de-rennes","17":"tag-news","18":"tag-newsletter-la-rennes-quotidienne","19":"tag-rennes","20":"tag-republique-francaise"},"share_on_mastodon":{"url":"https:\/\/pubeurope.com\/@fr\/115611564508296831","error":""},"_links":{"self":[{"href":"https:\/\/www.europesays.com\/fr\/wp-json\/wp\/v2\/posts\/558110","targetHints":{"allow":["GET"]}}],"collection":[{"href":"https:\/\/www.europesays.com\/fr\/wp-json\/wp\/v2\/posts"}],"about":[{"href":"https:\/\/www.europesays.com\/fr\/wp-json\/wp\/v2\/types\/post"}],"author":[{"embeddable":true,"href":"https:\/\/www.europesays.com\/fr\/wp-json\/wp\/v2\/users\/2"}],"replies":[{"embeddable":true,"href":"https:\/\/www.europesays.com\/fr\/wp-json\/wp\/v2\/comments?post=558110"}],"version-history":[{"count":0,"href":"https:\/\/www.europesays.com\/fr\/wp-json\/wp\/v2\/posts\/558110\/revisions"}],"wp:featuredmedia":[{"embeddable":true,"href":"https:\/\/www.europesays.com\/fr\/wp-json\/wp\/v2\/media\/558111"}],"wp:attachment":[{"href":"https:\/\/www.europesays.com\/fr\/wp-json\/wp\/v2\/media?parent=558110"}],"wp:term":[{"taxonomy":"category","embeddable":true,"href":"https:\/\/www.europesays.com\/fr\/wp-json\/wp\/v2\/categories?post=558110"},{"taxonomy":"post_tag","embeddable":true,"href":"https:\/\/www.europesays.com\/fr\/wp-json\/wp\/v2\/tags?post=558110"}],"curies":[{"name":"wp","href":"https:\/\/api.w.org\/{rel}","templated":true}]}}