{"id":558120,"date":"2025-11-25T17:44:12","date_gmt":"2025-11-25T17:44:12","guid":{"rendered":"https:\/\/www.europesays.com\/fr\/558120\/"},"modified":"2025-11-25T17:44:12","modified_gmt":"2025-11-25T17:44:12","slug":"le-rappeur-freeze-corleone-sera-juge-en-fevrier-pour-apologie-du-terrorisme","status":"publish","type":"post","link":"https:\/\/www.europesays.com\/fr\/558120\/","title":{"rendered":"le rappeur Freeze Corleone sera jug\u00e9 en f\u00e9vrier pour \u00abapologie du terrorisme\u00bb"},"content":{"rendered":"<p>\n    Le chanteur de 33 ans compara\u00eetra devant le tribunal correctionnel de Nice en f\u00e9vrier 2026 apr\u00e8s des paroles pol\u00e9miques, faisant r\u00e9f\u00e9rence \u00e0 l\u2019attentat au camion b\u00e9lier survenu le 14 juillet 2016 sur la promenade des Anglais.<\/p>\n<p class=\"fig-paragraph\">Le rappeur\u00a0<a href=\"http:\/\/www.lefigaro.fr\/musique\/eurockeennes-le-prefet-interdit-le-concert-du-rappeur-freeze-corleone-pour-apologie-du-terrorisme-et-nazisme-20250627\" data-fig-type=\"NewsFlash\" data-gtm-custom-categorie=\"navigation\" data-gtm-custom-action=\"crossclick\" data-gtm-custom-label=\"Contextuel\" data-gtm-event=\"customEventSPE\" data-fig-domain=\"LEFIGARO\" target=\"_blank\" rel=\"noopener\">Freeze Corleone<\/a>\u00a0va compara\u00eetre devant le tribunal correctionnel de Nice (Alpes-Maritimes) en f\u00e9vrier prochain, annonce ce mardi le procureur\u00a0<a href=\"http:\/\/www.lefigaro.fr\/faits-divers\/je-veux-jouer-au-foot-avec-sa-tete-le-neonazi-alexis-issaurat-juge-pour-des-menaces-de-mort-sur-l-ancien-procureur-de-nice-20251016\" data-fig-type=\"Article\" data-gtm-custom-categorie=\"navigation\" data-gtm-custom-action=\"crossclick\" data-gtm-custom-label=\"Contextuel\" data-gtm-event=\"customEventSPE\" data-fig-domain=\"LEFIGARO\" target=\"_blank\" rel=\"noopener\">Damien Martinelli<\/a>, pour des faits \u00abd\u2019apologie du terrorisme en utilisant un service de communication au public en ligne\u00bb.<\/p>\n<p class=\"fig-paragraph\">En f\u00e9vrier 2024, dans son morceau intitul\u00e9 Haaland,\u00a0<a href=\"http:\/\/www.lefigaro.fr\/actualite-france\/le-rappeur-freeze-corleone-fait-une-reference-a-l-attentat-de-nice-ciotti-denonce-une-insinuation-immonde-20240210\" data-fig-type=\"NewsFlash\" data-gtm-custom-categorie=\"navigation\" data-gtm-custom-action=\"crossclick\" data-gtm-custom-label=\"Contextuel\" data-gtm-event=\"customEventSPE\" data-fig-domain=\"LEFIGARO\" target=\"_blank\" rel=\"noopener\">le rappeur de 33 ans chantait les paroles suivantes<\/a>\u00a0: \u00aben d\u00e9fense je suis Kalidou, t\u2019es Lenglet. Burberry comme un grand-p\u00e8re anglais. J\u2019arrive dans l\u2019rap comme un camion qui bombarde \u00e0 fond sur la&#8230;\u00bb &#8211; sous-entendue la promenade des Anglais. Des paroles en r\u00e9f\u00e9rence \u00e0\u00a0<a href=\"http:\/\/www.lefigaro.fr\/nice\/attentat-du-14-juillet-a-nice-apres-des-soupcons-de-faux-en-ecriture-le-volet-securite-de-l-enquete-relance-20251001\" data-fig-type=\"NewsFlash\" data-gtm-custom-categorie=\"navigation\" data-gtm-custom-action=\"crossclick\" data-gtm-custom-label=\"Contextuel\" data-gtm-event=\"customEventSPE\" data-fig-domain=\"LEFIGARO\" target=\"_blank\" rel=\"noopener\">l\u2019attentat au camion b\u00e9lier<\/a>\u00a0survenu le 14 juillet 2016 \u00e0 Nice, qui avait fauch\u00e9 86 personnes et fait plus de 400 bless\u00e9s.<\/p>\n<p>                                    <a class=\"fig-a11y-skip a11y-hidden\" href=\"#fig-a11y-skip-main-inarticle\"><br \/>\n        Passer la publicit\u00e9<br \/>\n    <\/a><\/p>\n<p>Le rappeur a fait valoir son \u00abdroit au silence\u00bb<\/p>\n<p class=\"fig-paragraph\">Dans la foul\u00e9e,\u00a0<a href=\"http:\/\/www.lefigaro.fr\/nice\/apologie-du-terrorisme-le-rappeur-freeze-corleone-annonce-poursuivre-en-diffamation-estrosi-et-ciotti-20240214\" data-fig-type=\"NewsFlash\" data-gtm-custom-categorie=\"navigation\" data-gtm-custom-action=\"crossclick\" data-gtm-custom-label=\"Contextuel\" data-gtm-event=\"customEventSPE\" data-fig-domain=\"LEFIGARO\" target=\"_blank\" rel=\"noopener\">une enqu\u00eate pr\u00e9liminaire<\/a>\u00a0avait \u00e9t\u00e9 ouverte par le parquet \u00abdu chef d\u2019apologie du terrorisme\u00bb et confi\u00e9e au service interd\u00e9partemental de la police judiciaire des Alpes-Maritimes. \u00abDans le cadre de cette proc\u00e9dure, plusieurs victimes de l\u2019attentat du 14 juillet 2016 \u00e9taient entendues et d\u00e9posaient plainte\u00bb, d\u00e9taille le parquet.<\/p>\n<p class=\"fig-paragraph\">\u00abApr\u00e8s plusieurs convocations rest\u00e9es vaines, l\u2019interpr\u00e8te des paroles pr\u00e9cipit\u00e9es connu sous le nom de sc\u00e8ne de Freeze Corleone\u00bb a \u00e9t\u00e9 entendu ce mardi, dans le cadre d\u2019une audition libre, ajoute le procureur de Nice, qui indique que le chanteur a fait \u00abvaloir son droit au silence\u00bb et a refus\u00e9 de r\u00e9pondre aux questions pos\u00e9es.<\/p>\n","protected":false},"excerpt":{"rendered":"Le chanteur de 33 ans compara\u00eetra devant le tribunal correctionnel de Nice en f\u00e9vrier 2026 apr\u00e8s des paroles&hellip;\n","protected":false},"author":2,"featured_media":558121,"comment_status":"","ping_status":"","sticky":false,"template":"","format":"standard","meta":{"footnotes":""},"categories":[2819],"tags":[1111,11,9205,62222,1777,674,1011,27,34761,12,2401,882,25],"class_list":{"0":"post-558120","1":"post","2":"type-post","3":"status-publish","4":"format-standard","5":"has-post-thumbnail","7":"category-nice","8":"tag-actu","9":"tag-actualites","10":"tag-apologie-du-terrorisme","11":"tag-attentat-de-nice","12":"tag-eu","13":"tag-europe","14":"tag-fr","15":"tag-france","16":"tag-freeze-corleone","17":"tag-news","18":"tag-nice","19":"tag-provence-alpes-cote-dazur","20":"tag-republique-francaise"},"share_on_mastodon":{"url":"https:\/\/pubeurope.com\/@fr\/115611583475313681","error":""},"_links":{"self":[{"href":"https:\/\/www.europesays.com\/fr\/wp-json\/wp\/v2\/posts\/558120","targetHints":{"allow":["GET"]}}],"collection":[{"href":"https:\/\/www.europesays.com\/fr\/wp-json\/wp\/v2\/posts"}],"about":[{"href":"https:\/\/www.europesays.com\/fr\/wp-json\/wp\/v2\/types\/post"}],"author":[{"embeddable":true,"href":"https:\/\/www.europesays.com\/fr\/wp-json\/wp\/v2\/users\/2"}],"replies":[{"embeddable":true,"href":"https:\/\/www.europesays.com\/fr\/wp-json\/wp\/v2\/comments?post=558120"}],"version-history":[{"count":0,"href":"https:\/\/www.europesays.com\/fr\/wp-json\/wp\/v2\/posts\/558120\/revisions"}],"wp:featuredmedia":[{"embeddable":true,"href":"https:\/\/www.europesays.com\/fr\/wp-json\/wp\/v2\/media\/558121"}],"wp:attachment":[{"href":"https:\/\/www.europesays.com\/fr\/wp-json\/wp\/v2\/media?parent=558120"}],"wp:term":[{"taxonomy":"category","embeddable":true,"href":"https:\/\/www.europesays.com\/fr\/wp-json\/wp\/v2\/categories?post=558120"},{"taxonomy":"post_tag","embeddable":true,"href":"https:\/\/www.europesays.com\/fr\/wp-json\/wp\/v2\/tags?post=558120"}],"curies":[{"name":"wp","href":"https:\/\/api.w.org\/{rel}","templated":true}]}}