{"id":558122,"date":"2025-11-25T17:45:22","date_gmt":"2025-11-25T17:45:22","guid":{"rendered":"https:\/\/www.europesays.com\/fr\/558122\/"},"modified":"2025-11-25T17:45:22","modified_gmt":"2025-11-25T17:45:22","slug":"au-nord-de-nantes-le-frac-celebre-ses-25-ans-en-faveur-de-lart-contemporain-avec-une","status":"publish","type":"post","link":"https:\/\/www.europesays.com\/fr\/558122\/","title":{"rendered":"Au nord de Nantes, le Frac c\u00e9l\u00e8bre ses 25\u00a0ans en faveur de l\u2019art contemporain avec une"},"content":{"rendered":"<p>Le<a href=\"https:\/\/nantes.maville.com\/actu\/actudet_-le-fonds-regional-d-art-contemporain-a-carquefou-a-ouvert-les-portes-de-ses-reserves-_8-7034186_actu.Htm\" target=\"_blank\" rel=\"noopener\"> Fonds r\u00e9gional d\u2019art contemporain (Frac), install\u00e9 \u00e0 Carquefou,<\/a> au nord de Nantes (Loire-Atlantique), a un quart de si\u00e8cle. En 2020, il s\u2019agissait de concevoir un lieu ressource et structurant sur les arts visuels pour le territoire r\u00e9gional. Un lieu o\u00f9 sont accueillis des artistes, pour produire, constituer, diffuser et d\u00e9mocratiser une collection d\u2019art contemporain.<\/p>\n<p>Pour c\u00e9l\u00e9brer cet anniversaire, le Frac propose une exposition in\u00e9dite jusqu\u2019au dimanche 4\u00a0janvier. \u00ab\u00a0Tempus Fugit\u00a0\u00bb rassemble des \u0153uvres acquises ou produites entre\u00a02000 et\u00a02025, \u00a0cr\u00e9ant des dialogues inattendus et des rencontres artistiques entre deux \u00e9poques\u00a0\u00bb, explique Claire Staebler, directrice de l\u2019\u00e9tablissement.<\/p>\n<p><strong>Lire aussi\u00a0:<\/strong> <a href=\"https:\/\/nantes.maville.com\/actu\/actudet_-prive-d-une-partie-de-sa-subvention-regionale-le-frac-ferme-son-site-de-nantes-_52716-6673418_actu.Htm\" target=\"_blank\" rel=\"noopener\">Priv\u00e9 d\u2019une partie de sa subvention r\u00e9gionale, le Frac ferme son site de Nantes<\/a><\/p>\n<p>Le lieu, imagin\u00e9 par Jean-Claude Pondevie, est un b\u00e2timent simple, pur et \u00e9l\u00e9gant, \u00a0minimal\u00a0\u00bb, comme il l\u2019explique. \u00a0La construction s\u2019efface devant les \u0153uvres et laisse entrer la lumi\u00e8re.\u00a0 Travers\u00e9 par une faille vitr\u00e9e sur toute sa hauteur, l\u2019immeuble aux fa\u00e7ades en bois bak\u00e9lis\u00e9 r\u00e9v\u00e8le la fonction des espaces int\u00e9rieurs. Les Ateliers internationaux ont pris place dans un ancien corps de ferme situ\u00e9 \u00e0 deux pas, mis \u00e0 disposition par la mairie de Carquefou, permettant aux artistes fran\u00e7ais et \u00e9trangers de travailler en r\u00e9sidence.<\/p>\n<p>125\u00a0000\u00a0visiteurs en vingt-cinq ans<\/p>\n<p>Le Frac continue d\u2019enrichir sa collection, avec une attention particuli\u00e8re pour la vari\u00e9t\u00e9 des m\u00e9dias, la diversit\u00e9 des pratiques artistiques et le questionnement par rapport aux questions politiques, sociales ou et environnementales En vingt-cinq ans, ce sont plus de 170\u00a0expositions organis\u00e9es, 125\u00a0000\u00a0visiteurs sur le site. Des artistes du monde entier ont \u00e9t\u00e9 accueillis de Chine, de Croatie, d\u2019Afrique du Sud, du Mexique, de Roumanie, de Colombie\u2026 Des danseurs, des po\u00e8tes, des musiciens et, bien s\u00fbr, des artistes plasticiens ont propos\u00e9 des \u00e9v\u00e9nements en relation avec les expositions.<\/p>\n<p>13\u00a0000\u00a0ouvrages<\/p>\n<p>Le Fonds r\u00e9gional d\u2019art contemporain a particip\u00e9 \u00e0 des manifestations nationales\u00a0: la Nuit des mus\u00e9es, les Journ\u00e9es du patrimoine, le week-end national des Frac. L\u2019\u00e9tablissement dispose d\u2019un atelier de restauration qui devient un centre de ressources en mati\u00e8re de conservation pr\u00e9ventive. Sa documentation est riche de 13\u00a0000\u00a0ouvrages et d\u2019un fond de livres d\u2019artistes s\u2019adressant \u00e0 tous les publics.<\/p>\n<p><strong>Jusqu\u2019au dimanche 4\u00a0janvier, <\/strong>Frac des Pays de la Loire, boulevard d\u2019Amp\u00e8re, \u00e0 Carquefou.<\/p>\n<p>\u00a0<\/p>\n","protected":false},"excerpt":{"rendered":"Le Fonds r\u00e9gional d\u2019art contemporain (Frac), install\u00e9 \u00e0 Carquefou, au nord de Nantes (Loire-Atlantique), a un quart de&hellip;\n","protected":false},"author":2,"featured_media":558123,"comment_status":"","ping_status":"","sticky":false,"template":"","format":"standard","meta":{"footnotes":""},"categories":[2818],"tags":[13204,1111,11,3581,1764,3734,3010,4160,1777,674,3293,17586,1011,3864,27,766,12,1308,2636,25],"class_list":{"0":"post-558122","1":"post","2":"type-post","3":"status-publish","4":"format-standard","5":"has-post-thumbnail","7":"category-nantes","8":"tag-13204","9":"tag-actu","10":"tag-actualites","11":"tag-anniversaire","12":"tag-ans","13":"tag-art","14":"tag-celebre","15":"tag-contemporain","16":"tag-eu","17":"tag-europe","18":"tag-exposition","19":"tag-faveur","20":"tag-fr","21":"tag-frac","22":"tag-france","23":"tag-nantes","24":"tag-news","25":"tag-nord","26":"tag-pays-de-la-loire","27":"tag-republique-francaise"},"share_on_mastodon":{"url":"https:\/\/pubeurope.com\/@fr\/115611587363768068","error":""},"_links":{"self":[{"href":"https:\/\/www.europesays.com\/fr\/wp-json\/wp\/v2\/posts\/558122","targetHints":{"allow":["GET"]}}],"collection":[{"href":"https:\/\/www.europesays.com\/fr\/wp-json\/wp\/v2\/posts"}],"about":[{"href":"https:\/\/www.europesays.com\/fr\/wp-json\/wp\/v2\/types\/post"}],"author":[{"embeddable":true,"href":"https:\/\/www.europesays.com\/fr\/wp-json\/wp\/v2\/users\/2"}],"replies":[{"embeddable":true,"href":"https:\/\/www.europesays.com\/fr\/wp-json\/wp\/v2\/comments?post=558122"}],"version-history":[{"count":0,"href":"https:\/\/www.europesays.com\/fr\/wp-json\/wp\/v2\/posts\/558122\/revisions"}],"wp:featuredmedia":[{"embeddable":true,"href":"https:\/\/www.europesays.com\/fr\/wp-json\/wp\/v2\/media\/558123"}],"wp:attachment":[{"href":"https:\/\/www.europesays.com\/fr\/wp-json\/wp\/v2\/media?parent=558122"}],"wp:term":[{"taxonomy":"category","embeddable":true,"href":"https:\/\/www.europesays.com\/fr\/wp-json\/wp\/v2\/categories?post=558122"},{"taxonomy":"post_tag","embeddable":true,"href":"https:\/\/www.europesays.com\/fr\/wp-json\/wp\/v2\/tags?post=558122"}],"curies":[{"name":"wp","href":"https:\/\/api.w.org\/{rel}","templated":true}]}}