{"id":558126,"date":"2025-11-25T17:47:14","date_gmt":"2025-11-25T17:47:14","guid":{"rendered":"https:\/\/www.europesays.com\/fr\/558126\/"},"modified":"2025-11-25T17:47:14","modified_gmt":"2025-11-25T17:47:14","slug":"un-village-de-noel-surnaturel-sur-le-theme-de-stranger-things-debarque-a-bordeaux","status":"publish","type":"post","link":"https:\/\/www.europesays.com\/fr\/558126\/","title":{"rendered":"Un village de No\u00ebl surnaturel sur le th\u00e8me de Stranger Things d\u00e9barque \u00e0 Bordeaux"},"content":{"rendered":"<p>Quand Hawkins rencontre l\u2019esprit de No\u00ebl&#13;<\/p>\n<p><strong>Netflix a choisi 3 villes dont Bordeaux <\/strong>pour le\u00a0lancement tr\u00e8s attendu de la<strong> 5\u00e8me et ultime saison de la s\u00e9rie culte\u00a0Stranger Things<\/strong>\u00a0! Et \u00e0 Bordeaux, c\u2019est \u00e0 Promenade Sainte-Catherine que cela va se passer du 28 novembre au 7 janvier. Le c\u00e9l\u00e8bre quartier bordelais se transforme pour l\u2019occasion en d\u00e9cor immersif tout droit sorti d\u2019Hawkins.<\/p>\n<p>&#13;<\/p>\n<p><img loading=\"lazy\" decoding=\"async\" src=\"https:\/\/www.europesays.com\/fr\/wp-content\/uploads\/2025\/11\/lego-bordeaux.jpg\" width=\"1000\" height=\"1221\" alt=\"lego-bordeaux\"\/><\/p>\n<p>&#13;<\/p>\n<p>Des arches monumentales, des guirlandes rouges et bleues, une bande-son ann\u00e9es 80 et des r\u00e9f\u00e9rences visuelles \u00e0 la s\u00e9rie plongent les visiteurs dans une <strong>ambiance entre magie et myst\u00e8re<\/strong>. Chaque arche rend hommage \u00e0 une saison de la s\u00e9rie, dans un parcours lumineux et sonore unique.<\/p>\n<p>&#13;<\/p>\n<p>\u00c0 l\u2019entr\u00e9e Sainte-Catherine, les fans reconna\u00eetront les v\u00e9los iconiques des jeunes h\u00e9ros et un ciel de guirlandes rouges, clin d\u2019\u0153il \u00e0 l\u2019univers parall\u00e8le de la s\u00e9rie. L\u2019esprit de No\u00ebl s\u2019invite jusque dans les d\u00e9tails, un<strong> sapin monumental de 8 m\u00e8tres et des d\u00e9cors vintage <\/strong>\u00e9voquent les f\u00eates r\u00e9tro \u00e0 la sauce Hawkins.<\/p>\n<p>&#13;<\/p>\n<blockquote class=\"instagram-media\" data-instgrm-captioned=\"\" data-instgrm-permalink=\"https:\/\/www.instagram.com\/reel\/DQaTOmUjJfA\/?utm_source=ig_embed&amp;utm_campaign=loading\" data-instgrm-version=\"14\" style=\"background: #FFF; border: 0; border-radius: 3px; box-shadow: 0 0 1px 0 rgba(0,0,0,0.5),0 1px 10px 0 rgba(0,0,0,0.15); margin: 1px; max-width: 540px; min-width: 326px; padding: 0; width: calc(100% - 2px);\"><p>&#13;<br \/>\n&#13;\n<\/p><\/blockquote>\n<p>&#13;<br \/>\nSc\u00e9nographie immersive, surprises insolites et traditions magiques\u00a0&#13;<\/p>\n<p>Entre d\u00e9cors immersifs, \u00e9clairages r\u00e9tro et <strong>rencontres avec le P\u00e8re No\u00ebl les 20, 21 et 24 d\u00e9cembre<\/strong>, Promenade Sainte-Catherine signe un \u00e9v\u00e9nement aussi convivial que spectaculaire. M\u00eame la mascotte locale, Cathy l\u2019abeille, viendra animer les all\u00e9es chaque mercredi de d\u00e9cembre.<\/p>\n<p>&#13;<\/p>\n<p>En fusionnant l\u2019univers culte de Stranger Things et la magie de No\u00ebl, la Promenade s\u2019impose comme<strong> le spot le plus insolite de Bordeaux pour les f\u00eates de fin d\u2019ann\u00e9e<\/strong>. Pr\u00e9parez vos appareils photo, sortez vos perfectos\u00a0: ce No\u00ebl, Hawkins a rendez-vous \u00e0 Bordeaux.<\/p>\n<p>&#13;<\/p>\n<p><img loading=\"lazy\" decoding=\"async\" src=\"https:\/\/www.europesays.com\/fr\/wp-content\/uploads\/2025\/11\/noel-promenade-sainte-catherine.jpg\" width=\"1000\" height=\"563\" alt=\"noel-promenade-sainte-catherine\"\/><\/p>\n<p>&#13;<\/p>\n<p><strong>Promenade Sainte-Catherine, Bordeaux<\/strong><br \/><strong>Du 28 novembre 2025 au 7 janvier 2026<\/strong><br \/><strong>Entr\u00e9e libre et animations gratuites<\/strong><\/p>\n<p><script async src=\"\/\/www.instagram.com\/embed.js\"><\/script><\/p>\n","protected":false},"excerpt":{"rendered":"Quand Hawkins rencontre l\u2019esprit de No\u00ebl&#13; Netflix a choisi 3 villes dont Bordeaux pour le\u00a0lancement tr\u00e8s attendu de&hellip;\n","protected":false},"author":2,"featured_media":558127,"comment_status":"","ping_status":"","sticky":false,"template":"","format":"standard","meta":{"footnotes":""},"categories":[2817],"tags":[1111,11,1997,1777,674,1011,27,12,2219,25],"class_list":{"0":"post-558126","1":"post","2":"type-post","3":"status-publish","4":"format-standard","5":"has-post-thumbnail","7":"category-bordeaux","8":"tag-actu","9":"tag-actualites","10":"tag-bordeaux","11":"tag-eu","12":"tag-europe","13":"tag-fr","14":"tag-france","15":"tag-news","16":"tag-nouvelle-aquitaine","17":"tag-republique-francaise"},"share_on_mastodon":{"url":"https:\/\/pubeurope.com\/@fr\/115611596003383669","error":""},"_links":{"self":[{"href":"https:\/\/www.europesays.com\/fr\/wp-json\/wp\/v2\/posts\/558126","targetHints":{"allow":["GET"]}}],"collection":[{"href":"https:\/\/www.europesays.com\/fr\/wp-json\/wp\/v2\/posts"}],"about":[{"href":"https:\/\/www.europesays.com\/fr\/wp-json\/wp\/v2\/types\/post"}],"author":[{"embeddable":true,"href":"https:\/\/www.europesays.com\/fr\/wp-json\/wp\/v2\/users\/2"}],"replies":[{"embeddable":true,"href":"https:\/\/www.europesays.com\/fr\/wp-json\/wp\/v2\/comments?post=558126"}],"version-history":[{"count":0,"href":"https:\/\/www.europesays.com\/fr\/wp-json\/wp\/v2\/posts\/558126\/revisions"}],"wp:featuredmedia":[{"embeddable":true,"href":"https:\/\/www.europesays.com\/fr\/wp-json\/wp\/v2\/media\/558127"}],"wp:attachment":[{"href":"https:\/\/www.europesays.com\/fr\/wp-json\/wp\/v2\/media?parent=558126"}],"wp:term":[{"taxonomy":"category","embeddable":true,"href":"https:\/\/www.europesays.com\/fr\/wp-json\/wp\/v2\/categories?post=558126"},{"taxonomy":"post_tag","embeddable":true,"href":"https:\/\/www.europesays.com\/fr\/wp-json\/wp\/v2\/tags?post=558126"}],"curies":[{"name":"wp","href":"https:\/\/api.w.org\/{rel}","templated":true}]}}