{"id":558130,"date":"2025-11-25T17:49:10","date_gmt":"2025-11-25T17:49:10","guid":{"rendered":"https:\/\/www.europesays.com\/fr\/558130\/"},"modified":"2025-11-25T17:49:10","modified_gmt":"2025-11-25T17:49:10","slug":"11-supermarches-auchan-vont-basculer-intermarche-ou-netto-a-toulouse-et-autour-voici-lesquels","status":"publish","type":"post","link":"https:\/\/www.europesays.com\/fr\/558130\/","title":{"rendered":"11 supermarch\u00e9s Auchan vont basculer Intermarch\u00e9 ou Netto \u00e0 Toulouse et autour, voici lesquels"},"content":{"rendered":"<p>                    Par<br \/>\n        <strong><br \/>\n            <a href=\"https:\/\/actu.fr\/auteur\/guillaume-laurens\" title=\"Consulter tous les articles de Guillaume Laurens\" target=\"_blank\" rel=\"noopener\">Guillaume Laurens<\/a><br \/>\n                    <\/strong><\/p>\n<p>        Publi\u00e9 le<\/p>\n<p>            25 nov. 2025 \u00e0 18h05        <\/p>\n<p>En difficult\u00e9 depuis plusieurs ann\u00e9es, le g\u00e9ant de la grande distribution <strong><a href=\"https:\/\/actu.fr\/tag\/auchan\" target=\"_blank\" rel=\"noopener\">Auchan<\/a> <\/strong>a annonc\u00e9 mardi 25\u00a0novembre 2025 vouloir basculer l\u2019ensemble de ses <strong>300 supermarch\u00e9s fran\u00e7ais<\/strong> en franchise sous banni\u00e8re <strong>Intermarch\u00e9<\/strong> et <strong>Netto<\/strong>, poursuivant ainsi son rapprochement avec le groupement des Mousquetaires. En <strong>Haute-Garonne<\/strong>, cet \u00e9ni\u00e8me changement d\u2019enseigne concerne tout de m\u00eame <strong>11 magasins<\/strong>, dont <strong>quatre<\/strong> pour la seule commune de <a href=\"https:\/\/actu.fr\/toulouse\/\" target=\"_blank\" rel=\"noopener\"><strong>Toulouse.<\/strong><\/a><\/p>\n<p>Quatre supermarch\u00e9s \u00e0 Toulouse<\/p>\n<p class=\" wall-content\">Les quatre supermarch\u00e9s Auchan situ\u00e9s sur la commune de Toulouse et qui deviendraient Intermarch\u00e9 ou Netto sont\u2009:<\/p>\n<ul class=\" wall-content\">\n<li>Auchan Toulouse <strong>Charles-de-Fitte<\/strong> (16 all\u00e9es Charles-de-Fitte)<\/li>\n<li>Auchan Toulouse <strong>Borderouge<\/strong> (100 rue Michel Ange)<\/li>\n<li>Auchan Toulouse <strong>Ponts Jumeaux<\/strong> (2 rue Anna Politkovskaia)<\/li>\n<li>Auchan Toulouse <strong>Montaudran<\/strong> (place Marcel Bouilloux-Lafont)<\/li>\n<\/ul>\n<p>Six supermarch\u00e9s dans l\u2019agglo et un \u00e0 Saint-Gaudens<\/p>\n<p class=\" wall-content\">Les sept autres supermarch\u00e9s situ\u00e9s ailleurs dans l\u2019agglo ou le d\u00e9partement et qui deviendraient Intermarch\u00e9 ou Netto sont\u2009:<\/p>\n<ul class=\" wall-content\">\n<li>Auchan <strong>Carbonne<\/strong> (route de l\u2019Arize)<\/li>\n<li>Auchan <strong>Fonbeauzard \u2013 Aucamville<\/strong> (102 route de Fronton)<\/li>\n<li>Auchan <strong>Launaguet<\/strong> (rue Benjamin Franklin)<\/li>\n<li>Auchan <strong>Lherm<\/strong> (route de l\u2019a\u00e9rodrome)<\/li>\n<li>Auchan <strong>Plaisance-du-Touch<\/strong> (1 bis avenue Marcel Pagnol)<\/li>\n<li>Auchan <strong>Saint-Gaudens<\/strong> (1 rue Lavoisier)<\/li>\n<li>Auchan <strong>Tournefeuille<\/strong> (5 rue Bertrand Panouze)<\/li>\n<\/ul>\n<p>Vid\u00e9os : en ce moment sur Actu<\/p>\n<p class=\" wall-content\">\u00c0 noter que les gigantesques hypermarch\u00e9s d\u2019<strong>Auchan Gramont<\/strong> et d\u2019<strong>Auchan Fenouillet<\/strong><a href=\"https:\/\/actu.fr\/occitanie\/fenouillet_31182\/toulouse-le-plus-grand-hypermarche-de-l-agglo-va-fermer-dix-jours-voici-pourquoi_61035606.html\" target=\"_blank\" rel=\"noopener\"> \u2014 lequel a \u00e9t\u00e9 repris l\u2019an dernier \u00e0 Casino \u2014<\/a> ne sont pas concern\u00e9s par cette op\u00e9ration.<\/p>\n<p>\u00c0 Montaudran, un Auchan ouvert pour pallier la d\u00e9sertion\u2026 d\u2019Intermarch\u00e9<\/p>\n<p class=\" wall-content\">Parmi ces 11 supermarch\u00e9s qui basculeront d\u2019Auchan \u00e0 Intermarch\u00e9 ou Netto, citons le cas particulier de celui de <strong>Montaudran<\/strong>, qui avait <a href=\"https:\/\/actu.fr\/occitanie\/toulouse_31555\/toulouse-auchan-debarque-a-montaudran-d-autres-enseignes-vont-ouvrir-voici-lesquelles_61183348.html\" target=\"_blank\" rel=\"noopener\">ouvert en juin\u00a02024 dans ce secteur<\/a> qui attendait un supermarch\u00e9 depuis des ann\u00e9es. Pour la petite histoire, Auchan avait \u00e9t\u00e9 <strong>appel\u00e9 \u00e0 la rescousse<\/strong> dans ce quartier tout juste construit pour pallier <strong>la d\u00e9sertion\u2026 d\u2019Intermarch\u00e9<\/strong>, qui devait ouvrir dans la cellule en question en juin\u00a02022, mais dont le franchis\u00e9 s\u2019\u00e9tait d\u00e9sist\u00e9. \u00ab\u2009Un contrat \u00e9tait sign\u00e9, quelques travaux ont \u00e9t\u00e9 engag\u00e9s\u2026 Et Intermarch\u00e9 a plant\u00e9 tout le monde au dernier moment\u2009\u00bb, d\u00e9plorait <strong>\u00c9milion Esnault<\/strong>, le maire de quartier,<a href=\"https:\/\/actu.fr\/occitanie\/toulouse_31555\/toulouse-le-quartier-est-totalement-mort-s-insurgent-des-commercants-de-montaudran_52751263.html\" target=\"_blank\" rel=\"noopener\"> \u00e0 l\u2019\u00e9t\u00e9 2022.<\/a> C\u2019est donc Auchan qui, <a href=\"https:\/\/actu.fr\/occitanie\/toulouse_31555\/toulouse-un-nouveau-supermarche-va-s-installer-a-montaudran-voici-l-enseigne-choisie_60163756.html\" target=\"_blank\" rel=\"noopener\">un an plus tard, annon\u00e7ait son arriv\u00e9e \u00e0 Montaudran,<\/a> dans un magasin deux fois plus petit que le projet initial\u2026 et qui finirait par devenir Intermarch\u00e9 ou Netto\u2009!<\/p>\n<p>Votre r\u00e9gion, votre actu !<\/p>\n<p>Recevez chaque jour les infos qui comptent pour vous.<\/p>\n<p>\t<a href=\"https:\/\/actu.fr\/newsletter\" class=\"ac-btn ac-btn--corner ac-btn--medium ac-btn--blue800\" target=\"_blank\" rel=\"noopener\">S&rsquo;incrire<\/a><br \/>\nDes Intermarch\u00e9 et Netto sous franchise Auchan<\/p>\n<p class=\" wall-content\">Pourquoi ce changement de cap chez le distributeur fran\u00e7ais, propri\u00e9t\u00e9 de la famille Mulliez\u2009? Comme l\u2019explique <a href=\"https:\/\/actu.fr\/economie\/bientot-la-fin-d-auchan-en-france-ses-300-magasins-changent-d-enseigne-voici-ce-qu-ils-deviendront_63484437.html\" target=\"_blank\" rel=\"noopener\">Actu.fr<\/a>, Auchan Retail envisage <strong>d\u2019exploiter \u00ab\u2009en franchise ses supermarch\u00e9s<\/strong> sous la banni\u00e8re Intermarch\u00e9 et Netto\u2009\u00bb, a indiqu\u00e9 l\u2019enseigne ce mardi, \u00e9voquant une \u00ab\u2009\u00e9volution majeure\u2009\u00bb du partenariat strat\u00e9gique lanc\u00e9 en 2024 entre Auchan Retail et Intermarch\u00e9.<\/p>\n<p class=\" wall-content\">Concr\u00e8tement, les 300 magasins Auchan de France (sauf Corse donc) deviendraient tous Intermarch\u00e9 ou Netto, mais ils \u00ab\u2009seraient toujours exploit\u00e9s par Auchan Retail via la cr\u00e9ation d\u2019une <strong>nouvelle entit\u00e9 juridique autonome\u2009\u00bb.<\/strong><\/p>\n<blockquote class=\"ac-article-quote wall-content\">\n<p>Les fonds de commerce, l&rsquo;immobilier restent propri\u00e9t\u00e9s d&rsquo;Auchan, les salari\u00e9s restent des salari\u00e9s d&rsquo;Auchan, et on travaillera sous enseigne Intermarch\u00e9, qui nous livrera les marchandises, la politique commerciale, le concept magasin et qui approvisionnera les magasins.<\/p>\n<p>    <strong>Guillaume Darrasse<\/strong><br \/>\n        Directeur g\u00e9n\u00e9ral d&rsquo;Auchan Retail    <\/p><\/blockquote>\n<p>Intermarch\u00e9, nouveau champion\u2026 du supermarch\u00e9<\/p>\n<p class=\" wall-content\">Alors qu\u2019Auchan tousse, les Mousquetaires font plus que jamais mouche et revendiquent d\u00e9sormais un statut de <strong>\u00ab\u2009leader<\/strong> sur le format <strong>supermarch\u00e9<\/strong> en France\u2009\u00bb, selon les mots de <strong>Thierry Cotillard<\/strong>, pr\u00e9sident du groupement des Mousquetaires.<\/p>\n<p class=\" wall-content\">C\u2019est en effet le <strong>troisi\u00e8me coup d\u2019\u00e9clat<\/strong> en deux ans seulement pour son groupe, apr\u00e8s avoir repris pr\u00e8s de 300 magasins Casino en 2023-2024, puis 81 Colruyt mi-juin\u00a02025.<\/p>\n<p class=\" wall-content\">Le projet, qui doit encore \u00eatre soumis \u00e0 l\u2019autorisation des <strong>autorit\u00e9s de la concurrence,<\/strong> devrait \u00ab\u2009prendre effet <strong>fin 2026\u2009\u00bb<\/strong>, a d\u00e9taill\u00e9 Auchan.<\/p>\n<p class=\" wall-content\">Personnalisez votre actualit\u00e9 en ajoutant vos villes et m\u00e9dias en favori avec <a href=\"https:\/\/moncompte.actu.fr\" title=\"D\u00e9couvez Mon Actu\" rel=\"nofollow noopener\" data-trk=\"{&quot;cta&quot;:{&quot;action&quot;:&quot;https:\\\/\\\/moncompte.actu.fr&quot;,&quot;category&quot;:&quot;mon compte&quot;,&quot;from&quot;:&quot;article footer&quot;,&quot;name&quot;:&quot;Mon actu&quot;,&quot;type&quot;:&quot;cta&quot;}}\" target=\"_blank\">Mon Actu<\/a>.<\/p>\n","protected":false},"excerpt":{"rendered":"Par Guillaume Laurens Publi\u00e9 le 25 nov. 2025 \u00e0 18h05 En difficult\u00e9 depuis plusieurs ann\u00e9es, le g\u00e9ant de&hellip;\n","protected":false},"author":2,"featured_media":558131,"comment_status":"","ping_status":"","sticky":false,"template":"","format":"standard","meta":{"footnotes":""},"categories":[2816],"tags":[1111,11,14474,215,1777,674,1011,27,2529,12,2680,25,104,2312],"class_list":{"0":"post-558130","1":"post","2":"type-post","3":"status-publish","4":"format-standard","5":"has-post-thumbnail","7":"category-toulouse","8":"tag-actu","9":"tag-actualites","10":"tag-auchan","11":"tag-commerce","12":"tag-eu","13":"tag-europe","14":"tag-fr","15":"tag-france","16":"tag-intermarche","17":"tag-news","18":"tag-occitanie","19":"tag-republique-francaise","20":"tag-societe","21":"tag-toulouse"},"share_on_mastodon":{"url":"https:\/\/pubeurope.com\/@fr\/115611603189728994","error":""},"_links":{"self":[{"href":"https:\/\/www.europesays.com\/fr\/wp-json\/wp\/v2\/posts\/558130","targetHints":{"allow":["GET"]}}],"collection":[{"href":"https:\/\/www.europesays.com\/fr\/wp-json\/wp\/v2\/posts"}],"about":[{"href":"https:\/\/www.europesays.com\/fr\/wp-json\/wp\/v2\/types\/post"}],"author":[{"embeddable":true,"href":"https:\/\/www.europesays.com\/fr\/wp-json\/wp\/v2\/users\/2"}],"replies":[{"embeddable":true,"href":"https:\/\/www.europesays.com\/fr\/wp-json\/wp\/v2\/comments?post=558130"}],"version-history":[{"count":0,"href":"https:\/\/www.europesays.com\/fr\/wp-json\/wp\/v2\/posts\/558130\/revisions"}],"wp:featuredmedia":[{"embeddable":true,"href":"https:\/\/www.europesays.com\/fr\/wp-json\/wp\/v2\/media\/558131"}],"wp:attachment":[{"href":"https:\/\/www.europesays.com\/fr\/wp-json\/wp\/v2\/media?parent=558130"}],"wp:term":[{"taxonomy":"category","embeddable":true,"href":"https:\/\/www.europesays.com\/fr\/wp-json\/wp\/v2\/categories?post=558130"},{"taxonomy":"post_tag","embeddable":true,"href":"https:\/\/www.europesays.com\/fr\/wp-json\/wp\/v2\/tags?post=558130"}],"curies":[{"name":"wp","href":"https:\/\/api.w.org\/{rel}","templated":true}]}}