{"id":558134,"date":"2025-11-25T17:51:20","date_gmt":"2025-11-25T17:51:20","guid":{"rendered":"https:\/\/www.europesays.com\/fr\/558134\/"},"modified":"2025-11-25T17:51:20","modified_gmt":"2025-11-25T17:51:20","slug":"cofidis-group-et-le-colisee-de-roubaix-15-ans-dun-partenariat-au-service-de-lacces-a-la-culture","status":"publish","type":"post","link":"https:\/\/www.europesays.com\/fr\/558134\/","title":{"rendered":"Cofidis Group et le Colis\u00e9e de Roubaix : 15 ans d\u2019un partenariat au service de l\u2019acc\u00e8s \u00e0 la culture"},"content":{"rendered":"<p>C\u2019est une collaboration fid\u00e8le et embl\u00e9matique qu\u2019ont c\u00e9l\u00e9br\u00e9 aujourd\u2019hui Cofidis Group et le Colis\u00e9e de Roubaix : quinze ann\u00e9es d\u2019un partenariat construit autour d\u2019une conviction commune, celle que la culture constitue un puissant levier d\u2019inclusion et de coh\u00e9sion sociale. \u00c0 l\u2019occasion de cet anniversaire, l\u2019entreprise a renouvelle son contrat de m\u00e9c\u00e9nat pour la p\u00e9riode 2025-2026, confirmant un engagement qui s\u2019inscrit dans la dur\u00e9e.<\/p>\n<p>Depuis 2010, Cofidis Group soutient le Colis\u00e9e de Roubaix \u00e0 travers un m\u00e9c\u00e9nat qui permet de proposer des places de spectacle \u00e0 tarifs r\u00e9duits aux publics qui en sont habituellement \u00e9loign\u00e9s. Centres sociaux, associations roubaisiennes, \u00e9coles, demandeurs d\u2019emploi : autant de publics cibl\u00e9s pour lever les obstacles \u00e9conomiques qui freinent l\u2019acc\u00e8s au spectacle vivant.<\/p>\n<p>Un soutien concret et durable<\/p>\n<p>Pour les deux prochaines saisons, Cofidis Group apporte un soutien de 50 000 euros, un montant qui permet chaque ann\u00e9e de mettre en place des actions tangibles en faveur d\u2019un public plus large et plus diversifi\u00e9. Parmi les dispositifs phares :<\/p>\n<ul>\n<li>Des billets \u00e0 tarifs r\u00e9duits, distribu\u00e9s par les centres sociaux et associations de Roubaix, Tourcoing et des environs.<\/li>\n<li>Le tarif \u201cderni\u00e8re minute\u201d \u00e0 15 euros, particuli\u00e8rement appr\u00e9ci\u00e9 des \u00e9tudiants, demandeurs d\u2019emploi et habitants des quartiers populaires.<\/li>\n<li>Des invitations gratuites remises \u00e0 certaines structures sociales pour permettre \u00e0 des familles ou des jeunes de vivre une premi\u00e8re exp\u00e9rience culturelle.<\/li>\n<\/ul>\n<p>Ce m\u00e9c\u00e9nat contribue \u00e9galement \u00e0 renforcer la dimension d\u2019un accueil inclusif au Colis\u00e9e : aides auditives, places d\u00e9di\u00e9es aux personnes d\u00e9ficientes visuelles, espaces accessibles aux personnes \u00e0 mobilit\u00e9 r\u00e9duite\u2026 une d\u00e9marche salu\u00e9e par les \u00e9quipes et les partenaires.<\/p>\n<p>Un impact fort sur le territoire<\/p>\n<p>Pr\u00e9sent lors de la signature, Fr\u00e9d\u00e9ric Lefebvre, adjoint au Maire en charge de la Culture et du Patrimoine, a rappel\u00e9 l\u2019importance de ce soutien dans un environnement populaire :<\/p>\n<p>\u00ab Install\u00e9 au c\u0153ur d\u2019un quartier populaire, le Colis\u00e9e participe au rayonnement de la culture. Via le m\u00e9c\u00e9nat, les entreprises peuvent aider la collectivit\u00e9 \u00e0 permettre \u00e0 d\u2019autres publics d\u2019acc\u00e9der aux spectacles gr\u00e2ce \u00e0 des tarifs accessibles. \u00bb<\/p>\n<p>Il a \u00e9galement soulign\u00e9 que le th\u00e9\u00e2tre enregistre aujourd\u2019hui \u00ab une saison record en termes d\u2019abonnements et de fr\u00e9quentation \u00bb, preuve de l\u2019attractivit\u00e9 renforc\u00e9e du lieu.<\/p>\n<p>Une relation solide malgr\u00e9 les d\u00e9fis<\/p>\n<p>Pour Gilles Sauret, Pr\u00e9sident de Cofidis Group, ces 15 ann\u00e9es t\u00e9moignent d\u2019une histoire construite dans la dur\u00e9e :<\/p>\n<p>\u00ab Nous c\u00e9l\u00e9brons 15 ans d\u2019un partenariat exemplaire. Nous avons travers\u00e9 ensemble des moments difficiles, notamment pendant la crise du COVID, mais cette collaboration est rest\u00e9e solide. La culture peut transformer des vies. \u00bb<\/p>\n<p>Il a \u00e9galement rappel\u00e9 le lien fort qui unit l\u2019entreprise \u00e0 Roubaix, notamment au travers de son engagement dans le cyclisme et de son implication soci\u00e9tale sur le territoire.<\/p>\n<p>Du c\u00f4t\u00e9 du Colis\u00e9e, Bertrand Millet, Directeur g\u00e9n\u00e9ral, a soulign\u00e9 l\u2019importance de ce soutien :<\/p>\n<p>\u00ab Gr\u00e2ce au soutien fid\u00e8le de Cofidis Group, nous pouvons maintenir une politique tarifaire accessible, mener des actions sociales ambitieuses et accueillir une grande diversit\u00e9 de publics. Ce partenariat est essentiel pour permettre \u00e0 des milliers d\u2019habitants de vivre l\u2019exp\u00e9rience du spectacle vivant. \u00bb<\/p>\n","protected":false},"excerpt":{"rendered":"C\u2019est une collaboration fid\u00e8le et embl\u00e9matique qu\u2019ont c\u00e9l\u00e9br\u00e9 aujourd\u2019hui Cofidis Group et le Colis\u00e9e de Roubaix : quinze&hellip;\n","protected":false},"author":2,"featured_media":558135,"comment_status":"","ping_status":"","sticky":false,"template":"","format":"standard","meta":{"footnotes":""},"categories":[2815],"tags":[1111,11,23076,251,1777,674,1011,27,811,1307,67536,12,25],"class_list":{"0":"post-558134","1":"post","2":"type-post","3":"status-publish","4":"format-standard","5":"has-post-thumbnail","7":"category-lille","8":"tag-actu","9":"tag-actualites","10":"tag-colisee","11":"tag-culture","12":"tag-eu","13":"tag-europe","14":"tag-fr","15":"tag-france","16":"tag-hauts-de-france","17":"tag-lille","18":"tag-mecenat","19":"tag-news","20":"tag-republique-francaise"},"share_on_mastodon":{"url":"https:\/\/pubeurope.com\/@fr\/115611611079538430","error":""},"_links":{"self":[{"href":"https:\/\/www.europesays.com\/fr\/wp-json\/wp\/v2\/posts\/558134","targetHints":{"allow":["GET"]}}],"collection":[{"href":"https:\/\/www.europesays.com\/fr\/wp-json\/wp\/v2\/posts"}],"about":[{"href":"https:\/\/www.europesays.com\/fr\/wp-json\/wp\/v2\/types\/post"}],"author":[{"embeddable":true,"href":"https:\/\/www.europesays.com\/fr\/wp-json\/wp\/v2\/users\/2"}],"replies":[{"embeddable":true,"href":"https:\/\/www.europesays.com\/fr\/wp-json\/wp\/v2\/comments?post=558134"}],"version-history":[{"count":0,"href":"https:\/\/www.europesays.com\/fr\/wp-json\/wp\/v2\/posts\/558134\/revisions"}],"wp:featuredmedia":[{"embeddable":true,"href":"https:\/\/www.europesays.com\/fr\/wp-json\/wp\/v2\/media\/558135"}],"wp:attachment":[{"href":"https:\/\/www.europesays.com\/fr\/wp-json\/wp\/v2\/media?parent=558134"}],"wp:term":[{"taxonomy":"category","embeddable":true,"href":"https:\/\/www.europesays.com\/fr\/wp-json\/wp\/v2\/categories?post=558134"},{"taxonomy":"post_tag","embeddable":true,"href":"https:\/\/www.europesays.com\/fr\/wp-json\/wp\/v2\/tags?post=558134"}],"curies":[{"name":"wp","href":"https:\/\/api.w.org\/{rel}","templated":true}]}}