{"id":558165,"date":"2025-11-25T18:10:16","date_gmt":"2025-11-25T18:10:16","guid":{"rendered":"https:\/\/www.europesays.com\/fr\/558165\/"},"modified":"2025-11-25T18:10:16","modified_gmt":"2025-11-25T18:10:16","slug":"hugo-hay-ira-bien-aux-championnats-deurope","status":"publish","type":"post","link":"https:\/\/www.europesays.com\/fr\/558165\/","title":{"rendered":"Hugo Hay ira bien aux championnats d\u2019Europe !"},"content":{"rendered":"<p>Comme on pouvait l\u2019imaginer, les modalit\u00e9s de s\u00e9lection pour les championnats d\u2019Europe de cross-country promettaient d\u2019\u00eatre floues. \u00ab\u00a0Autant finir le plus haut possible, et ne pas trop se poser de questions apr\u00e8s la course\u00a0\u00bb, \u00e9voquait Hugo Hay <a target=\"_blank\" href=\"https:\/\/www.lanouvellerepublique.fr\/bressuire\/cross-country-a-allonnes-hugo-hay-aura-l-europe-en-tete-1763573037\" rel=\"noopener\">quelques jours avant de prendre le d\u00e9part de l\u2019\u00e9preuve d\u2019Allonnes, ce dimanche 23\u00a0novembre.<\/a><\/p>\n<p>Dans la Sarthe, pourtant, le soci\u00e9taire du Sbac est pass\u00e9 \u00e0 c\u00f4t\u00e9 de son coup, diminu\u00e9 par une intoxication alimentaire deux jours avant qui a finalement d\u00e9bouch\u00e9 sur une 32e\u00a0place finale, loin des pr\u00e9requis.<\/p>\n<p>Enfin, pensait-on\u2026 Car ce mardi 25\u00a0novembre, son nom figure bien dans la s\u00e9lection d\u00e9voil\u00e9e par la FFA pour l\u2019\u00e9preuve de Lagoa, le 14\u00a0d\u00e9cembre prochain. Le Sbaciste profite ainsi du choix de Yann Schrub, premier Fran\u00e7ais, de ne pas participer pour privil\u00e9gier les Mondiaux. \u00ab\u00a0Le comit\u00e9 de s\u00e9lection a pris la d\u00e9cision de compl\u00e9ter l\u2019\u00e9quipe avec deux autres athl\u00e8tes\u00a0: Valentin Bresc, 5e Fran\u00e7ais lors de cette m\u00eame course, et Hugo Hay. Nous avons tenu compte de l\u2019\u00e9cart cons\u00e9quent, de pr\u00e8s de 15 secondes, entre Valentin Bresc et le 6e Fran\u00e7ais, Nicolas Vitre. De plus, Hugo Hay poss\u00e8de un historique cons\u00e9quent au sein de l\u2019\u00e9quipe de France de cross, avec de nombreuses r\u00e9compenses, et il revient en forme comme le montrent ses 27\u201943\u2019\u2019sur 10\u00a0km \u00e0 Bordeaux. Il a \u00e9t\u00e9 victime d\u2019une intoxication alimentaire avant Allonnes et n\u2019a pas pu courir \u00e0 son niveau ce dimanche. Le comit\u00e9 de s\u00e9lection a consid\u00e9r\u00e9 qu\u2019il avait beaucoup \u00e0 apporter \u00e0 l\u2019\u00e9quipe, dans la qu\u00eate d\u2019un podium voire de l\u2019or\u00a0\u00bb, peut-on notamment lire sur le communiqu\u00e9. Fabien Palcau, Simon B\u00e9dard et Luc Le Baron accompagneront les deux athl\u00e8tes.<\/p>\n<p>Une surprise presque inesp\u00e9r\u00e9e pour le Deux-S\u00e9vrien, r\u00e9guli\u00e8rement emb\u00eat\u00e9 et frein\u00e9 par des p\u00e9pins physiques ces derniers mois.<\/p>\n","protected":false},"excerpt":{"rendered":"Comme on pouvait l\u2019imaginer, les modalit\u00e9s de s\u00e9lection pour les championnats d\u2019Europe de cross-country promettaient d\u2019\u00eatre floues. \u00ab\u00a0Autant&hellip;\n","protected":false},"author":2,"featured_media":558166,"comment_status":"","ping_status":"","sticky":false,"template":"","format":"standard","meta":{"footnotes":""},"categories":[1586],"tags":[1392,11,6753,44050,1777,674,1011,27,12,25,60],"class_list":{"0":"post-558165","1":"post","2":"type-post","3":"status-publish","4":"format-standard","5":"has-post-thumbnail","7":"category-europe","8":"tag-a-la-une-local","9":"tag-actualites","10":"tag-bressuire","11":"tag-cross-country","12":"tag-eu","13":"tag-europe","14":"tag-fr","15":"tag-france","16":"tag-news","17":"tag-republique-francaise","18":"tag-sports"},"share_on_mastodon":{"url":"https:\/\/pubeurope.com\/@fr\/115611685703917794","error":""},"_links":{"self":[{"href":"https:\/\/www.europesays.com\/fr\/wp-json\/wp\/v2\/posts\/558165","targetHints":{"allow":["GET"]}}],"collection":[{"href":"https:\/\/www.europesays.com\/fr\/wp-json\/wp\/v2\/posts"}],"about":[{"href":"https:\/\/www.europesays.com\/fr\/wp-json\/wp\/v2\/types\/post"}],"author":[{"embeddable":true,"href":"https:\/\/www.europesays.com\/fr\/wp-json\/wp\/v2\/users\/2"}],"replies":[{"embeddable":true,"href":"https:\/\/www.europesays.com\/fr\/wp-json\/wp\/v2\/comments?post=558165"}],"version-history":[{"count":0,"href":"https:\/\/www.europesays.com\/fr\/wp-json\/wp\/v2\/posts\/558165\/revisions"}],"wp:featuredmedia":[{"embeddable":true,"href":"https:\/\/www.europesays.com\/fr\/wp-json\/wp\/v2\/media\/558166"}],"wp:attachment":[{"href":"https:\/\/www.europesays.com\/fr\/wp-json\/wp\/v2\/media?parent=558165"}],"wp:term":[{"taxonomy":"category","embeddable":true,"href":"https:\/\/www.europesays.com\/fr\/wp-json\/wp\/v2\/categories?post=558165"},{"taxonomy":"post_tag","embeddable":true,"href":"https:\/\/www.europesays.com\/fr\/wp-json\/wp\/v2\/tags?post=558165"}],"curies":[{"name":"wp","href":"https:\/\/api.w.org\/{rel}","templated":true}]}}