{"id":558167,"date":"2025-11-25T18:11:24","date_gmt":"2025-11-25T18:11:24","guid":{"rendered":"https:\/\/www.europesays.com\/fr\/558167\/"},"modified":"2025-11-25T18:11:24","modified_gmt":"2025-11-25T18:11:24","slug":"les-pays-de-lue-doivent-reconnaitre-un-mariage-entre-personnes-de-meme-sexe-conclu-dans-un-autre-pays","status":"publish","type":"post","link":"https:\/\/www.europesays.com\/fr\/558167\/","title":{"rendered":"Les pays de l\u2019UE doivent reconna\u00eetre un mariage entre personnes de m\u00eame sexe conclu dans un autre pays"},"content":{"rendered":"<p>                     <img loading=\"lazy\" decoding=\"async\" src=\"https:\/\/www.europesays.com\/fr\/wp-content\/uploads\/2025\/11\/1512511_upload-1-ts9e0iuarj3o-000-32d88qq.jpg\" alt=\"Des participants \u00e0 la parade WarsawPride et KyivPride \u00e0 Varsovie, en Pologne, le 25\u00a0juin 2022. \"   width=\"664\" height=\"443\"\/>    Des participants \u00e0 la parade WarsawPride et KyivPride \u00e0 Varsovie, en Pologne, le 25\u00a0juin 2022.  WOJTEK RADWANSKI \/ AFP                 <\/p>\n<p class=\"article__paragraph  \">\u00ab\u00a0Un Etat membre a l\u2019obligation de reconna\u00eetre le mariage de deux citoyens de l\u2019Union de m\u00eame sexe, l\u00e9galement conclu dans un autre Etat membre\u00a0\u00bb\u00a0: la Cour de justice de l\u2019Union europ\u00e9enne (CJUE) a r\u00e9sum\u00e9, en ces termes, les conclusions d\u2019un arr\u00eat qu\u2019elle a rendu mardi 25\u00a0novembre. C\u2019est la premi\u00e8re fois que les juges de Luxembourg se prononcent dans une affaire de ce type et, \u00e0 n\u2019en pas douter, leur d\u00e9cision fera date.<\/p>\n<p class=\"article__paragraph  \">Apr\u00e8s s\u2019\u00eatre mari\u00e9s \u00e0 Berlin, en\u00a02018, deux citoyens polonais ont voulu faire reconna\u00eetre leur union dans leur pays, o\u00f9 ils souhaitaient vivre. Ils se sont alors vus refuser leur demande, au motif que le droit polonais n\u2019autorise pas le mariage entre les personnes de m\u00eame sexe. Saisie de l\u2019affaire, la Cour administrative supr\u00eame polonaise s\u2019est adress\u00e9e \u00e0 la Cour de justice de l\u2019UE, qui a donc jug\u00e9 \u00ab\u00a0contraire au droit europ\u00e9en\u00a0\u00bb le refus qui a \u00e9t\u00e9 fait aux plaignants.<\/p>\n<p class=\"article__paragraph  \">Les r\u00e8gles relatives au mariage rel\u00e8vent bel et bien de la comp\u00e9tence nationale, rappelle la Cour de Luxembourg, et l\u2019arr\u00eat de mardi \u00ab\u00a0n\u2019implique pas que cet Etat doive pr\u00e9voir le mariage entre deux personnes de m\u00eame sexe dans son droit national\u00a0\u00bb. Mais les Etats membres sont tenus de respecter le droit de l\u2019Union, qui accorde aux citoyens la libert\u00e9 de circulation et de s\u00e9jour sur le Vieux Continent.<\/p>\n<p class=\"reading-mode-only \"><strong>Il vous reste 67.05% de cet article \u00e0 lire. La suite est r\u00e9serv\u00e9e aux abonn\u00e9s.<\/strong><\/p>\n","protected":false},"excerpt":{"rendered":"Des participants \u00e0 la parade WarsawPride et KyivPride \u00e0 Varsovie, en Pologne, le 25\u00a0juin 2022. WOJTEK RADWANSKI \/&hellip;\n","protected":false},"author":2,"featured_media":558168,"comment_status":"","ping_status":"","sticky":false,"template":"","format":"standard","meta":{"footnotes":""},"categories":[1586],"tags":[11,1777,674,1779,1011,27,12,25,1778,364],"class_list":{"0":"post-558167","1":"post","2":"type-post","3":"status-publish","4":"format-standard","5":"has-post-thumbnail","7":"category-europe","8":"tag-actualites","9":"tag-eu","10":"tag-europe","11":"tag-european-union","12":"tag-fr","13":"tag-france","14":"tag-news","15":"tag-republique-francaise","16":"tag-ue","17":"tag-union-europeenne"},"share_on_mastodon":{"url":"https:\/\/pubeurope.com\/@fr\/115611691304941896","error":""},"_links":{"self":[{"href":"https:\/\/www.europesays.com\/fr\/wp-json\/wp\/v2\/posts\/558167","targetHints":{"allow":["GET"]}}],"collection":[{"href":"https:\/\/www.europesays.com\/fr\/wp-json\/wp\/v2\/posts"}],"about":[{"href":"https:\/\/www.europesays.com\/fr\/wp-json\/wp\/v2\/types\/post"}],"author":[{"embeddable":true,"href":"https:\/\/www.europesays.com\/fr\/wp-json\/wp\/v2\/users\/2"}],"replies":[{"embeddable":true,"href":"https:\/\/www.europesays.com\/fr\/wp-json\/wp\/v2\/comments?post=558167"}],"version-history":[{"count":0,"href":"https:\/\/www.europesays.com\/fr\/wp-json\/wp\/v2\/posts\/558167\/revisions"}],"wp:featuredmedia":[{"embeddable":true,"href":"https:\/\/www.europesays.com\/fr\/wp-json\/wp\/v2\/media\/558168"}],"wp:attachment":[{"href":"https:\/\/www.europesays.com\/fr\/wp-json\/wp\/v2\/media?parent=558167"}],"wp:term":[{"taxonomy":"category","embeddable":true,"href":"https:\/\/www.europesays.com\/fr\/wp-json\/wp\/v2\/categories?post=558167"},{"taxonomy":"post_tag","embeddable":true,"href":"https:\/\/www.europesays.com\/fr\/wp-json\/wp\/v2\/tags?post=558167"}],"curies":[{"name":"wp","href":"https:\/\/api.w.org\/{rel}","templated":true}]}}