{"id":558169,"date":"2025-11-25T18:12:16","date_gmt":"2025-11-25T18:12:16","guid":{"rendered":"https:\/\/www.europesays.com\/fr\/558169\/"},"modified":"2025-11-25T18:12:16","modified_gmt":"2025-11-25T18:12:16","slug":"ces-professeurs-stagiaires-qui-demissionnent-avant-detre-titularises-liberation","status":"publish","type":"post","link":"https:\/\/www.europesays.com\/fr\/558169\/","title":{"rendered":"ces professeurs stagiaires qui d\u00e9missionnent avant d\u2019\u00eatre titularis\u00e9s \u2013 Lib\u00e9ration"},"content":{"rendered":"<p class=\"sc-cPiKLX AiZTS text-element\">Louise (1) a \u00e9t\u00e9 \u00abbroy\u00e9e par l\u2019institution\u00bb en seulement neuf semaines. A 27 ans, cette enseignante stagiaire a d\u00e9missionn\u00e9 de l\u2019\u00e9ducation nationale avant m\u00eame d\u2019\u00eatre titularis\u00e9e. Deux mois apr\u00e8s sa premi\u00e8re rentr\u00e9e scolaire, ses id\u00e9aux entrent en collision <a href=\"https:\/\/www.liberation.fr\/societe\/education\/je-travaillais-70-heures-par-semaine-et-ca-nallait-jamais-des-enseignants-stagiaires-ecrases-par-leur-hierarchie-20230905_ME75QIAZHBEKFNL2N5VYUJC574\/\" target=\"_blank\" rel=\"noreferrer noopener\" title=\"https:\/\/www.liberation.fr\/societe\/education\/je-travaillais-70-heures-par-semaine-et-ca-nallait-jamais-des-enseignants-stagiaires-ecrases-par-leur-hierarchie-20230905_ME75QIAZHBEKFNL2N5VYUJC574\/\">avec la r\u00e9alit\u00e9 des rapports hi\u00e9rarchiques<\/a>. Tr\u00e8s bien class\u00e9e <a href=\"https:\/\/www.liberation.fr\/societe\/education\/recrutements-de-profs-les-concours-ne-font-toujours-pas-le-plein-20230706_OYD4ZI4AYZELFDKE4ZFIPR7GMU\/\" target=\"_blank\" rel=\"noreferrer noopener\" title=\"https:\/\/www.liberation.fr\/societe\/education\/recrutements-de-profs-les-concours-ne-font-toujours-pas-le-plein-20230706_OYD4ZI4AYZELFDKE4ZFIPR7GMU\/\">\u00e0 l\u2019issue du concours<\/a>, elle est affect\u00e9e, pour septembre 2025, \u00e0 une classe de CE2 dans une \u00e9cole de Seine-Saint-Denis. A quelques jours de la rentr\u00e9e, elle apprend qu\u2019un \u00e9l\u00e8ve a des \u00abbesoins particuliers\u00bb. \u00abCe qui ne me para\u00eet pas insurmontable : je suis \u00e9ducatrice sp\u00e9cialis\u00e9e de formation, j\u2019ai l\u2019habitude du public difficile voire tr\u00e8s difficile\u00bb, confie-t-elle.<\/p>\n","protected":false},"excerpt":{"rendered":"Louise (1) a \u00e9t\u00e9 \u00abbroy\u00e9e par l\u2019institution\u00bb en seulement neuf semaines. A 27 ans, cette enseignante stagiaire a&hellip;\n","protected":false},"author":2,"featured_media":558170,"comment_status":"","ping_status":"","sticky":false,"template":"","format":"standard","meta":{"footnotes":""},"categories":[2],"tags":[11,1122,1011,27,12,25],"class_list":{"0":"post-558169","1":"post","2":"type-post","3":"status-publish","4":"format-standard","5":"has-post-thumbnail","7":"category-actualites","8":"tag-actualites","9":"tag-ecole","10":"tag-fr","11":"tag-france","12":"tag-news","13":"tag-republique-francaise"},"share_on_mastodon":{"url":"https:\/\/pubeurope.com\/@fr\/115611693521503310","error":""},"_links":{"self":[{"href":"https:\/\/www.europesays.com\/fr\/wp-json\/wp\/v2\/posts\/558169","targetHints":{"allow":["GET"]}}],"collection":[{"href":"https:\/\/www.europesays.com\/fr\/wp-json\/wp\/v2\/posts"}],"about":[{"href":"https:\/\/www.europesays.com\/fr\/wp-json\/wp\/v2\/types\/post"}],"author":[{"embeddable":true,"href":"https:\/\/www.europesays.com\/fr\/wp-json\/wp\/v2\/users\/2"}],"replies":[{"embeddable":true,"href":"https:\/\/www.europesays.com\/fr\/wp-json\/wp\/v2\/comments?post=558169"}],"version-history":[{"count":0,"href":"https:\/\/www.europesays.com\/fr\/wp-json\/wp\/v2\/posts\/558169\/revisions"}],"wp:featuredmedia":[{"embeddable":true,"href":"https:\/\/www.europesays.com\/fr\/wp-json\/wp\/v2\/media\/558170"}],"wp:attachment":[{"href":"https:\/\/www.europesays.com\/fr\/wp-json\/wp\/v2\/media?parent=558169"}],"wp:term":[{"taxonomy":"category","embeddable":true,"href":"https:\/\/www.europesays.com\/fr\/wp-json\/wp\/v2\/categories?post=558169"},{"taxonomy":"post_tag","embeddable":true,"href":"https:\/\/www.europesays.com\/fr\/wp-json\/wp\/v2\/tags?post=558169"}],"curies":[{"name":"wp","href":"https:\/\/api.w.org\/{rel}","templated":true}]}}