{"id":558187,"date":"2025-11-25T18:28:18","date_gmt":"2025-11-25T18:28:18","guid":{"rendered":"https:\/\/www.europesays.com\/fr\/558187\/"},"modified":"2025-11-25T18:28:18","modified_gmt":"2025-11-25T18:28:18","slug":"de-cnews-a-w9-les-confidences-de-shana-loustau","status":"publish","type":"post","link":"https:\/\/www.europesays.com\/fr\/558187\/","title":{"rendered":"de CNews \u00e0 W9, les confidences de Shana Loustau"},"content":{"rendered":"<p>\n    <strong>ENTRETIEN \u2013<\/strong> Copr\u00e9sentatrice de la matinale de la cha\u00eene d\u2019information du groupe Canal+ pendant quatre saisons, la journaliste de 29 ans fait partie des r\u00e9v\u00e9lations du talk-show \u00abTout beau tout n9uf\u00bb depuis la rentr\u00e9e.<\/p>\n<p class=\"fig-paragraph\">\u00ab\u00a0<a href=\"http:\/\/tvmag.lefigaro.fr\/programme-tv\/actu-tele\/qui-est-shana-loustau-la-nouvelle-chroniqueuse-de-cyril-hanouna-dans-tout-beau-tout-n9uf-sur-w9-20250822\" target=\"_blank\" data-fig-type=\"Article\" rel=\"noopener\" data-gtm-custom-categorie=\"navigation\" data-gtm-custom-action=\"crossclick\" data-gtm-custom-label=\"Contextuel\" data-gtm-event=\"customEventSPE\" data-fig-domain=\"TVMAG\">Qui est Shana Loustau\u00a0?<\/a> \u00a0\u00bb Cette question pos\u00e9e en intitul\u00e9 d\u2019un de nos articles publi\u00e9 le 1er septembre dernier, en marge du lancement de l\u2019\u00e9mission\u00a0<a href=\"https:\/\/tvmag.lefigaro.fr\/programme-tv\/programme\/tout-beau-tout-n9uf-f1739751333\" target=\"_blank\" rel=\"noopener\" data-gtm-custom-categorie=\"navigation\" data-gtm-custom-action=\"crossclick\" data-gtm-custom-label=\"Contextuel\" data-gtm-event=\"customEventSPE\"><strong>\u00ab Tout beau tout n9uf\u00a0\u00bb<\/strong><\/a> \u00a0sur W9, a suscit\u00e9 un vif int\u00e9r\u00eat ces derni\u00e8res semaines. Nouveau visage de la bande constitu\u00e9e par <strong>Cyril Hanouna<\/strong>, la journaliste a rejoint le talk-show de H2O Productions apr\u00e8s plusieurs ann\u00e9es au sein du groupe Canal+.<\/p>\n<p class=\"fig-paragraph\">Copr\u00e9sentatrice de la matinale de CNews pendant quatre ans aux c\u00f4t\u00e9s de Romain Desarbres, <strong>Shana Loustau<\/strong> a \u00e9galement incarn\u00e9 le magazine \u00ab Au c\u0153ur de l\u2019enqu\u00eate\u00a0\u00bb sur CStar durant la saison 2023-2024. Apr\u00e8s deux mois et demi de cette nouvelle exp\u00e9rience de chroniqueuse dans \u00ab Tout beau tout n9uf\u00a0\u00bb \u00e0 la t\u00e9l\u00e9vision et dans \u00ab Tout beau tout fun\u00a0\u00bb \u00e0 la radio sur Fun Radio, celle qui a souffl\u00e9 ses 29 bougies le 27 juillet dernier nous parle d\u2019elle et de son cheminement professionnel.<\/p>\n<p class=\"fig-body-link\">\n            \u00c0 lire aussi<br \/>\n        <a class=\"fig-body-link__link\" href=\"http:\/\/tvmag.lefigaro.fr\/programme-tv\/actu-tele\/cyril-hanouna-s-incruste-sur-le-tournage-de-la-roue-de-la-fortune-20251015\" target=\"_blank\" data-fig-type=\"Article\" rel=\"noopener\" data-gtm-custom-categorie=\"navigation\" data-gtm-custom-action=\"crossclick\" data-gtm-custom-label=\"Contextuel\" data-gtm-event=\"customEventSPE\" data-fig-domain=\"TVMAG\"><\/p>\n<p>        Cyril Hanouna s\u2019incruste sur le tournage de \u00abLa Roue de la fortune\u00bb<br \/>\n    <\/a>\n<\/p>\n<p>                                    <a class=\"fig-a11y-skip a11y-hidden\" href=\"#fig-a11y-skip-main-inarticle\"><br \/>\n        Passer la publicit\u00e9<br \/>\n    <\/a><\/p>\n<p class=\"fig-paragraph\"><strong>LE FIGARO. \u2013 Quel a \u00e9t\u00e9 votre parcours jusqu\u2019\u00e0 vos premiers pas dans le monde du journalisme\u00a0?\u00a0<\/strong><br \/><strong>Shana LOUSTAU. &#8211; <\/strong>Je suis n\u00e9e en plein milieu d\u2019un \u00e9t\u00e9 \u00e0 Royan, en Charente-Maritime, et j\u2019ai grandi en banlieue parisienne. Apr\u00e8s mon bac \u00e9conomique et social, j\u2019ai fait une ann\u00e9e de th\u00e9\u00e2tre au Cours Florent et, parall\u00e8lement, j\u2019\u00e9tais \u00e0 la fac \u00e0 la Sorbonne pour apprendre l\u2019histoire du cin\u00e9ma. J\u2019y suis\u00a0<br \/>rest\u00e9e tr\u00e8s peu de temps. Il y a beaucoup d\u2019incertitudes dans le cin\u00e9ma et, \u00e0 18 ans, j\u2019ai pr\u00e9f\u00e9r\u00e9 m\u2019orienter vers une profession plus s\u00fbre\u00a0: le journalisme. J\u2019ai toujours aim\u00e9 l\u2019info, mais quand je suis arriv\u00e9e dans mon \u00e9cole, le d\u00e9clic a \u00e9t\u00e9 imm\u00e9diat. Il y avait des studios t\u00e9l\u00e9, des studios radio et je me r\u00e9galais. Gr\u00e2ce au\u00a0<a href=\"https:\/\/www.lefigaro.fr\/theatre\/2017\/03\/31\/03003-20170331ARTFIG00120-50-ans-du-cours-florent-les-meilleurs-eleves-racontent-une-ecole-de-legende.php\" target=\"_blank\" data-fig-type=\"Article\" rel=\"noopener\" data-gtm-custom-categorie=\"navigation\" data-gtm-custom-action=\"crossclick\" data-gtm-custom-label=\"Contextuel\" data-gtm-event=\"customEventSPE\" data-fig-domain=\"LEFIGARO\">Cours Florent<\/a>, j\u2019\u00e9tais compl\u00e8tement d\u00e9coinc\u00e9e vis-\u00e0-vis de mon image et du regard des autres. Avec le fait d\u2019\u00eatre film\u00e9e, d\u2019\u00eatre entendue, etc. Cela m\u2019a beaucoup aid\u00e9e.<\/p>\n<p class=\"fig-paragraph\"><strong>\u00c9tiez-vous quelqu\u2019un de r\u00e9serv\u00e9e\u00a0?\u00a0<\/strong><br \/>Oui, compl\u00e8tement\u00a0! Pendant ma scolarit\u00e9, lorsqu\u2019on me posait une question ou si je devais aller au tableau devant tout le monde, c\u2019\u00e9tait tr\u00e8s compliqu\u00e9. Je devenais toute rouge. (Rires.) Les premi\u00e8res semaines au Cours Florent ont \u00e9t\u00e9 douloureuses pour moi. Pour me d\u00e9coincer, une prof m\u2019avait fait passer seule sur sc\u00e8ne et m\u2019avait demand\u00e9 de jouer\u00a0<a href=\"http:\/\/www.lefigaro.fr\/theatre\/notre-critique-de-phedre-a-la-scala-aux-racines-de-l-amour-20251024\" target=\"_blank\" data-fig-type=\"Article\" rel=\"noopener\" data-gtm-custom-categorie=\"navigation\" data-gtm-custom-action=\"crossclick\" data-gtm-custom-label=\"Contextuel\" data-gtm-event=\"customEventSPE\" data-fig-domain=\"LEFIGARO\">Ph\u00e8dre de Racine<\/a>\u00a0en faisant la poule. Elle voulait que je m\u2019affranchisse du regard des autres et de la peur du jugement. Cela m\u2019avait beaucoup marqu\u00e9e.<\/p>\n<blockquote class=\"fig-quote&#10;    \">\n<p class=\"fig-quote__text\">\u00ab Je demandais toujours \u00e0 ma m\u00e8re de venir sur les plateaux t\u00e9l\u00e9\u00a0\u00bb<\/p>\n<p>            Shana Loustau\n    <\/p><\/blockquote>\n<p class=\"fig-paragraph\"><strong>Lorsque vous \u00e9tiez petite, quel m\u00e9tier souhaitiez-vous faire\u00a0?\u00a0<\/strong><br \/>J\u2019ai un papa qui jouait la com\u00e9die, donc j\u2019ai toujours aim\u00e9 cela et \u00e7a m\u2019a toujours int\u00e9ress\u00e9e. J\u2019ai toujours aim\u00e9 regarder des films, etc. J\u2019ai voulu essayer de faire comme lui mais \u00e7a m\u2019a vite fait peur. Je pense qu\u2019il faut \u00eatre arm\u00e9 pour entrer dans ce milieu-l\u00e0 et, \u00e0 18 ans, je ne l\u2019\u00e9tais pas. Mais c\u2019\u00e9tait un mal pour un bien parce que je ne regrette pas du tout mon choix de carri\u00e8re aujourd\u2019hui.<\/p>\n<p class=\"fig-paragraph\"><strong>Dans quel cadre familial avez-vous grandi\u00a0?\u00a0<\/strong><br \/>J\u2019ai donc mon p\u00e8re, Jean-Pierre, qui \u00e9tait com\u00e9dien et qui aujourd\u2019hui est d\u00e9corateur d\u2019int\u00e9rieur. Ma m\u00e8re, Val\u00e9rie, travaillait \u00e0 la t\u00e9l\u00e9vision, dans le divertissement. Elle \u00e9tait productrice d\u2019\u00e9missions de t\u00e9l\u00e9 et r\u00e9dactrice en chef sur d\u2019autres. J\u2019ai un grand fr\u00e8re de 33 ans et un petit fr\u00e8re de 8 ans. J\u2019ai toujours \u00e9t\u00e9 la derni\u00e8re de la famille et quand il est arriv\u00e9, j\u2019ai ador\u00e9 \u00eatre une grande s\u0153ur. Le voir grandir et passer plein d\u2019\u00e9tapes est un bonheur.<\/p>\n<p class=\"fig-paragraph\"><strong>Le fait d\u2019avoir une maman dans le milieu de la t\u00e9l\u00e9 vous a-t-il aid\u00e9\u00a0?\u00a0<\/strong><br \/>Oui dans le sens o\u00f9 son m\u00e9tier a toujours attis\u00e9 ma curiosit\u00e9. Quand j\u2019\u00e9tais petite, je demandais toujours \u00e0 ma m\u00e8re de venir sur les plateaux t\u00e9l\u00e9. J\u2019\u00e9tais fascin\u00e9e par ce monde et je voulais comprendre comment il fonctionnait. Donc c\u2019\u00e9tait une chance de pouvoir y acc\u00e9der, depuis les coulisses.<\/p>\n<blockquote class=\"fig-quote&#10;    \">\n<p class=\"fig-quote__text\">\u00ab J\u2019ai ador\u00e9 travailler avec Pascal Praud, tu apprends juste en le regardant faire, c\u2019est assez incroyable\u00a0\u00bb<\/p>\n<p>            Shana Loustau\n    <\/p><\/blockquote>\n<p>                                    <a class=\"fig-a11y-skip a11y-hidden\" href=\"#fig-a11y-skip-main-inarticle_mtf\"><br \/>\n        Passer la publicit\u00e9<br \/>\n    <\/a><\/p>\n<p class=\"fig-paragraph\"><strong>Comment vous \u00eates-vous retrouv\u00e9e \u00e0 CNews apr\u00e8s votre \u00e9cole de journalisme\u00a0?\u00a0<\/strong><br \/>Apr\u00e8s ma licence dans une \u00e9cole priv\u00e9e de journalisme, j\u2019ai fait un master au CFPJ et j\u2019ai int\u00e9gr\u00e9 CNews en alternance pendant deux ans. Je suis arriv\u00e9e \u00e0 un moment o\u00f9\u00a0<a href=\"http:\/\/www.lefigaro.fr\/culture\/elle-s-est-installee-naturellement-sonia-mabrouk-l-insaisissable-20251009\" target=\"_blank\" data-fig-type=\"Article\" rel=\"noopener\" data-gtm-custom-categorie=\"navigation\" data-gtm-custom-action=\"crossclick\" data-gtm-custom-label=\"Contextuel\" data-gtm-event=\"customEventSPE\" data-fig-domain=\"LEFIGARO\">Sonia Mabrouk<\/a>\u00a0avait besoin d\u2019une assistante, c\u2019\u00e9tait mon premier poste. Puis j\u2019ai \u00e9t\u00e9 l\u2019assistante de\u00a0<a href=\"http:\/\/www.lefigaro.fr\/medias\/au-lieu-de-retrouver-cyril-hanouna-sur-la-8-les-telespectateurs-pourraient-tomber-sur-thomas-hugues-la-guerre-de-la-telecommande-est-declaree-20241124\" target=\"_blank\" data-fig-type=\"NewsFlash\" rel=\"noopener\" data-gtm-custom-categorie=\"navigation\" data-gtm-custom-action=\"crossclick\" data-gtm-custom-label=\"Contextuel\" data-gtm-event=\"customEventSPE\" data-fig-domain=\"LEFIGARO\">Thomas Hugues<\/a>\u00a0lorsqu\u2019il pr\u00e9sentait l\u2019\u00e9mission du soir. J\u2019\u00e9crivais les JT qu\u2019il devait faire \u00e0 la fin de ses d\u00e9bats. Puis j\u2019\u00e9tais assistante de\u00a0<a href=\"http:\/\/tvmag.lefigaro.fr\/programme-tv\/actu-tele\/le-journalisme-au-xxe-siecle-c-etait-autre-chose-apres-christine-ockrent-pascal-praud-charge-anne-sinclair-et-laurent-ruquier-20251124\" target=\"_blank\" data-fig-type=\"Article\" rel=\"noopener\" data-gtm-custom-categorie=\"navigation\" data-gtm-custom-action=\"crossclick\" data-gtm-custom-label=\"Contextuel\" data-gtm-event=\"customEventSPE\" data-fig-domain=\"TVMAG\">Pascal Praud<\/a>. C\u2019\u00e9tait trois exp\u00e9riences enrichissantes.<\/p>\n<p class=\"fig-paragraph\"><strong>\u00c9tait-ce facile de travailler aux c\u00f4t\u00e9s de trois grands noms comme Sonia Mabrouk, Thomas Hugues et Pascal Praud\u00a0?\u00a0<\/strong><br \/>C\u2019\u00e9tait facile parce que ce sont des gens faciles. Moi, j\u2019\u00e9tais encore en formation \u00e0 l\u2019\u00e9cole et je devais faire mes preuves. C\u2019\u00e9tait une belle pression de travailler directement avec des journalistes de ce niveau. Ils aiment transmettre et j\u2019ai \u00e9norm\u00e9ment appris \u00e0 leur contact. J\u2019ai ador\u00e9 travailler avec Pascal Praud, tu apprends juste en le regardant faire, c\u2019est assez incroyable.<\/p>\n<p class=\"fig-paragraph\"><strong>Au terme de votre alternance, vous \u00eates rest\u00e9e sur CNews\u2026\u00a0<\/strong><br \/>Je n\u2019avais pas pr\u00e9vu de vacances durant l\u2019\u00e9t\u00e9 qui arrivait \u00e0 la fin de mon contrat d\u2019alternance parce que je m\u2019\u00e9tais dit que c\u2019\u00e9tait la bonne p\u00e9riode pour saisir des opportunit\u00e9s. Et j\u2019\u00e9tais donc rest\u00e9e en juillet et en ao\u00fbt \u00e0 faire des remplacements \u00e0 l\u2019antenne sur CNews, je faisais notamment ce que l\u2019on appelle la boucle de nuit. Puis la direction m\u2019a propos\u00e9 la copr\u00e9sentation de la matinale \u00e0 partir de la rentr\u00e9e et j\u2019y suis rest\u00e9e pendant quatre ans.<\/p>\n<blockquote class=\"fig-quote&#10;    \">\n<p class=\"fig-quote__text\">\u00ab J\u2019\u00e9tais ce qu\u2019on appelle un \u201cb\u00e9b\u00e9 CNews\u201d\u00a0\u00bb<\/p>\n<p>            Shana Loustau\n    <\/p><\/blockquote>\n<p class=\"fig-paragraph\"><strong>Racontez-nous votre premi\u00e8re t\u00e9l\u00e9, votre premier passage \u00e0 l\u2019antenne\u2026\u00a0<\/strong><br \/>C\u2019\u00e9tait \u00e0 l\u2019\u00e9poque o\u00f9 j\u2019\u00e9tais assistante de Thomas Hugues et j\u2019avais remplac\u00e9 au pied lev\u00e9 mon ami\u00a0<a href=\"http:\/\/tvmag.lefigaro.fr\/programme-tv\/people\/gauthier-le-bret-journaliste-de-cnews-est-devenu-papa-pour-la-premiere-fois-20250818\" target=\"_blank\" data-fig-type=\"Article\" rel=\"noopener\" data-gtm-custom-categorie=\"navigation\" data-gtm-custom-action=\"crossclick\" data-gtm-custom-label=\"Contextuel\" data-gtm-event=\"customEventSPE\" data-fig-domain=\"TVMAG\">Gauthier Le Bret<\/a>. Chaque soir, il intervenait en direct devant l\u2019\u00e9cran g\u00e9ant, debout, pour d\u00e9velopper une information. Un jour, il \u00e9tait \u00e0 l\u2019\u00e9cole, il n\u2019y avait personne pour le remplacer et Thomas Hugues m\u2019avait lanc\u00e9\u00a0: \u00ab Bah Shana, tu vas le faire\u00a0!\u00a0\u00bb. Je m\u2019\u00e9tais liqu\u00e9fi\u00e9e. (Rires.) J\u2019avais juste des chiffres \u00e0 donner mais j\u2019\u00e9tais hyperstress\u00e9e. Heureusement, \u00e7a s\u2019\u00e9tait bien pass\u00e9\u2026 J\u2019avais limit\u00e9 la casse.<\/p>\n<p class=\"fig-paragraph\"><strong>Et votre premi\u00e8re fois \u00e0 la pr\u00e9sentation\u00a0?\u00a0<\/strong><br \/>C\u2019\u00e9tait durant l\u2019\u00e9t\u00e9 pour la boucle de nuit de CNews. Je n\u2019ai pas souvenir d\u2019un grand stress. Les deux moments les plus intenses, c\u2019est cette premi\u00e8re t\u00e9l\u00e9 et ma premi\u00e8re sur la matinale. Je savais que j\u2019\u00e9tais test\u00e9e et qu\u2019il fallait que je fasse mes preuves. J\u2019ai eu la chance de travailler avec\u00a0<a href=\"https:\/\/tvmag.lefigaro.fr\/programme-tv\/romain-desarbres-cnews-est-proche-des-realites-du-pays_86fd6094-ccf4-11eb-bd0d-0c3dc43b2554\" target=\"_blank\" data-fig-type=\"Article\" rel=\"noopener\" data-gtm-custom-categorie=\"navigation\" data-gtm-custom-action=\"crossclick\" data-gtm-custom-label=\"Contextuel\" data-gtm-event=\"customEventSPE\" data-fig-domain=\"TVMAG\">Romain Desarbres<\/a>\u00a0qui est quelqu\u2019un d\u2019exigeant mais de tr\u00e8s p\u00e9dagogue. Il m\u2019a tr\u00e8s vite pris sous son aile. Les horaires \u00e9taient compliqu\u00e9s mais l\u2019exp\u00e9rience humaine et professionnelle \u00e9tait g\u00e9niale.<\/p>\n<p>                                    <a class=\"fig-a11y-skip a11y-hidden\" href=\"#fig-a11y-skip-main-inarticle_btf\"><br \/>\n        Passer la publicit\u00e9<br \/>\n    <\/a><\/p>\n<p class=\"fig-paragraph\"><strong>Que retenez-vous de vos ann\u00e9es sur CNews\u00a0?\u00a0<\/strong><br \/>Elles m\u2019ont fait grandir, j\u2019\u00e9tais ce qu\u2019on appelle un \u00ab b\u00e9b\u00e9 CNews\u00a0\u00bb. Qu\u2019on aime ou qu\u2019on n\u2019aime pas cette cha\u00eene, quand on est jeune journaliste, CNews nous donne des opportunit\u00e9s qu\u2019on n\u2019aurait jamais ailleurs. Quand j\u2019ai commenc\u00e9 \u00e0 copr\u00e9senter la matinale, j\u2019avais 24 ans seulement. Donc c\u2019est exceptionnel, ils font confiance aux tr\u00e8s jeunes journalistes. CNews a \u00e9t\u00e9 mon \u00e9cole, j\u2019y ai tout appris de mon m\u00e9tier\u00a0: la rigueur, l\u2019\u00e9criture, la pr\u00e9sentation\u2026 C\u2019\u00e9tait vraiment une famille. Cela a \u00e9t\u00e9 tr\u00e8s dur de partir.<\/p>\n<p>    Shana Loustau et Gauthier Le Bret<br \/>\n                Capture \u00e9cran CNews<\/p>\n<blockquote class=\"fig-quote&#10;    \">\n<p class=\"fig-quote__text\">\u00ab Je n\u2019ai pas d\u2019enfant et je ne suis pas mari\u00e9e donc c\u2019\u00e9tait maintenant ou jamais\u00a0\u00bb<\/p>\n<p>            Shana Loustau\n    <\/p><\/blockquote>\n<p class=\"fig-paragraph\"><strong>Pourquoi\u00a0<\/strong><a href=\"http:\/\/tvmag.lefigaro.fr\/programme-tv\/actu-tele\/vous-allez-tous-beaucoup-me-manquer-une-figure-de-la-matinale-de-cnews-fait-ses-adieux-a-la-chaine-20250711\" target=\"_blank\" data-fig-type=\"Article\" rel=\"noopener\" data-gtm-custom-categorie=\"navigation\" data-gtm-custom-action=\"crossclick\" data-gtm-custom-label=\"Contextuel\" data-gtm-event=\"customEventSPE\" data-fig-domain=\"TVMAG\"><strong>avoir quitt\u00e9 l\u2019information sur CNews<\/strong><\/a> <strong>\u00a0pour le divertissement sur W9\u00a0?\u00a0<\/strong><br \/>Quand j\u2019ai commenc\u00e9 \u00e0 m\u2019installer dans la matinale de CNews, mon objectif \u00e9tait de devenir le joker de Romain Desarbres. Et c\u2019est ce qui s\u2019est pass\u00e9 l\u2019ann\u00e9e derni\u00e8re donc j\u2019\u00e9tais super contente. J\u2019avais le sentiment d\u2019avoir boucl\u00e9 la boucle, d\u2019avoir fait mon temps dans cette matinale et j\u2019ai eu envie d\u2019autre chose. Je suis quelqu\u2019un qui aime beaucoup rire et s\u2019amuser. Rejoindre Cyril (Hanouna, ndlr) et un grand groupe comme celui de M6, c\u2019est v\u00e9ritablement un pari. C\u2019est ce que j\u2019aime dans ce m\u00e9tier, on peut passer du tout au tout.<\/p>\n<p class=\"fig-paragraph\"><strong>Comment avez-vous rencontr\u00e9 Cyril Hanouna\u00a0?\u00a0<\/strong><br \/>C\u2019est arriv\u00e9 compl\u00e8tement par hasard. Je m\u2019\u00e9tais rendue \u00e0 un d\u00eener auquel j\u2019avais failli ne pas aller. J\u2019\u00e9tais dans un restaurant, il y avait Gauthier Le Bret et d\u2019autres amis avec moi. Cyril \u00e9tait arriv\u00e9 avec des amis \u00e0 lui et, avant de se rendre \u00e0 sa table, il \u00e9tait venu saluer Gauthier qu\u2019il connaissait bien puisqu\u2019il travaillait avec lui. Et il m\u2019avait salu\u00e9 \u00e9galement. Nous avons discut\u00e9 un peu plus tard dans la soir\u00e9e. Le feeling est tout de suite pass\u00e9.<\/p>\n<p class=\"fig-paragraph\"><strong>Comment avez-vous abord\u00e9 votre nouveau r\u00f4le de chroniqueuse dans \u00ab Tout beau tout n9uf\u00a0\u00bb sur W9\u00a0?\u00a0<\/strong><br \/>Je me suis lanc\u00e9e dans quelque chose de compl\u00e8tement diff\u00e9rent de ce que je faisais jusqu\u2019\u00e0 pr\u00e9sent. Avec Cyril, nous ne nous connaissions pas tant que cela et il fallait que je r\u00e9ussisse \u00e0 me l\u00e2cher, \u00e0 sortir de cette posture tr\u00e8s lisse de journaliste. C\u2019\u00e9tait un grand \u00e9cart. J\u2019\u00e9tais curieuse de vivre cette nouvelle exp\u00e9rience. Mes proches se demandaient si je faisais le bon choix. Mais je n\u2019ai pas d\u2019enfant et je ne suis pas mari\u00e9e donc c\u2019\u00e9tait maintenant ou jamais. S\u2019il fallait prendre un risque, c\u2019\u00e9tait maintenant. Et je ne regrette pas du tout d\u2019avoir saisi cette opportunit\u00e9.<\/p>\n<blockquote class=\"fig-quote&#10;    \">\n<p class=\"fig-quote__text\">\u00ab Je compte rester discr\u00e8te sur ma vie priv\u00e9e\u00a0\u00bb<\/p>\n<p>            Shana Loustau\n    <\/p><\/blockquote>\n<p class=\"fig-paragraph\"><strong>Cette posture tr\u00e8s s\u00e9rieuse de journaliste dont vous parlez s\u2019est ressentie dans vos premi\u00e8res apparitions dans\u00a0<\/strong><a href=\"http:\/\/tvmag.lefigaro.fr\/programme-tv\/actu-tele\/tu-as-vraiment-de-tres-beaux-souliers-cyril-hanouna-ironise-encore-sur-nagui-dans-tout-beau-tout-n9uf-sur-w9-20251104\" target=\"_blank\" data-fig-type=\"Article\" rel=\"noopener\" data-gtm-custom-categorie=\"navigation\" data-gtm-custom-action=\"crossclick\" data-gtm-custom-label=\"Contextuel\" data-gtm-event=\"customEventSPE\" data-fig-domain=\"TVMAG\"><strong>\u00ab Tout beau tout n9uf\u00a0\u00bb<\/strong><\/a> <strong>\u2026\u00a0<\/strong><br \/>Au d\u00e9but, c\u2019\u00e9tait difficile parce qu\u2019il fallait que je trouve ma place et que je sois au bon endroit. Cyril a \u00e9t\u00e9 top avec moi, il a \u00e9t\u00e9 tr\u00e8s patient. Nous avons essay\u00e9 plusieurs choses, il \u00e9tait tr\u00e8s \u00e0 l\u2019\u00e9coute et il me rassurait beaucoup. Quand on sort de quatre ans de cha\u00eene info, arriver dans cette grosse machine qu\u2019est \u00ab Tout beau tout n9uf\u00a0\u00bb, avec des anciens de \u00ab TPMP\u00a0\u00bb, des poids lourds qui n\u2019ont pas peur de prendre la parole, ce n\u2019est pas \u00e9vident. Mais tout le monde a \u00e9t\u00e9 d\u2019une immense bienveillance avec moi. Je restais encore dans mon cadre de CNews en me disant\u00a0: \u00ab est-ce que l\u00e0, j\u2019ai le droit de r\u00e9agir\u00a0? Est-ce que l\u00e0, ce n\u2019est pas grave si je rigole \u00e0 cette information\u00a0?\u00a0\u00bb. Petit \u00e0 petit, j\u2019ai compris que je pouvais me l\u00e2cher.<\/p>\n<p class=\"fig-paragraph\"><strong>Il y avait aussi le regard des t\u00e9l\u00e9spectateurs \u00e0 appr\u00e9hender\u2026\u00a0<\/strong><br \/>Le probl\u00e8me est qu\u2019on met tr\u00e8s rapidement les gens dans des cases. Je craignais d\u2019\u00eatre dans l\u2019entre-deux et que les gens ne comprennent pas qui je suis. Que si je commen\u00e7ais \u00e0 trop rire, ils allaient se dire que je ne suis pas journaliste. Finalement, je me suis compl\u00e8tement d\u00e9tach\u00e9e de \u00e7a. Je suis dans une \u00e9mission ambivalente o\u00f9 je peux faire des choses tr\u00e8s diff\u00e9rentes\u00a0: faire de l\u2019info et, en m\u00eame temps, rigoler, et faire des jeux. Je m\u2019amuse \u00e9norm\u00e9ment et c\u2019est tout ce qui compte.<\/p>\n<p class=\"fig-paragraph\"><strong>Quelles sont vos perspectives et vos envies professionnelles\u00a0?\u00a0<\/strong><br \/>Depuis septembre, je suis dans un changement de vie qui est \u00e9norme pour moi. J\u2019apprends deux nouveaux m\u00e9tiers tous les jours, celui de chroniqueuse t\u00e9l\u00e9 d\u2019une part et la radio d\u2019autre part. \u00catre \u00e0 l\u2019antenne sur Fun Radio dans l\u2019\u00e9quipe de\u00a0<a href=\"http:\/\/tvmag.lefigaro.fr\/programme-tv\/actu-tele\/on-n-a-rien-capte-mais-on-a-ecoute-quand-meme-cyril-hanouna-lance-avec-humour-tout-beau-tout-fun-20250902\" target=\"_blank\" data-fig-type=\"Article\" rel=\"noopener\" data-gtm-custom-categorie=\"navigation\" data-gtm-custom-action=\"crossclick\" data-gtm-custom-label=\"Contextuel\" data-gtm-event=\"customEventSPE\" data-fig-domain=\"TVMAG\">\u00ab Tout beau tout fun\u00a0\u00bb<\/a>, c\u2019est une d\u00e9couverte. J\u2019adore la proximit\u00e9 qu\u2019offre la radio avec les auditeurs. Je me nourris \u00e9norm\u00e9ment de ce que je vis quotidiennement. Pour le moment, j\u2019apprends, je profite et on verra ce que l\u2019avenir me r\u00e9serve. Mais je suis tr\u00e8s heureuse o\u00f9 je suis.<\/p>\n<p class=\"fig-paragraph\"><strong>Vous \u00eates relativement discr\u00e8te sur vos r\u00e9seaux sociaux, vous avez r\u00e9duit consid\u00e9rablement le nombre de photos sur votre compte Instagram\u2026\u00a0<\/strong><br \/>J\u2019ai fait un grand m\u00e9nage parce que j\u2019ai conscience de l\u2019exposition qu\u2019apportent Cyril et ses \u00e9missions. Je n\u2019avais pas envie d\u2019exposer mes proches contre leur gr\u00e9 donc j\u2019ai tout tri\u00e9. Je compte effectivement rester discr\u00e8te sur ma vie priv\u00e9e. Pour le moment, j\u2019ai la chance de recevoir des messages tr\u00e8s encourageants d\u2019une gentillesse absolue de la part des internautes. Je les remercie pour leur bienveillance.<\/p>\n","protected":false},"excerpt":{"rendered":"ENTRETIEN \u2013 Copr\u00e9sentatrice de la matinale de la cha\u00eene d\u2019information du groupe Canal+ pendant quatre saisons, la journaliste&hellip;\n","protected":false},"author":2,"featured_media":558188,"comment_status":"","ping_status":"","sticky":false,"template":"","format":"standard","meta":{"footnotes":""},"categories":[1356],"tags":[1083,58,59,1011,27,252,49425,1364,2395],"class_list":{"0":"post-558187","1":"post","2":"type-post","3":"status-publish","4":"format-standard","5":"has-post-thumbnail","7":"category-television","8":"tag-cyril-hanouna","9":"tag-divertissement","10":"tag-entertainment","11":"tag-fr","12":"tag-france","13":"tag-television","14":"tag-tout-beau-tout-n9uf","15":"tag-tv","16":"tag-w9"},"share_on_mastodon":{"url":"https:\/\/pubeurope.com\/@fr\/115611756432644698","error":""},"_links":{"self":[{"href":"https:\/\/www.europesays.com\/fr\/wp-json\/wp\/v2\/posts\/558187","targetHints":{"allow":["GET"]}}],"collection":[{"href":"https:\/\/www.europesays.com\/fr\/wp-json\/wp\/v2\/posts"}],"about":[{"href":"https:\/\/www.europesays.com\/fr\/wp-json\/wp\/v2\/types\/post"}],"author":[{"embeddable":true,"href":"https:\/\/www.europesays.com\/fr\/wp-json\/wp\/v2\/users\/2"}],"replies":[{"embeddable":true,"href":"https:\/\/www.europesays.com\/fr\/wp-json\/wp\/v2\/comments?post=558187"}],"version-history":[{"count":0,"href":"https:\/\/www.europesays.com\/fr\/wp-json\/wp\/v2\/posts\/558187\/revisions"}],"wp:featuredmedia":[{"embeddable":true,"href":"https:\/\/www.europesays.com\/fr\/wp-json\/wp\/v2\/media\/558188"}],"wp:attachment":[{"href":"https:\/\/www.europesays.com\/fr\/wp-json\/wp\/v2\/media?parent=558187"}],"wp:term":[{"taxonomy":"category","embeddable":true,"href":"https:\/\/www.europesays.com\/fr\/wp-json\/wp\/v2\/categories?post=558187"},{"taxonomy":"post_tag","embeddable":true,"href":"https:\/\/www.europesays.com\/fr\/wp-json\/wp\/v2\/tags?post=558187"}],"curies":[{"name":"wp","href":"https:\/\/api.w.org\/{rel}","templated":true}]}}