{"id":558195,"date":"2025-11-25T18:32:13","date_gmt":"2025-11-25T18:32:13","guid":{"rendered":"https:\/\/www.europesays.com\/fr\/558195\/"},"modified":"2025-11-25T18:32:13","modified_gmt":"2025-11-25T18:32:13","slug":"sale-con-va-mbappe-craque-totalement-contre-larbitrage-en-espagne","status":"publish","type":"post","link":"https:\/\/www.europesays.com\/fr\/558195\/","title":{"rendered":"\u00abSale con, va\u00bb, Mbapp\u00e9 craque totalement contre l\u2019arbitrage en Espagne"},"content":{"rendered":"<p>\n    \u00c0 la fin du match entre Elche et le Real Madrid, dimanche, le Fran\u00e7ais s\u2019est \u00e9nerv\u00e9 et a lanc\u00e9 plusieurs insultes envers l\u2019arbitre.<\/p>\n<p class=\"fig-paragraph\">Ce dimanche, le<a href=\"http:\/\/www.lefigaro.fr\/sports\/football\/espagne\/elche-real-madrid-bellingham-en-sauveur-un-promu-combatif-arbitrage-en-question-les-tops-et-flops-20251124\" data-fig-type=\"NewsFlash\" data-gtm-custom-categorie=\"navigation\" data-gtm-custom-action=\"crossclick\" data-gtm-custom-label=\"Contextuel\" data-gtm-event=\"customEventSPE\" data-fig-domain=\"LEFIGARO\" target=\"_blank\" rel=\"noopener\">\u00a0Real Madrid a \u00e9t\u00e9 tenu en \u00e9chec (2-2) par Elche<\/a>. Frustr\u00e9 par plusieurs actions litigieuses,\u00a0<a href=\"https:\/\/www.lefigaro.fr\/tag\/kylian-mbappe\" target=\"_blank\" rel=\"sponsored noopener\" data-gtm-custom-categorie=\"navigation\" data-gtm-custom-action=\"crossclick\" data-gtm-custom-label=\"Contextuel\" data-gtm-event=\"customEventSPE\">Kylian Mbapp\u00e9<\/a>\u00a0aurait compl\u00e8tement craqu\u00e9 \u00e0 la fin du match. Selon les images de\u00a0<a href=\"https:\/\/x.com\/DAZN_ES\/status\/1993083508978307392\" target=\"_blank\" rel=\"sponsored noopener\" data-gtm-custom-categorie=\"navigation\" data-gtm-custom-action=\"crossclick\" data-gtm-custom-label=\"Contextuel\" data-gtm-event=\"customEventSPE\">Dazn Espagne<\/a> , l\u2019attaquant fran\u00e7ais serait all\u00e9 voir l\u2019arbitre de la rencontre avant de lui prof\u00e9rer plusieurs insultes. Le capitaine des Bleus aurait l\u00e2ch\u00e9 \u00e0 trois reprises \u00abSale con, va\u00bb avant de retourner au vestiaire. Sur le moment, les arbitres n\u2019ont pas compris les insultes car elles ont toutes \u00e9t\u00e9 prononc\u00e9es en fran\u00e7ais.<\/p>\n<p class=\"fig-paragraph\">Ce coup de sang pourrait co\u00fbter tr\u00e8s cher \u00e0 l\u2019ancien joueur du PSG. La commission de discipline ne s\u2019est pas encore empar\u00e9e de l\u2019affaire. Pour l\u2019instant, il a simplement \u00e9t\u00e9 sanctionn\u00e9 d\u2019un avertissement pour contestation trop v\u00e9h\u00e9mente.<\/p>\n","protected":false},"excerpt":{"rendered":"\u00c0 la fin du match entre Elche et le Real Madrid, dimanche, le Fran\u00e7ais s\u2019est \u00e9nerv\u00e9 et a&hellip;\n","protected":false},"author":2,"featured_media":558196,"comment_status":"","ping_status":"","sticky":false,"template":"","format":"standard","meta":{"footnotes":""},"categories":[9],"tags":[1011,27,6477,4790,60],"class_list":{"0":"post-558195","1":"post","2":"type-post","3":"status-publish","4":"format-standard","5":"has-post-thumbnail","7":"category-sports","8":"tag-fr","9":"tag-france","10":"tag-kylian-mbappe","11":"tag-real-madrid","12":"tag-sports"},"share_on_mastodon":{"url":"https:\/\/pubeurope.com\/@fr\/115611772209496018","error":""},"_links":{"self":[{"href":"https:\/\/www.europesays.com\/fr\/wp-json\/wp\/v2\/posts\/558195","targetHints":{"allow":["GET"]}}],"collection":[{"href":"https:\/\/www.europesays.com\/fr\/wp-json\/wp\/v2\/posts"}],"about":[{"href":"https:\/\/www.europesays.com\/fr\/wp-json\/wp\/v2\/types\/post"}],"author":[{"embeddable":true,"href":"https:\/\/www.europesays.com\/fr\/wp-json\/wp\/v2\/users\/2"}],"replies":[{"embeddable":true,"href":"https:\/\/www.europesays.com\/fr\/wp-json\/wp\/v2\/comments?post=558195"}],"version-history":[{"count":0,"href":"https:\/\/www.europesays.com\/fr\/wp-json\/wp\/v2\/posts\/558195\/revisions"}],"wp:featuredmedia":[{"embeddable":true,"href":"https:\/\/www.europesays.com\/fr\/wp-json\/wp\/v2\/media\/558196"}],"wp:attachment":[{"href":"https:\/\/www.europesays.com\/fr\/wp-json\/wp\/v2\/media?parent=558195"}],"wp:term":[{"taxonomy":"category","embeddable":true,"href":"https:\/\/www.europesays.com\/fr\/wp-json\/wp\/v2\/categories?post=558195"},{"taxonomy":"post_tag","embeddable":true,"href":"https:\/\/www.europesays.com\/fr\/wp-json\/wp\/v2\/tags?post=558195"}],"curies":[{"name":"wp","href":"https:\/\/api.w.org\/{rel}","templated":true}]}}