{"id":558210,"date":"2025-11-25T18:40:29","date_gmt":"2025-11-25T18:40:29","guid":{"rendered":"https:\/\/www.europesays.com\/fr\/558210\/"},"modified":"2025-11-25T18:40:29","modified_gmt":"2025-11-25T18:40:29","slug":"saint-etienne-le-comite-antifa-veut-realiser-un-documentaire-et-lance-une-cagnotte","status":"publish","type":"post","link":"https:\/\/www.europesays.com\/fr\/558210\/","title":{"rendered":"Saint-\u00c9tienne. Le Comit\u00e9 antifa veut r\u00e9aliser un documentaire et lance une cagnotte"},"content":{"rendered":"<p>\u00ab\u00a0Nous avons fait le constat depuis un moment que l\u2019antifascisme devient un gros mot et que les id\u00e9es de l\u2019extr\u00eame droite se banalisent\u00a0\u00bb, estiment Yanis, Thomas et Lucas, membres du Comit\u00e9 antifa de Saint-\u00c9tienne. Face \u00e0 ce constat, les trois militants souhaitent \u00ab\u00a0raconter notre histoire et celle de ceux qui luttent contre le fascisme, m\u00eame s\u2019ils ne sont pas militants\u00a0\u00bb.<\/p>\n<p>Alors, l\u2019id\u00e9e d\u2019un documentaire a germ\u00e9. \u00ab\u00a0Il y a peu de productions cin\u00e9matographiques ou de bouquins sur cette question au niveau moderne, sur&#8230;<\/p>\n","protected":false},"excerpt":{"rendered":"\u00ab\u00a0Nous avons fait le constat depuis un moment que l\u2019antifascisme devient un gros mot et que les id\u00e9es&hellip;\n","protected":false},"author":2,"featured_media":558211,"comment_status":"","ping_status":"","sticky":false,"template":"","format":"standard","meta":{"footnotes":""},"categories":[9653],"tags":[1111,11,2430,7539,1777,674,1011,27,12,25,4001,7538,104],"class_list":{"0":"post-558210","1":"post","2":"type-post","3":"status-publish","4":"format-standard","5":"has-post-thumbnail","7":"category-saint-etienne","8":"tag-actu","9":"tag-actualites","10":"tag-auvergne-rhone-alpes","11":"tag-edition-loire-sud","12":"tag-eu","13":"tag-europe","14":"tag-fr","15":"tag-france","16":"tag-news","17":"tag-republique-francaise","18":"tag-saint-etienne","19":"tag-saint-etienne-ville","20":"tag-societe"},"share_on_mastodon":{"url":"https:\/\/pubeurope.com\/@fr\/115611803562293793","error":""},"_links":{"self":[{"href":"https:\/\/www.europesays.com\/fr\/wp-json\/wp\/v2\/posts\/558210","targetHints":{"allow":["GET"]}}],"collection":[{"href":"https:\/\/www.europesays.com\/fr\/wp-json\/wp\/v2\/posts"}],"about":[{"href":"https:\/\/www.europesays.com\/fr\/wp-json\/wp\/v2\/types\/post"}],"author":[{"embeddable":true,"href":"https:\/\/www.europesays.com\/fr\/wp-json\/wp\/v2\/users\/2"}],"replies":[{"embeddable":true,"href":"https:\/\/www.europesays.com\/fr\/wp-json\/wp\/v2\/comments?post=558210"}],"version-history":[{"count":0,"href":"https:\/\/www.europesays.com\/fr\/wp-json\/wp\/v2\/posts\/558210\/revisions"}],"wp:featuredmedia":[{"embeddable":true,"href":"https:\/\/www.europesays.com\/fr\/wp-json\/wp\/v2\/media\/558211"}],"wp:attachment":[{"href":"https:\/\/www.europesays.com\/fr\/wp-json\/wp\/v2\/media?parent=558210"}],"wp:term":[{"taxonomy":"category","embeddable":true,"href":"https:\/\/www.europesays.com\/fr\/wp-json\/wp\/v2\/categories?post=558210"},{"taxonomy":"post_tag","embeddable":true,"href":"https:\/\/www.europesays.com\/fr\/wp-json\/wp\/v2\/tags?post=558210"}],"curies":[{"name":"wp","href":"https:\/\/api.w.org\/{rel}","templated":true}]}}