{"id":558216,"date":"2025-11-25T18:44:27","date_gmt":"2025-11-25T18:44:27","guid":{"rendered":"https:\/\/www.europesays.com\/fr\/558216\/"},"modified":"2025-11-25T18:44:27","modified_gmt":"2025-11-25T18:44:27","slug":"boulanger-mise-sur-loutdoor-avec-louverture-dun-magasin-dedie-a-toulon","status":"publish","type":"post","link":"https:\/\/www.europesays.com\/fr\/558216\/","title":{"rendered":"Boulanger mise sur l&rsquo;outdoor avec l&rsquo;ouverture d&rsquo;un magasin d\u00e9di\u00e9 \u00e0 Toulon"},"content":{"rendered":"<p class=\"has-medium-font-size\">Le distributeur fran\u00e7ais sp\u00e9cialis\u00e9 dans l\u2019\u00e9lectrom\u00e9nager et le multim\u00e9dia franchit une nouvelle \u00e9tape dans sa strat\u00e9gie de diversification en inaugurant son premier espace enti\u00e8rement consacr\u00e9 \u00e0 l\u2019am\u00e9nagement ext\u00e9rieur.<\/p>\n<p>L\u2019enseigne nordiste <strong>Boulanger<\/strong> a choisi Toulon \u2013 La Garde (83) pour exp\u00e9rimenter un format commercial in\u00e9dit dans son r\u00e9seau. Inaugur\u00e9 le 17 novembre dernier, ce point de vente baptis\u00e9 <strong>Boulanger Outdoor<\/strong> marque l\u2019entr\u00e9e du distributeur sur le march\u00e9 de l\u2019\u00e9quipement de jardin et de la vie en ext\u00e9rieur, un segment jusqu\u2019alors absent de son portefeuille.<\/p>\n<p><strong>Un positionnement en lien avec les tendances de consommation<\/strong><\/p>\n<p>Cette initiative s\u2019inscrit dans un contexte favorable pour le secteur. Selon l\u2019enqu\u00eate Unep-Ifop sur les Fran\u00e7ais et leur jardin, pr\u00e8s de deux tiers de la population disposent d\u2019un espace ext\u00e9rieur priv\u00e9 en 2025. Plus r\u00e9v\u00e9lateur encore, ces espaces sont d\u00e9sormais per\u00e7us comme de v\u00e9ritables pi\u00e8ces \u00e0 vivre.<\/p>\n<p>Face \u00e0 cette \u00e9volution des modes de vie, Boulanger a d\u00e9velopp\u00e9 une surface commerciale de 500 m2 structur\u00e9e autour de trois axes majeurs : l\u2019entretien des espaces verts, l\u2019am\u00e9nagement de terrasses et la cuisine d\u2019ext\u00e9rieur. L\u2019enseigne y transpose son expertise historique en image, son et objets connect\u00e9s, appliqu\u00e9e cette fois aux usages outdoor.<\/p>\n<p><strong>Un partenariat strat\u00e9gique pour la cuisine ext\u00e9rieure<\/strong><\/p>\n<p>Pour renforcer sa cr\u00e9dibilit\u00e9 sur ce nouveau march\u00e9, le distributeur a nou\u00e9 un partenariat avec <strong>Novara<\/strong>, sp\u00e9cialiste des cuisines d\u2019\u00e9t\u00e9 \u00e9tabli depuis cinq ans. Cette collaboration vise \u00e0 proposer des solutions sur mesure, adapt\u00e9es aux sp\u00e9cificit\u00e9s climatiques et aux usages r\u00e9gionaux, selon <strong>Olivier Bertinetti<\/strong>, directeur du magasin toulonnais. <\/p>\n<p>\u00ab\u00a0Notre ambition d\u00e9passe la simple transaction commerciale\u00a0\u00bb, ajoute <strong>Gr\u00e9goire Rousseau<\/strong>, directeur retail de Boulanger. \u00ab\u00a0Ce concept traduit notre capacit\u00e9 \u00e0 anticiper les attentes de nos clients et \u00e0 enrichir notre proposition de valeur au-del\u00e0 de nos m\u00e9tiers traditionnels.\u00a0\u00bb<\/p>\n<p>Le succ\u00e8s de ce pilote toulonnais d\u00e9terminera probablement l\u2019extension future du concept \u00e0 d\u2019autres points de vente du r\u00e9seau. Affaire \u00e0 suivre. <\/p>\n<p><strong><a href=\"https:\/\/www.univers-habitat.eu\/?s=boulanger\" target=\"_blank\" rel=\"noreferrer noopener\">&gt; D\u00e9couvrez d\u2019autres articles sur Boulanger<\/a><\/strong><\/p>\n","protected":false},"excerpt":{"rendered":"Le distributeur fran\u00e7ais sp\u00e9cialis\u00e9 dans l\u2019\u00e9lectrom\u00e9nager et le multim\u00e9dia franchit une nouvelle \u00e9tape dans sa strat\u00e9gie de diversification&hellip;\n","protected":false},"author":2,"featured_media":558217,"comment_status":"","ping_status":"","sticky":false,"template":"","format":"standard","meta":{"footnotes":""},"categories":[9619],"tags":[1111,11,6247,67541,16636,902,67542,8882,2105,38415,705,21659,1777,674,1011,27,3354,720,12,6334,29337,62611,882,25,2421,27418,5384,8551,2310,67543,7506],"class_list":{"0":"post-558216","1":"post","2":"type-post","3":"status-publish","4":"format-standard","5":"has-post-thumbnail","7":"category-toulon","8":"tag-actu","9":"tag-actualites","10":"tag-boulanger","11":"tag-brico-jardin","12":"tag-concept","13":"tag-cuisine","14":"tag-cuisine-exterieure","15":"tag-developpement","16":"tag-distribution","17":"tag-electromenager","18":"tag-enseignes","19":"tag-espaces-verts","20":"tag-eu","21":"tag-europe","22":"tag-fr","23":"tag-france","24":"tag-jardin","25":"tag-multimedia","26":"tag-news","27":"tag-newsletter","28":"tag-outdoor","29":"tag-point-de-vente","30":"tag-provence-alpes-cote-dazur","31":"tag-republique-francaise","32":"tag-reseau","33":"tag-retail","34":"tag-strategie","35":"tag-tendance","36":"tag-toulon","37":"tag-toulon-la-garde","38":"tag-var"},"share_on_mastodon":{"url":"https:\/\/pubeurope.com\/@fr\/115611819317198814","error":""},"_links":{"self":[{"href":"https:\/\/www.europesays.com\/fr\/wp-json\/wp\/v2\/posts\/558216","targetHints":{"allow":["GET"]}}],"collection":[{"href":"https:\/\/www.europesays.com\/fr\/wp-json\/wp\/v2\/posts"}],"about":[{"href":"https:\/\/www.europesays.com\/fr\/wp-json\/wp\/v2\/types\/post"}],"author":[{"embeddable":true,"href":"https:\/\/www.europesays.com\/fr\/wp-json\/wp\/v2\/users\/2"}],"replies":[{"embeddable":true,"href":"https:\/\/www.europesays.com\/fr\/wp-json\/wp\/v2\/comments?post=558216"}],"version-history":[{"count":0,"href":"https:\/\/www.europesays.com\/fr\/wp-json\/wp\/v2\/posts\/558216\/revisions"}],"wp:featuredmedia":[{"embeddable":true,"href":"https:\/\/www.europesays.com\/fr\/wp-json\/wp\/v2\/media\/558217"}],"wp:attachment":[{"href":"https:\/\/www.europesays.com\/fr\/wp-json\/wp\/v2\/media?parent=558216"}],"wp:term":[{"taxonomy":"category","embeddable":true,"href":"https:\/\/www.europesays.com\/fr\/wp-json\/wp\/v2\/categories?post=558216"},{"taxonomy":"post_tag","embeddable":true,"href":"https:\/\/www.europesays.com\/fr\/wp-json\/wp\/v2\/tags?post=558216"}],"curies":[{"name":"wp","href":"https:\/\/api.w.org\/{rel}","templated":true}]}}