{"id":558224,"date":"2025-11-25T18:48:16","date_gmt":"2025-11-25T18:48:16","guid":{"rendered":"https:\/\/www.europesays.com\/fr\/558224\/"},"modified":"2025-11-25T18:48:16","modified_gmt":"2025-11-25T18:48:16","slug":"un-cas-de-tuberculose-detecte-a-la-faculte-de-rouen-plus-de-150-cas-contacts-identifies","status":"publish","type":"post","link":"https:\/\/www.europesays.com\/fr\/558224\/","title":{"rendered":"Un cas de tuberculose d\u00e9tect\u00e9 \u00e0 la facult\u00e9 de Rouen, plus de 150 cas contacts identifi\u00e9s"},"content":{"rendered":"<p>Un cas de tuberculose a \u00e9t\u00e9 d\u00e9tect\u00e9 \u00e0 la facult\u00e9 de Rouen sur le campus Pasteur, en centre-ville. Une enqu\u00eate men\u00e9e par le centre de Lutte Antituberculeuse (CLAT) de Seine-Maritime a permis d&rsquo;identifier 150 cas contacts parmi les \u00e9l\u00e8ves et une quinzaine parmi les professeurs.<\/p>\n<p>Un cas <strong>de tuberculose<\/strong> a \u00e9t\u00e9 d\u00e9tect\u00e9 \u00e0 la facult\u00e9 de Rouen sur le site Pasteur en centre-ville<a target=\"_blank\" rel=\"nofollow noopener noreferrer\" class=\"IciLink ici-link IciArticleLink g-ici-body-regular-1 underline brand svelte-1chfe2s\" href=\"https:\/\/actu.fr\/normandie\/rouen_76540\/un-cas-de-tuberculose-decouvert-a-la-faculte-de-rouen-environ-150-cas-contacts-potentiels_63487154.html\">, selon une information de nos confr\u00e8res de 76 Actu<\/a>\u00a0que nous confirme l&rsquo;Agence r\u00e9gionale de sant\u00e9 (ARS). Environ 150 cas contacts parmi les \u00e9l\u00e8ves et une quinzaine parmi les professeurs ont \u00e9t\u00e9 identifi\u00e9s apr\u00e8s une enqu\u00eate men\u00e9e\u00a0par le Centre de Lutte Antituberculeuse (CLAT) de Seine-Maritime.<\/p>\n<p>Un d\u00e9pistage mis en place<\/p>\n<p>Le CLAT leur a propos\u00e9 de mettre en place un d\u00e9pistage. Il\u00a0consiste \u00e0 r\u00e9aliser une radiographie pulmonaire et une prise de sang qui doit permettre d\u2019identifier d\u2019\u00e9ventuelles formes latentes. \u00ab\u00a0Les personnes en contact avec <strong>le cas n\u2019ont pas \u00e0 mettre en place de mesures barri\u00e8res sp\u00e9cifiques<\/strong> en dehors des mesures recommand\u00e9es en cas de sympt\u00f4mes respiratoires\u00a0\u00bb, indique l&rsquo;ARS.<\/p>\n<p>L&rsquo;Agence r\u00e9gionale de sant\u00e9 affirme qu&rsquo;elle sera inform\u00e9e <strong>de l\u2019\u00e9volution des d\u00e9pistages<\/strong> et des suites de l\u2019enqu\u00eate. La tuberculose est une maladie infectieuse due \u00e0 une bact\u00e9rie, Mycobacterium tuberculosis, qui atteint le plus souvent les poumons. Elle se transmet de personne \u00e0 personne par voie a\u00e9rienne, \u00e0 partir des formes respiratoires de la maladie.<\/p>\n<p>La tuberculose est moins contagieuse que des maladies comme la grippe ou la rougeole. La transmission n\u00e9cessite habituellement des contacts prolong\u00e9s rapproch\u00e9s en milieu confin\u00e9, pouvant aller <strong>de 8 heures jusqu\u2019\u00e0 plusieurs dizaines d\u2019heures de contacts<\/strong> en fonction du degr\u00e9 de contagiosit\u00e9 de la personne malade. Toutes les personnes en contact avec un cas de tuberculose ne seront donc pas syst\u00e9matiquement malades.<\/p>\n<p>Plus de 150 cas de tuberculose d\u00e9clar\u00e9s en 2023 en Normandie, 77 en Seine-Maritime<\/p>\n<p>C\u2019est une maladie qui peut habituellement se prolonger pendant plusieurs mois. Elle existe sous deux formes, la tuberculose latente (ITL) non contagieuse et la tuberculose, maladie potentiellement contagieuse. Il existe <strong>un traitement antibiotique<\/strong> permettant la prise en charge des cas de tuberculose latente et de tuberculose maladie.<\/p>\n<p>L&rsquo;ARS rappelle que \u00ab\u00a0tout cas de tuberculose\u00a0\u00bb doit lui \u00eatre signal\u00e9.\u00a0En Normandie, 154 cas ont \u00e9t\u00e9 d\u00e9clar\u00e9s en 2023, dont <strong>77 en Seine-Maritime<\/strong>, selon Sant\u00e9 Publique France.\u00a0Chaque ann\u00e9e, entre 4 000 et 5 000 cas de tuberculose sont d\u00e9clar\u00e9s en France.<\/p>\n","protected":false},"excerpt":{"rendered":"Un cas de tuberculose a \u00e9t\u00e9 d\u00e9tect\u00e9 \u00e0 la facult\u00e9 de Rouen sur le campus Pasteur, en centre-ville.&hellip;\n","protected":false},"author":2,"featured_media":558225,"comment_status":"","ping_status":"","sticky":false,"template":"","format":"standard","meta":{"footnotes":""},"categories":[9587],"tags":[1111,11,1777,674,1011,27,12,5161,25,9590],"class_list":{"0":"post-558224","1":"post","2":"type-post","3":"status-publish","4":"format-standard","5":"has-post-thumbnail","7":"category-rouen","8":"tag-actu","9":"tag-actualites","10":"tag-eu","11":"tag-europe","12":"tag-fr","13":"tag-france","14":"tag-news","15":"tag-normandie","16":"tag-republique-francaise","17":"tag-rouen"},"share_on_mastodon":{"url":"https:\/\/pubeurope.com\/@fr\/115611835023276065","error":""},"_links":{"self":[{"href":"https:\/\/www.europesays.com\/fr\/wp-json\/wp\/v2\/posts\/558224","targetHints":{"allow":["GET"]}}],"collection":[{"href":"https:\/\/www.europesays.com\/fr\/wp-json\/wp\/v2\/posts"}],"about":[{"href":"https:\/\/www.europesays.com\/fr\/wp-json\/wp\/v2\/types\/post"}],"author":[{"embeddable":true,"href":"https:\/\/www.europesays.com\/fr\/wp-json\/wp\/v2\/users\/2"}],"replies":[{"embeddable":true,"href":"https:\/\/www.europesays.com\/fr\/wp-json\/wp\/v2\/comments?post=558224"}],"version-history":[{"count":0,"href":"https:\/\/www.europesays.com\/fr\/wp-json\/wp\/v2\/posts\/558224\/revisions"}],"wp:featuredmedia":[{"embeddable":true,"href":"https:\/\/www.europesays.com\/fr\/wp-json\/wp\/v2\/media\/558225"}],"wp:attachment":[{"href":"https:\/\/www.europesays.com\/fr\/wp-json\/wp\/v2\/media?parent=558224"}],"wp:term":[{"taxonomy":"category","embeddable":true,"href":"https:\/\/www.europesays.com\/fr\/wp-json\/wp\/v2\/categories?post=558224"},{"taxonomy":"post_tag","embeddable":true,"href":"https:\/\/www.europesays.com\/fr\/wp-json\/wp\/v2\/tags?post=558224"}],"curies":[{"name":"wp","href":"https:\/\/api.w.org\/{rel}","templated":true}]}}