{"id":558244,"date":"2025-11-25T18:58:29","date_gmt":"2025-11-25T18:58:29","guid":{"rendered":"https:\/\/www.europesays.com\/fr\/558244\/"},"modified":"2025-11-25T18:58:29","modified_gmt":"2025-11-25T18:58:29","slug":"un-nouveau-v-and-b-ouvre-ses-portes-dans-cette-commune","status":"publish","type":"post","link":"https:\/\/www.europesays.com\/fr\/558244\/","title":{"rendered":"un nouveau V and B ouvre ses portes dans cette commune"},"content":{"rendered":"<p>                    Par<br \/>\n        <strong><br \/>\n            <a href=\"https:\/\/actu.fr\/auteur\/redaction-nantes\" title=\"Consulter tous les articles de R\u00e9daction Nantes\" target=\"_blank\" rel=\"noopener\">R\u00e9daction Nantes<\/a><br \/>\n                    <\/strong><\/p>\n<p>        Publi\u00e9 le<\/p>\n<p>            25 nov. 2025 \u00e0 17h46        <\/p>\n<p>Une nouvelle adresse pour le r\u00e9seau V and B dans la m\u00e9tropole nantaise. Ce mercredi 26\u00a0novembre 2025, <b>un nouveau magasin va ouvrir ses portes \u00e0 Saint-Herblain <\/b>(Loire-Atlantique), au 331 route de Vannes. La cave propose des r\u00e9f\u00e9rences (vins, bi\u00e8res, spiritueux*, sans alcool), associ\u00e9e \u00e0 un espace bar.<\/p>\n<p class=\" wall-content\"><a href=\"https:\/\/www.instagram.com\/p\/DQwuRfWjHwi\/embed\" title=\"Ouvrir le lien sur Instagram\" target=\"_blank\" rel=\"noopener\">Visualiser le contenu sur Instagram<\/a><\/p>\n<p>Une terrasse de 300m2<\/p>\n<p class=\" wall-content\">La nouvelle adresse herblinoise est dirig\u00e9e par trois associ\u00e9s (Denis, Ivan et Corentin), d\u00e9j\u00e0 \u00e0 la t\u00eate des V and B de Blain et Rez\u00e9. Le nouveau commerce contient un bar avec 12 tirages pression, une terrasse de 300\u00a0m2 et un parking situ\u00e9 dans la zone d\u2019activit\u00e9s.<\/p>\n<p class=\" wall-content\">Le lieu ouvrira ses portes aux publics \u00e0 partir du 26\u00a0novembre avant une soir\u00e9e d\u2019inauguration <b>pr\u00e9vue le jeudi 4\u00a0d\u00e9cembre 2025<\/b>.<\/p>\n<p class=\" wall-content\">*L\u2019abus d\u2019alcool est dangereux pour la sant\u00e9, \u00e0 consommer avec mod\u00e9ration<\/p>\n<p>V and B Saint-Herblain, 331 Route de Vannes.<br \/>Ouvert du lundi au samedi.Horaires\u2009: lundi au mercredi\u2009: 10\u2009h\u200900 \u2013 21\u2009h\u200900, jeudi et vendredi\u2009: 10\u2009h\u200900 \u2013 22\u2009h\u200900, samedi\u2009: 10\u2009h\u200900 \u2013 21\u2009h\u200930.<\/p>\n<p class=\" wall-content\">Personnalisez votre actualit\u00e9 en ajoutant vos villes et m\u00e9dias en favori avec <a href=\"https:\/\/moncompte.actu.fr\" title=\"D\u00e9couvez Mon Actu\" rel=\"nofollow noopener\" data-trk=\"{&quot;cta&quot;:{&quot;action&quot;:&quot;https:\\\/\\\/moncompte.actu.fr&quot;,&quot;category&quot;:&quot;mon compte&quot;,&quot;from&quot;:&quot;article footer&quot;,&quot;name&quot;:&quot;Mon actu&quot;,&quot;type&quot;:&quot;cta&quot;}}\" target=\"_blank\">Mon Actu<\/a>.<\/p>\n<p>                    <script async src=\"\/\/www.instagram.com\/embed.js\"><\/script><\/p>\n","protected":false},"excerpt":{"rendered":"Par R\u00e9daction Nantes Publi\u00e9 le 25 nov. 2025 \u00e0 17h46 Une nouvelle adresse pour le r\u00e9seau V and&hellip;\n","protected":false},"author":2,"featured_media":558245,"comment_status":"","ping_status":"","sticky":false,"template":"","format":"standard","meta":{"footnotes":""},"categories":[2818],"tags":[1111,11,215,9782,1777,674,1011,27,1652,766,12,3147,2636,25],"class_list":{"0":"post-558244","1":"post","2":"type-post","3":"status-publish","4":"format-standard","5":"has-post-thumbnail","7":"category-nantes","8":"tag-actu","9":"tag-actualites","10":"tag-commerce","11":"tag-dans-les-bars","12":"tag-eu","13":"tag-europe","14":"tag-fr","15":"tag-france","16":"tag-loisirs-culture","17":"tag-nantes","18":"tag-news","19":"tag-nouveaux-commerces","20":"tag-pays-de-la-loire","21":"tag-republique-francaise"},"share_on_mastodon":{"url":"https:\/\/pubeurope.com\/@fr\/115611874413937753","error":""},"_links":{"self":[{"href":"https:\/\/www.europesays.com\/fr\/wp-json\/wp\/v2\/posts\/558244","targetHints":{"allow":["GET"]}}],"collection":[{"href":"https:\/\/www.europesays.com\/fr\/wp-json\/wp\/v2\/posts"}],"about":[{"href":"https:\/\/www.europesays.com\/fr\/wp-json\/wp\/v2\/types\/post"}],"author":[{"embeddable":true,"href":"https:\/\/www.europesays.com\/fr\/wp-json\/wp\/v2\/users\/2"}],"replies":[{"embeddable":true,"href":"https:\/\/www.europesays.com\/fr\/wp-json\/wp\/v2\/comments?post=558244"}],"version-history":[{"count":0,"href":"https:\/\/www.europesays.com\/fr\/wp-json\/wp\/v2\/posts\/558244\/revisions"}],"wp:featuredmedia":[{"embeddable":true,"href":"https:\/\/www.europesays.com\/fr\/wp-json\/wp\/v2\/media\/558245"}],"wp:attachment":[{"href":"https:\/\/www.europesays.com\/fr\/wp-json\/wp\/v2\/media?parent=558244"}],"wp:term":[{"taxonomy":"category","embeddable":true,"href":"https:\/\/www.europesays.com\/fr\/wp-json\/wp\/v2\/categories?post=558244"},{"taxonomy":"post_tag","embeddable":true,"href":"https:\/\/www.europesays.com\/fr\/wp-json\/wp\/v2\/tags?post=558244"}],"curies":[{"name":"wp","href":"https:\/\/api.w.org\/{rel}","templated":true}]}}