{"id":558246,"date":"2025-11-25T18:59:15","date_gmt":"2025-11-25T18:59:15","guid":{"rendered":"https:\/\/www.europesays.com\/fr\/558246\/"},"modified":"2025-11-25T18:59:15","modified_gmt":"2025-11-25T18:59:15","slug":"au-salon-exphotel-les-start-up-portent-linnovation-a-tous-les-etages","status":"publish","type":"post","link":"https:\/\/www.europesays.com\/fr\/558246\/","title":{"rendered":"au salon Exp\u2019H\u00f4tel, les start-up portent l\u2019innovation \u00e0 tous les \u00e9tages"},"content":{"rendered":"<p>Chacun des huit candidats retenus a dispos\u00e9 de cinq minutes pour se pr\u00e9senter avant de r\u00e9pondre aux questions du jury de professionnels. Charge \u00e0 eux de s\u00e9lectionner le laur\u00e9at en tenant compte de plusieurs crit\u00e8res. Le degr\u00e9 d\u2019innovation, la capacit\u00e9 \u00e0 r\u00e9pondre au besoin de la fili\u00e8re h\u00f4teli\u00e8re et \u00e0 avoir un impact touristique durable. Et c\u2019est bien parce qu\u2019elle a coch\u00e9 toutes ces cases qu\u2019<a href=\"https:\/\/www.oorion.fr\/\" target=\"_blank\" rel=\"nofollow noopener\">OOrion<\/a> a d\u00e9croch\u00e9 le prix qui lui vaudra d\u2019exposer lors du salon Exp\u2019H\u00f4tel 2027.<\/p>\n<p>Des h\u00f4tels plus accessibles<\/p>\n<p>Cr\u00e9\u00e9e en 2023 par deux jeunes ing\u00e9nieurs, OOrion est une application mobile gratuite destin\u00e9e aux malvoyants pour rendre un lieu accessible et leur permettre d\u2019interagir de mani\u00e8re autonome avec leur environnement. \u00ab\u00a0Une personne malvoyante peine souvent \u00e0 identifier l\u2019accueil, \u00e0 s\u2019y retrouver dans la carte du restaurant, \u00e0 situer l\u2019ascenseur ou \u00e0 trouver la prise \u00e9lectrique dans sa chambre d\u2019h\u00f4tel. Et bien gr\u00e2ce \u00e0 la cam\u00e9ra de leur smartphone et \u00e0 une technologie de reconnaissance visuelle et sonore en temps r\u00e9el, les utilisateurs peuvent identifier et localiser les \u00e9l\u00e9ments qui les entourent\u00a0\u00bb, explique sa cofondatrice St\u00e9phanie Robieux.<\/p>\n<p>D\u00e9j\u00e0 adopt\u00e9e par plus de 20\u00a0000\u00a0utilisateurs et traduite en 32\u00a0langues, cette application, qui sera d\u00e9velopp\u00e9e sur Android en 2026, devrait s\u2019imposer comme une r\u00e9f\u00e9rence en mati\u00e8re d\u2019accessibilit\u00e9 inclusive. \u00ab\u00a0L\u2019autonomie devrait \u00eatre un droit\u00a0\u00bb, assure la jeune femme qui travaille aujourd\u2019hui avec une grande marque pour int\u00e9grer cette technologie dans des lunettes.<\/p>\n<p>Un coup de c\u0153ur viticole<\/p>\n","protected":false},"excerpt":{"rendered":"Chacun des huit candidats retenus a dispos\u00e9 de cinq minutes pour se pr\u00e9senter avant de r\u00e9pondre aux questions&hellip;\n","protected":false},"author":2,"featured_media":558247,"comment_status":"","ping_status":"","sticky":false,"template":"","format":"standard","meta":{"footnotes":""},"categories":[2817],"tags":[1111,11,1997,1777,674,1011,27,12,2219,25],"class_list":{"0":"post-558246","1":"post","2":"type-post","3":"status-publish","4":"format-standard","5":"has-post-thumbnail","7":"category-bordeaux","8":"tag-actu","9":"tag-actualites","10":"tag-bordeaux","11":"tag-eu","12":"tag-europe","13":"tag-fr","14":"tag-france","15":"tag-news","16":"tag-nouvelle-aquitaine","17":"tag-republique-francaise"},"share_on_mastodon":{"url":"https:\/\/pubeurope.com\/@fr\/115611878405940145","error":""},"_links":{"self":[{"href":"https:\/\/www.europesays.com\/fr\/wp-json\/wp\/v2\/posts\/558246","targetHints":{"allow":["GET"]}}],"collection":[{"href":"https:\/\/www.europesays.com\/fr\/wp-json\/wp\/v2\/posts"}],"about":[{"href":"https:\/\/www.europesays.com\/fr\/wp-json\/wp\/v2\/types\/post"}],"author":[{"embeddable":true,"href":"https:\/\/www.europesays.com\/fr\/wp-json\/wp\/v2\/users\/2"}],"replies":[{"embeddable":true,"href":"https:\/\/www.europesays.com\/fr\/wp-json\/wp\/v2\/comments?post=558246"}],"version-history":[{"count":0,"href":"https:\/\/www.europesays.com\/fr\/wp-json\/wp\/v2\/posts\/558246\/revisions"}],"wp:featuredmedia":[{"embeddable":true,"href":"https:\/\/www.europesays.com\/fr\/wp-json\/wp\/v2\/media\/558247"}],"wp:attachment":[{"href":"https:\/\/www.europesays.com\/fr\/wp-json\/wp\/v2\/media?parent=558246"}],"wp:term":[{"taxonomy":"category","embeddable":true,"href":"https:\/\/www.europesays.com\/fr\/wp-json\/wp\/v2\/categories?post=558246"},{"taxonomy":"post_tag","embeddable":true,"href":"https:\/\/www.europesays.com\/fr\/wp-json\/wp\/v2\/tags?post=558246"}],"curies":[{"name":"wp","href":"https:\/\/api.w.org\/{rel}","templated":true}]}}