{"id":558250,"date":"2025-11-25T19:02:13","date_gmt":"2025-11-25T19:02:13","guid":{"rendered":"https:\/\/www.europesays.com\/fr\/558250\/"},"modified":"2025-11-25T19:02:13","modified_gmt":"2025-11-25T19:02:13","slug":"premier-ag-de-lagence-unique-occitanie-culture","status":"publish","type":"post","link":"https:\/\/www.europesays.com\/fr\/558250\/","title":{"rendered":"Premier AG de l\u2019Agence Unique, Occitanie Culture"},"content":{"rendered":"<p>\u00c0 l\u2019issue de l\u2019assembl\u00e9e g\u00e9n\u00e9rale qui s\u2019est tenue vendredi 21\u00a0novembre 2025 \u00e0 l\u2019H\u00f4tel de R\u00e9gion \u00e0 Montpellier et au Mus\u00e9e des Abattoirs \u00e0 Toulouse, le nouveau conseil d\u2019administration s\u2019est r\u00e9uni pour \u00e9lire les membres du bureau de l\u2019association. J\u00e9r\u00f4me Sion est ainsi \u00e9lu \u00e0 la pr\u00e9sidence de l\u2019Agence Unique, Occitanie Culture, Marion Mazauric, Marion Tharaud et Am\u00e9lie Casasole sont vice-pr\u00e9sidentes, Jean-Marc Broqua est tr\u00e9sorier et Marie R\u00e9gis secr\u00e9taire.<\/p>\n<p>Le conseil d\u2019administration, issu du vote des 1000 professionnels r\u00e9unis, se compose comme suit\u00a0:<\/p>\n<p>Au Coll\u00e8ge Livre et Lecture ont \u00e9t\u00e9 \u00e9lus Fr\u00e9d\u00e9ric Lisak (Maisons d\u2019\u00e9dition), Fabrice Domingo (Librairies), Antoine Barral (Auteurs et autrices du livre), Anne Novel (M\u00e9diath\u00e8ques), Fran\u00e7ois Giustiniani (Patrimoine \u00e9crit) et Yves Jaumain (Manifestations et vie litt\u00e9raires).<\/p>\n<p>Au Coll\u00e8ge Cin\u00e9ma et Audiovisuel ont \u00e9t\u00e9 \u00e9lus Luc Cabassot (Salles et r\u00e9seaux), Eva Morsh-Kihn (Festivals de cin\u00e9ma et de l\u2019audiovisuel), Marie R\u00e9gis (Soci\u00e9t\u00e9s de production cin\u00e9ma et audiovisuel), Fanny Lamothe (Industries techniques du cin\u00e9ma et de l\u2019audiovisuel), Sandrine Mercier (Auteurs et autrices, r\u00e9alisateurs et r\u00e9alisatrices, sc\u00e9naristes) et Guillaume Ader (Techniciens et techniciennes, com\u00e9diens et com\u00e9diennes du cin\u00e9ma et de l\u2019audiovisuel).<\/p>\n<p>Au Coll\u00e8ge Spectacle Vivant ont \u00e9t\u00e9 \u00e9lus Sacha Denoy et Guillaume Severac-Schmitz (Cr\u00e9ation), Jean-Marc Broqua et Val\u00e9rie Gauthier (Diffusion) et Anne Bourg\u00e8s et Jean-No\u00ebl Walkowiak (Techniciens et techniciennes, artistes du spectacle vivant).<\/p>\n","protected":false},"excerpt":{"rendered":"\u00c0 l\u2019issue de l\u2019assembl\u00e9e g\u00e9n\u00e9rale qui s\u2019est tenue vendredi 21\u00a0novembre 2025 \u00e0 l\u2019H\u00f4tel de R\u00e9gion \u00e0 Montpellier et&hellip;\n","protected":false},"author":2,"featured_media":373637,"comment_status":"","ping_status":"","sticky":false,"template":"","format":"standard","meta":{"footnotes":""},"categories":[2816],"tags":[1111,11,650,11062,12917,251,1777,674,1011,27,12,2680,25,2312],"class_list":{"0":"post-558250","1":"post","2":"type-post","3":"status-publish","4":"format-standard","5":"has-post-thumbnail","7":"category-toulouse","8":"tag-actu","9":"tag-actualites","10":"tag-cinema","11":"tag-cinema-danimation","12":"tag-conseil-regional-occitanie","13":"tag-culture","14":"tag-eu","15":"tag-europe","16":"tag-fr","17":"tag-france","18":"tag-news","19":"tag-occitanie","20":"tag-republique-francaise","21":"tag-toulouse"},"share_on_mastodon":{"url":"https:\/\/pubeurope.com\/@fr\/115611890176532826","error":""},"_links":{"self":[{"href":"https:\/\/www.europesays.com\/fr\/wp-json\/wp\/v2\/posts\/558250","targetHints":{"allow":["GET"]}}],"collection":[{"href":"https:\/\/www.europesays.com\/fr\/wp-json\/wp\/v2\/posts"}],"about":[{"href":"https:\/\/www.europesays.com\/fr\/wp-json\/wp\/v2\/types\/post"}],"author":[{"embeddable":true,"href":"https:\/\/www.europesays.com\/fr\/wp-json\/wp\/v2\/users\/2"}],"replies":[{"embeddable":true,"href":"https:\/\/www.europesays.com\/fr\/wp-json\/wp\/v2\/comments?post=558250"}],"version-history":[{"count":0,"href":"https:\/\/www.europesays.com\/fr\/wp-json\/wp\/v2\/posts\/558250\/revisions"}],"wp:featuredmedia":[{"embeddable":true,"href":"https:\/\/www.europesays.com\/fr\/wp-json\/wp\/v2\/media\/373637"}],"wp:attachment":[{"href":"https:\/\/www.europesays.com\/fr\/wp-json\/wp\/v2\/media?parent=558250"}],"wp:term":[{"taxonomy":"category","embeddable":true,"href":"https:\/\/www.europesays.com\/fr\/wp-json\/wp\/v2\/categories?post=558250"},{"taxonomy":"post_tag","embeddable":true,"href":"https:\/\/www.europesays.com\/fr\/wp-json\/wp\/v2\/tags?post=558250"}],"curies":[{"name":"wp","href":"https:\/\/api.w.org\/{rel}","templated":true}]}}