{"id":558251,"date":"2025-11-25T19:03:17","date_gmt":"2025-11-25T19:03:17","guid":{"rendered":"https:\/\/www.europesays.com\/fr\/558251\/"},"modified":"2025-11-25T19:03:17","modified_gmt":"2025-11-25T19:03:17","slug":"le-photographe-boby-expose-son-cafoucho-chez-ses-amis-bigflo-et-oli","status":"publish","type":"post","link":"https:\/\/www.europesays.com\/fr\/558251\/","title":{"rendered":"le photographe Boby expose son \u00ab\u00a0cafoucho\u00a0\u00bb chez ses amis Bigflo et Oli"},"content":{"rendered":"<p>                    Par<br \/>\n        <strong><br \/>\n            <a href=\"https:\/\/actu.fr\/auteur\/gabriel-kenedi\" title=\"Consulter tous les articles de Gabriel Kenedi\" target=\"_blank\" rel=\"noopener\">Gabriel Kenedi<\/a><br \/>\n                    <\/strong><\/p>\n<p>        Publi\u00e9 le<\/p>\n<p>            25 nov. 2025 \u00e0 19h58        <\/p>\n<p>\u00ab\u00a0Il a un rapport sain et pur avec la photographie, presque na\u00eff, celui d\u2019un d\u00e9butant. C\u2019est le photographe amateur qui a le plus r\u00e9ussi que je connaisse\u00a0\u00bb, dit de lui son ami Oli. Il faut dire qu\u2019il le conna\u00eet particuli\u00e8rement bien ! Depuis plusieurs ann\u00e9es, <strong>Odieux Boby<\/strong> est devenu LE photographe officiel de <a href=\"https:\/\/actu.fr\/tag\/bigflo-et-oli\" target=\"_blank\" rel=\"noopener\">Bigflo &amp; Oli<\/a>. Ce n\u2019est donc pas un hasard si Boby vient exposer ses photos au <strong>Caf\u00e9 Visionnaire<\/strong>, le QG des deux rappeurs situ\u00e9 en plein centre-ville de Toulouse, un lieu hybride qui fait \u00e0 la fois office de boutique <a href=\"https:\/\/actu.fr\/occitanie\/toulouse_31555\/toulouse-un-vrai-lieu-culturel-le-cafe-visionnaire-de-bigflo-et-oli-s-ouvre-aux-expos-et-a-la-musique_62797775.html\" target=\"_blank\" rel=\"noopener\">et de lieu culturel<\/a>.<\/p>\n<p>Une expo gratuite visible \u00e0 Toulouse<\/p>\n<p class=\" wall-content\">Boris Allin, de son vrai nom, a sorti il y a quelques semaines son livre,<strong> \u00ab\u00a0Cafoucho\u00a0\u00bb<\/strong> (paru chez Fisheye \u00e9ditions), dans lequel il retrace<strong> 15 ans de photographies<\/strong>. Avec son talent et son \u0153il \u00e0 part, Boby nous plonge dans le quotidien des stars, au plus pr\u00e8s des grands \u00e9v\u00e8nements sportifs et culturels de la plan\u00e8te, mais capte aussi comme personne des moments de vie furtifs, des sc\u00e8nes de rue, ou de puissants clich\u00e9s issus de manifestations plus ou moins sages.\u00a0 L\u2019exposition \u2013 <strong>visible gratuitement<\/strong> depuis le 24 novembre et jusqu\u2019au 28 f\u00e9vrier 2026 \u2013 fait donc \u00e9cho \u00e0 ce livre\u2026 mais pas seulement ! Pour en savoir plus, Boby nous a accueillis juste avant le vernissage de son expo\u2026 Il nous parle de sa passion, des liens fort qu\u2019il a tiss\u00e9s avec les deux frangins toulousains, et des photos parfois in\u00e9dites qui sont \u00e0 d\u00e9couvrir d\u2019urgence au Caf\u00e9 Visionnaire. Rencontre.\u00a0<\/p>\n<p class=\" wall-content\"><strong>\u00ab\u00a0Range ton cafoucho !\u00a0\u00bb<\/strong><\/p>\n<p class=\"ac-article-content__question wall-content\"><strong class=\"color-primary\">Actu : <\/strong>Ton livre et ton expo s&rsquo;intitulent \u00ab\u00a0Cafoucho\u00a0\u00bb. Qu&rsquo;est-ce que \u00e7a veut dire ?<\/p>\n<p class=\" wall-content\"><strong class=\"color-primary\">Boby : <\/strong>C\u2019est du proven\u00e7al, et \u00e7a veut dire bordel ! Quand j&rsquo;\u00e9tais petit ma m\u00e8re venait toujours dans la chambre de mon petit fr\u00e8re et moi elle me disait \u00ab range ton cafucho, range ton cafoucho \u00bb. Depuis j&rsquo;ai grandi, donc ma chambre est plut\u00f4t rang\u00e9e, mais ce qui est pas bien rang\u00e9 ce sont mes disques durs. \u00c7a fait plusieurs ann\u00e9es que mon \u00e9diteur, FishEye, me dit de faire un livre. Je suis donc all\u00e9 fouiller dans mes 33 disques durs, ce qui \u00e9quivaut \u00e0 33 chambres d\u2019ado, pour aller chercher les images. J\u2019ai donc rang\u00e9 mon cafoucho pour sortir le livre ! Depuis, le livre est sorti, et Oli m\u2019a propos\u00e9 de faire une expo \u00e0 Toulouse, dans son caf\u00e9 culturel !<\/p>\n<p>\u00ab\u00a0J\u2019ai ressorti des photos d\u2019Antoine Dupont et de L\u00e9on Marchand\u00a0\u00bb<\/p>\n<p class=\"ac-article-content__question wall-content\">Comment as-tu choisi les photos que tu exposes ici, \u00e0 Toulouse\u00a0?\n<\/p>\n<p class=\" wall-content\"><strong class=\"color-primary\"> : <\/strong>Il y a des photos qui sont issues du livre. Et comme on est \u00e0 Toulouse, j\u2019ai ressorti des photos d\u2019Antoine Dupont, de L\u00e9on Marchand qui viennent d\u2019ici, ou encore du Rose Festival. Et il y a aussi des photos que j\u2019ai prises tr\u00e8s r\u00e9cemment, comme celle du dernier Tour de France, par exemple. Il y a aussi des photos que je n\u2019avais jamais publi\u00e9es comme un portrait de Kendrick Lamar\u2026 histoire d\u2019avoir des petites exclus\u00a0! Il y a aussi pas mal de souvenirs, comme ma premi\u00e8re photo publi\u00e9e en Une du Monde, mes accr\u00e9ditations, mes pass\u2026 Je pr\u00e9sente aussi des voilages, avec des photos qui sont toutes issues du livre. Et on a aussi quelques tirages XXL, de Guy Roux, du Rose et d\u2019autres, qu\u2019on a diss\u00e9min\u00e9s un peu partout. Oli m\u2019a laiss\u00e9 carte blanche\u00a0et m\u2019a pouss\u00e9 en me disant qu\u2019il fallait le surprendre\u2026 J\u2019essaie donc de le surprendre\u00a0! Toutes ces photos, \u00e7a retrace 15 ans de travail\u00a0!<\/p>\n<p>Vid\u00e9os : en ce moment sur Actu<\/p>\n<p class=\" wall-content\"><strong>On ne va pas tout spoiler mais voici quelques photos \u00e0 d\u00e9couvrir lors de cette expo :\u00a0<\/strong><\/p>\n<p>\u00ab\u00a0J\u2019ai le m\u00eame bonheur \u00e0 \u00eatre dans une manif qu\u2019avec les plus riches du monde\u00a0\u00bb<\/p>\n<p class=\"ac-article-content__question wall-content\">Pouvoir aller \u00e0 Monza en F1, aux JO, photographier les stars du Rose ou aller prendre des clich\u00e9s dans les manifs, est-ce \u00e7a que tu aimes dans la photo\u00a0? Cet \u00e9clectisme\u00a0?\n<\/p>\n<p class=\" wall-content\"><strong class=\"color-primary\"> : <\/strong>Compl\u00e8tement ! Moi, je viens d\u2019un petit village du sud de la France qui s\u2019appelle Lambesc. Mon p\u00e8re \u00e9tait sous-marinier, ma m\u00e8re elle \u00e9tait technicienne a\u00e9ronautique. Mes parents n&rsquo;ont pas eu le bac et rien ne me pr\u00e9destinait \u00e0 avoir ce parcours\u00a0! Un peu comme Flo et Oli, finalement\u00a0! On est des petits gars du sud mais gr\u00e2ce \u00e0 notre art, on a pu aller dans des endroits o\u00f9 on n&rsquo;aurait jamais pens\u00e9 imaginer \u00eatre. \u00c0 la base, je voulais \u00eatre une rock star\u2026 mais comme je suis trop nul en musique, je suis devenu photographe (il sourit) ! Mais c\u2019est vrai que c\u2019est un peu hallucinant de se dire que le lundi, je vais faire le portrait d\u2019une star, le mardi, un d\u00e9fil\u00e9 de mode et le samedi, une manif. Je vois un peu tous les pans de la soci\u00e9t\u00e9 et c\u2019est \u00e7a que j\u2019adore, en fait\u00a0! J\u2019ai le m\u00eame bonheur \u00e0 \u00eatre au milieu d\u2019une manif avec des gars qui gal\u00e8rent pour arriver \u00e0 la fin du mois, et en m\u00eame temps, passer du temps avec les plus riches du monde. Ce sont deux mondes qui ne se rencontrent jamais, et \u00e0 travers mon livre et mon expo, j\u2019arrive \u00e0 les faire co\u00efncider, m\u00eame si je sais que \u00e7a ne se fait pas trop dans la vraie vie.<\/p>\n<p>Votre r\u00e9gion, votre actu !<\/p>\n<p>Recevez chaque jour les infos qui comptent pour vous.<\/p>\n<p>\t<a href=\"https:\/\/actu.fr\/newsletter\" class=\"ac-btn ac-btn--corner ac-btn--medium ac-btn--blue800\" target=\"_blank\" rel=\"noopener\">S&rsquo;incrire<\/a><br \/>\nSur Bigflo et Oli : \u00ab\u00a0Leur \u00e9volution est dingue !\u00a0\u00bb<br \/>\n    <img   decoding=\"async\" loading=\"lazy\" src=\"https:\/\/www.europesays.com\/fr\/wp-content\/uploads\/2025\/11\/boby-boby-l1012673-960x640.jpg\" alt=\"Bigflo et Oli lors de leurs concerts au Stadium, en 2024. \" width=\"960\" height=\"640\"\/><br \/>\n    Bigflo et Oli, juste avant leurs concerts au Stadium de Toulouse, en 2024. (\u00a9Boby)<\/p>\n<p class=\"ac-article-content__question wall-content\">Tu suis Bigflo et Oli depuis plusieurs ann\u00e9es. Comment vous \u00eates vous rencontr\u00e9s ?\n<\/p>\n<p class=\" wall-content\"><strong class=\"color-primary\"> : <\/strong>Je les ai connus sur la p\u00e9riode \u00ab\u00a0Gangsta\u00a0\u00bb (leur premier single sorti sur La Cour des grands, leur premier album, N.D.L.R.). Ils faisaient un concert caritatif avec les Casseurs Flowteurs (le groupe d&rsquo;Orelsan et Gringe, N.D.L.R.), au Transbordeur de Lyon. J\u2019avais fait une photo de Oli au milieu de la foule. Il avait beaucoup aim\u00e9 la photo et m\u2019avait contact\u00e9 sur facebook en me demandant de lui envoyer. Et il m\u2019a propos\u00e9 de les accompagner en tourn\u00e9e mais j\u2019\u00e9tais d\u00e9j\u00e0 engag\u00e9 avec Deluxe, \u00e7a ne s\u2019\u00e9tait donc pas fait. Et quand ils venaient de sortir \u00ab\u00a0Dommage\u00a0\u00bb, on s\u2019est recrois\u00e9 et ils m\u2019ont propos\u00e9 de les suivre sur un Z\u00e9nith. Puis deux, puis trois\u2026 Petit \u00e0 petit, on a intensifi\u00e9 notre collaboration\u00a0! Mais \u00e7a fait tr\u00e8s longtemps que je les connais et c\u2019est trop bien de voir la fa\u00e7on dont ils ont \u00e9volu\u00e9\u2026 C\u2019est une \u00e9volution de dingue, quand on y pense\u00a0! Ils n\u2019ont jamais rien l\u00e2ch\u00e9 et je trouve \u00e7a trop cool qu\u2019ils soient touche-\u00e0-tout\u00a0! Oli, par exemple, tu ne peux pas le mettre dans une case. C\u2019est impossible\u00a0! Et je trouve \u00e7a g\u00e9nial. Son exposition aux Abattoirs \u00e9tait incroyable, le Rose Festival est g\u00e9nial aussi.. On sent que chez ces gars, ce n\u2019est pas une question d\u2019argent, mais d\u2019envie\u00a0!<\/p>\n<p>\u00ab\u00a0Il y a toujours la m\u00eame honn\u00eatet\u00e9 chez eux\u00a0\u00bb<\/p>\n<p class=\"ac-article-content__question wall-content\">En pr\u00e8s de 10 ans, comment per\u00e7ois-tu leur \u00e9volution \u00e0 l\u2019image \u00a0?\n<\/p>\n<p class=\" wall-content\"><strong class=\"color-primary\"> : <\/strong>Ils ont beaucoup \u00e9volu\u00e9\u00a0! Il y a 10 ans, c\u2019est Bigflo qui avait toujours la casquette\u2026 maintenant c\u2019est Oli. La casquette a chang\u00e9 de partenaire ! Je me rappelle d&rsquo;un shooting \u00e0 New York, qu\u2019on avait fait \u00e0 l\u2019arrache\u2026 mais c\u2019\u00e9tait tellement bien\u00a0! Pour des artistes de ce niveau, c\u2019est hallucinant quand tu y penses. Les mecs \u00e9taient all\u00e9s dans un magasin \u00e0 New York, ils avaient achet\u00e9 deux sacs de fringues. Et apr\u00e8s, on \u00e9tait all\u00e9 \u00e0 Coney Island, un lundi matin. Il n\u2019y avait personne, on se trimballait les sacs, se changeait dans la rue. Ce sont des souvenirs g\u00e9niaux\u00a0! \u00c0 cette \u00e9poque, c\u2019\u00e9tait le tout d\u00e9but de Visionnaire donc ils \u00e9taient dans des couleurs tr\u00e8s vives bleu, rouge et jaune. Aujourd\u2019hui, ils sont davantage dans la mode avec cette envie de bien s\u2019habiller. Ce qui est assez normal, quand tu grandis\u00a0! Le dernier shooting qu&rsquo;on a fait ensemble \u00e9tait un peu plus classe. C\u2019est une \u00e9volution normale. On n\u2019est plus \u00e0 l\u2019\u00e9poque de Gangsta mais il y a toujours la m\u00eame honn\u00eatet\u00e9 chez eux\u00a0\u00bb.<\/p>\n<p>\u00ab\u00a0Quand tout le monde regarde \u00e0 droite, j\u2019essaie de regarder \u00e0 gauche\u00a0\u00bb<br \/>\n    <img   decoding=\"async\" loading=\"lazy\" src=\"https:\/\/www.europesays.com\/fr\/wp-content\/uploads\/2025\/11\/boby-boby-l2640077-960x640.jpg\" alt=\"En manif, Boby a aussi un sacr\u00e9 regard. \" width=\"960\" height=\"640\"\/><br \/>\n    En manif, Boby a aussi un sacr\u00e9 regard. (\u00a9Boby )<\/p>\n<p class=\"ac-article-content__question wall-content\">Et toi aussi, on imagine que ta fa\u00e7on de shooter \u2013 au-del\u00e0 de Bigflo et Oli \u2013 a \u00e9volu\u00e9 en 15 ans de photographies\u00a0?\n<\/p>\n<p class=\" wall-content\"><strong class=\"color-primary\"> : <\/strong>Compl\u00e8tement ! J\u2019aime bien cette expression qui consiste \u00e0 dire que c\u2019est en forgeant qu\u2019on devient forgeron. Dans la photo, il n\u2019y a pas de secret ! Mes premi\u00e8res photos n\u2019\u00e9taient pas terribles\u2026 Mais je suis un acharn\u00e9 de boulot et le manque de moyens n\u2019a jamais \u00e9t\u00e9 une excuse pour moi. Les photos que je faisais au d\u00e9but, je m\u2019en rappelle bien : je me servais du mur blanc du Carrefour City pour faire un studio blanc et je faisais des portraits avec mon fr\u00e8re, mes potes. Je faisais un peu n\u2019imp\u2019 mais \u00e7a m\u2019a beaucoup appris. Plus tard, le journal Lib\u00e9ration m\u2019a fait beaucoup \u00e9volu\u00e9 parce qu&rsquo;ils ont une approche de l\u2019image qui est particuli\u00e8re dans la presse. Cela m\u2019a pouss\u00e9 \u00e0 ne pas rester sur des photos qui soient uniquement informatives, mais \u00e0 aller chercher un suppl\u00e9ment d\u2019\u00e2me ! Quand tout le monde regarde \u00e0 droite, j\u2019essaie de regarder \u00e0 gauche\u2026 Et en manif, il y a des trucs que je m\u2019oblige \u00e0 faire. Je ne vais pas directement l\u00e0 o\u00f9 \u00e7a casse. C&rsquo;est aussi rendre justice \u00e0 celles et ceux qui manifestent de ne pas prendre seulement la poubelle qui a cram\u00e9. C&rsquo;est un devoir d\u00e9ontologique, quelque part.\u00a0Et \u00e7a donne aussi de super photos !<\/p>\n<p>\u00ab\u00a0J\u2019ai toujours gard\u00e9 ce dessin d\u2019Oli\u00a0\u00bb<\/p>\n<p class=\"ac-article-content__question wall-content\">[Alors que l&rsquo;entretien s&rsquo;ach\u00e8ve, il ouvre un paquet qui vient d&rsquo;arriver et veut nous le montrer : \u00e0 l&rsquo;int\u00e9rieur, un dessin fait par Oli]. Pourquoi il est important pour toi, ce dessin ?<\/p>\n<p class=\" wall-content\"><strong class=\"color-primary\"> : <\/strong>Souvent, Bigflo et Oli finissent leur enregistrement d&rsquo;album \u00e0 New York, puisqu&rsquo;ils ont des gars l\u00e0-bas avec qui ils travaillent depuis le tout d\u00e9but. Il y a quelques ann\u00e9es, on devait faire un petit livret photo et je passais toutes mes journ\u00e9es au studio \u00e0 Brooklyn avec eux. Je n&rsquo;ai pas du tout vu New York ! Mais c&rsquo;\u00e9tait trop cool. Un jour, Oli &#8211; qui me surnomme El Curioso parce qu&rsquo;il trouve que je pose plein de questions &#8211; m&rsquo;a dessin\u00e9 sur une serviette en papier. Et j&rsquo;ai toujours gard\u00e9 ce dessin d&rsquo;Oli, que je trouve trop mignon ! C&rsquo;est quand m\u00eame l&rsquo;un des plus grands rappeurs actuels, et il m&rsquo;a fait mon portrait ! C&rsquo;est trop classe ! Et du coup j&rsquo;ai eu envie de l&rsquo;exposer ici.<\/p>\n<p>\u00ab\u00a0Cafoucho\u00a0\u00bb de <a href=\"https:\/\/www.instagram.com\/odieuxboby\/\" target=\"_blank\" rel=\"noopener\">Boby<\/a>, \u00e0 voir gratuitement jusqu\u2019au 28 f\u00e9vrier 2026 au <a href=\"https:\/\/www.instagram.com\/cafevisionnaire\/?hl=fr\" target=\"_blank\" rel=\"noopener\">Caf\u00e9 Visionnaire<\/a>, au 23 rue des Puits-Clos, \u00e0 Toulouse.\u00a0<\/p>\n<p class=\" wall-content\">Personnalisez votre actualit\u00e9 en ajoutant vos villes et m\u00e9dias en favori avec <a href=\"https:\/\/moncompte.actu.fr\" title=\"D\u00e9couvez Mon Actu\" rel=\"nofollow noopener\" data-trk=\"{&quot;cta&quot;:{&quot;action&quot;:&quot;https:\\\/\\\/moncompte.actu.fr&quot;,&quot;category&quot;:&quot;mon compte&quot;,&quot;from&quot;:&quot;article footer&quot;,&quot;name&quot;:&quot;Mon actu&quot;,&quot;type&quot;:&quot;cta&quot;}}\" target=\"_blank\">Mon Actu<\/a>.<\/p>\n<p>                    <script async src=\"\/\/www.instagram.com\/embed.js\"><\/script><\/p>\n","protected":false},"excerpt":{"rendered":"Par Gabriel Kenedi Publi\u00e9 le 25 nov. 2025 \u00e0 19h58 \u00ab\u00a0Il a un rapport sain et pur avec&hellip;\n","protected":false},"author":2,"featured_media":558252,"comment_status":"","ping_status":"","sticky":false,"template":"","format":"standard","meta":{"footnotes":""},"categories":[2816],"tags":[1111,11,7642,1777,674,1011,27,1652,12,2680,25,1341,2312],"class_list":{"0":"post-558251","1":"post","2":"type-post","3":"status-publish","4":"format-standard","5":"has-post-thumbnail","7":"category-toulouse","8":"tag-actu","9":"tag-actualites","10":"tag-bigflo-et-oli","11":"tag-eu","12":"tag-europe","13":"tag-fr","14":"tag-france","15":"tag-loisirs-culture","16":"tag-news","17":"tag-occitanie","18":"tag-republique-francaise","19":"tag-sortir-a-toulouse","20":"tag-toulouse"},"share_on_mastodon":{"url":"https:\/\/pubeurope.com\/@fr\/115611895216519965","error":""},"_links":{"self":[{"href":"https:\/\/www.europesays.com\/fr\/wp-json\/wp\/v2\/posts\/558251","targetHints":{"allow":["GET"]}}],"collection":[{"href":"https:\/\/www.europesays.com\/fr\/wp-json\/wp\/v2\/posts"}],"about":[{"href":"https:\/\/www.europesays.com\/fr\/wp-json\/wp\/v2\/types\/post"}],"author":[{"embeddable":true,"href":"https:\/\/www.europesays.com\/fr\/wp-json\/wp\/v2\/users\/2"}],"replies":[{"embeddable":true,"href":"https:\/\/www.europesays.com\/fr\/wp-json\/wp\/v2\/comments?post=558251"}],"version-history":[{"count":0,"href":"https:\/\/www.europesays.com\/fr\/wp-json\/wp\/v2\/posts\/558251\/revisions"}],"wp:featuredmedia":[{"embeddable":true,"href":"https:\/\/www.europesays.com\/fr\/wp-json\/wp\/v2\/media\/558252"}],"wp:attachment":[{"href":"https:\/\/www.europesays.com\/fr\/wp-json\/wp\/v2\/media?parent=558251"}],"wp:term":[{"taxonomy":"category","embeddable":true,"href":"https:\/\/www.europesays.com\/fr\/wp-json\/wp\/v2\/categories?post=558251"},{"taxonomy":"post_tag","embeddable":true,"href":"https:\/\/www.europesays.com\/fr\/wp-json\/wp\/v2\/tags?post=558251"}],"curies":[{"name":"wp","href":"https:\/\/api.w.org\/{rel}","templated":true}]}}