{"id":558255,"date":"2025-11-25T19:06:12","date_gmt":"2025-11-25T19:06:12","guid":{"rendered":"https:\/\/www.europesays.com\/fr\/558255\/"},"modified":"2025-11-25T19:06:12","modified_gmt":"2025-11-25T19:06:12","slug":"les-centres-daccueil-pour-les-femmes-victimes-de-violences-manquent-de-moyens-a-marseille","status":"publish","type":"post","link":"https:\/\/www.europesays.com\/fr\/558255\/","title":{"rendered":"Les centres d&rsquo;accueil pour les femmes victimes de violences manquent de moyens \u00e0 Marseille"},"content":{"rendered":"<p>Au CIDFF de Marseille, pr\u00e8s de 5\u00a0000\u00a0personnes sont accompagn\u00e9es chaque ann\u00e9e. L\u2019an dernier, plus de 12\u00a0000 appels ont \u00e9t\u00e9 re\u00e7us dans cette permanence o\u00f9 sont accueillies des <a href=\"https:\/\/www.laprovence.com\/article\/societe\/231464587771215\/violences-faites-aux-femmes-les-baisses-de-budget-mettent-en-danger-les-associations-alerte-solidarite-femmes\" target=\"_blank\" rel=\"noopener\">femmes victimes de violence<\/a>. \u00ab\u00a0L\u2019accueil, c\u2019est la porte d\u2019entr\u00e9e. C\u2019est le premier recueil de la parole\u00a0\u00bb, souligne G\u00e9raldine Rogier, directrice r\u00e9gionale du CIDFF Paca. Malgr\u00e9 son importance, ce poste d\u2019accueil n\u2019est toujours pas financ\u00e9 de mani\u00e8re p\u00e9renne.<\/p>\n<p>\u00ab\u00a0On bricole avec des bouts de subventions. C\u2019est sid\u00e9rant que ce ne soit pas financ\u00e9 alors que c\u2019est le c\u0153ur de notre mission\u00a0\u00bb, regrette G\u00e9raldine Rogier.<\/p>\n<p>Fermeture de permanences, postes non renouvel\u00e9s\u2026<\/p>\n<p>Alors que la lutte contre les violences faites aux femmes a \u00e9t\u00e9 \u00e9rig\u00e9e en \u00ab\u00a0grande cause\u00a0\u00bb des deux quinquennats d\u2019Emmanuel Macron, <a href=\"https:\/\/www.laprovence.com\/article\/societe\/14541350560215\/violences-faites-aux-femmes-toujours-une-victime-tuee-par-un-proche-toutes-les-dix-minutes-denonce-lonu\" target=\"_blank\" rel=\"noopener\">138 f\u00e9minicides ont \u00e9t\u00e9 recens\u00e9s en France l\u2019an dernier, dont 20 en Provence-Alpes-C\u00f4te d&rsquo;Azur, soit la r\u00e9gion la plus touch\u00e9e.<\/a> Alors qu\u2019en\u00a02022, G\u00e9rald Darmanin, alors ministre de l&rsquo;Int\u00e9rieur, s\u2019\u00e9tait rendu \u00e0 Marseille pour rencontrer les membres du CIDFF, ses \u00e9quipes d\u00e9plorent encore un manque d\u2019aide de la part des collectivit\u00e9s. \u00ab\u00a0Nous n\u2019avons pas les ressources pour r\u00e9pondre \u00e0 toutes les demandes. Et elles augmentent\u00a0\u00bb, d\u00e9nonce \u00c9m&#8230;<\/p>\n","protected":false},"excerpt":{"rendered":"Au CIDFF de Marseille, pr\u00e8s de 5\u00a0000\u00a0personnes sont accompagn\u00e9es chaque ann\u00e9e. L\u2019an dernier, plus de 12\u00a0000 appels ont&hellip;\n","protected":false},"author":2,"featured_media":558256,"comment_status":"","ping_status":"","sticky":false,"template":"","format":"standard","meta":{"footnotes":""},"categories":[2814],"tags":[17,1111,11,1102,12405,67545,1777,674,4651,1011,27,151,884,12,471,882,16,25,2023],"class_list":{"0":"post-558255","1":"post","2":"type-post","3":"status-publish","4":"format-standard","5":"has-post-thumbnail","7":"category-marseille","8":"tag-17","9":"tag-actu","10":"tag-actualites","11":"tag-breakingnews","12":"tag-centres","13":"tag-daccueil","14":"tag-eu","15":"tag-europe","16":"tag-femmes","17":"tag-fr","18":"tag-france","19":"tag-les","20":"tag-marseille","21":"tag-news","22":"tag-pour","23":"tag-provence-alpes-cote-dazur","24":"tag-region","25":"tag-republique-francaise","26":"tag-victimes"},"share_on_mastodon":{"url":"https:\/\/pubeurope.com\/@fr\/115611906099503277","error":""},"_links":{"self":[{"href":"https:\/\/www.europesays.com\/fr\/wp-json\/wp\/v2\/posts\/558255","targetHints":{"allow":["GET"]}}],"collection":[{"href":"https:\/\/www.europesays.com\/fr\/wp-json\/wp\/v2\/posts"}],"about":[{"href":"https:\/\/www.europesays.com\/fr\/wp-json\/wp\/v2\/types\/post"}],"author":[{"embeddable":true,"href":"https:\/\/www.europesays.com\/fr\/wp-json\/wp\/v2\/users\/2"}],"replies":[{"embeddable":true,"href":"https:\/\/www.europesays.com\/fr\/wp-json\/wp\/v2\/comments?post=558255"}],"version-history":[{"count":0,"href":"https:\/\/www.europesays.com\/fr\/wp-json\/wp\/v2\/posts\/558255\/revisions"}],"wp:featuredmedia":[{"embeddable":true,"href":"https:\/\/www.europesays.com\/fr\/wp-json\/wp\/v2\/media\/558256"}],"wp:attachment":[{"href":"https:\/\/www.europesays.com\/fr\/wp-json\/wp\/v2\/media?parent=558255"}],"wp:term":[{"taxonomy":"category","embeddable":true,"href":"https:\/\/www.europesays.com\/fr\/wp-json\/wp\/v2\/categories?post=558255"},{"taxonomy":"post_tag","embeddable":true,"href":"https:\/\/www.europesays.com\/fr\/wp-json\/wp\/v2\/tags?post=558255"}],"curies":[{"name":"wp","href":"https:\/\/api.w.org\/{rel}","templated":true}]}}