{"id":558279,"date":"2025-11-25T19:20:16","date_gmt":"2025-11-25T19:20:16","guid":{"rendered":"https:\/\/www.europesays.com\/fr\/558279\/"},"modified":"2025-11-25T19:20:16","modified_gmt":"2025-11-25T19:20:16","slug":"au-royaume-uni-lespoir-de-factures-denergie-allegees","status":"publish","type":"post","link":"https:\/\/www.europesays.com\/fr\/558279\/","title":{"rendered":"Au Royaume-Uni, l\u2019espoir de factures d\u2019\u00e9nergie all\u00e9g\u00e9es"},"content":{"rendered":"<p>James Fitzgerald attendra un peu cette ann\u00e9e avant d\u2019illuminer son pub londonien avec des guirlandes de No\u00ebl\u00a0: comme de nombreux Britanniques, il subit la flamb\u00e9e des prix de l\u2019\u00e9nergie et du co\u00fbt de la vie, cibles affich\u00e9es du budget que le gouvernement travailliste va pr\u00e9senter, ce mercredi. \u00ab\u00a0Nous n\u2019avons pas encore allum\u00e9 les lumi\u00e8res dehors, parce qu\u2019il faut absolument r\u00e9duire nos co\u00fbts\u00a0\u00bb, explique cet Irlandais de 44 ans, patron du Thatched House, pr\u00e8s du feu de chemin\u00e9e qui r\u00e9chauffe son \u00e9tablissement. Dehors, \u00e0 Hammersmith, quartier de l\u2019ouest londonien, le thermom\u00e8tre fr\u00f4le z\u00e9ro degr\u00e9.<\/p>\n<p>Factures en hausse depuis la guerre en Ukraine<\/p>\n<p>Depuis la hausse cons\u00e9cutive \u00e0 l\u2019invasion de l\u2019Ukraine par la Russie, il y a pr\u00e8s de quatre ans, les factures britanniques n\u2019ont cess\u00e9 d\u2019augmenter. \u00ab\u00a0Notre facture de gaz a vraiment explos\u00e9 cette ann\u00e9e\u00a0\u00bb, raconte le patron d\u2019une voix douce. \u00ab\u00a0Nous n\u2019avons pas allum\u00e9 le chauffage central, m\u00eame s\u2019il fait bien froid (\u2026) On est oblig\u00e9s de rogner sur ce genre de d\u00e9penses.\u00a0\u00bb Les co\u00fbts de fonctionnement du pub ont grimp\u00e9 de 22\u00a0000 livres (25\u00a0000 euros) sur un an, dont environ un cinqui\u00e8me \u00e0 cause des factures d\u2019\u00e9nergie, assure-t-il.<\/p>\n<p>Avec une \u00e9conomie \u00e0 la peine et des finances publiques d\u00e9grad\u00e9es, le gouvernement du Premier ministre Keir Starmer devrait annoncer de nouvelles hausses d\u2019imp\u00f4ts, ce mercredi. Mais la ministre des Finances Rachel Reeves, charg\u00e9e de pr\u00e9senter le budget, a aussi promis \u00ab\u00a0des mesures directes pour all\u00e9ger le co\u00fbt de la vie\u00a0\u00bb, qui suscitent l\u2019attente des Britanniques.<\/p>\n<p>Selon le r\u00e9gulateur britannique de l\u2019\u00e9nergie, pour un foyer moyen, la facture annuelle combin\u00e9e de gaz et d\u2019\u00e9lectricit\u00e9 atteindra 1\u00a0758 livres en 2026.<\/p>\n<p>Nouvelles infrastructures et gestion inefficace\u00a0?<\/p>\n<p>\u00ab\u00a0Les prix de l\u2019\u00e9nergie (\u2026) partout en Europe, et en particulier au Royaume-Uni, sont beaucoup trop \u00e9lev\u00e9s\u00a0\u00bb, reconna\u00eet Greg Jackson, directeur g\u00e9n\u00e9ral d\u2019Octopus, premier distributeur d\u2019\u00e9nergie aux particuliers du pays. En cherchant \u00e0 limiter l\u2019impact de la flamb\u00e9e des prix sur ses clients, son entreprise est parvenue d\u00e9but 2025 \u00e0 d\u00e9passer l\u2019op\u00e9rateur historique British Gas en nombre d\u2019abonn\u00e9s, apr\u00e8s seulement neuf ans d\u2019existence.<\/p>\n<p>Lui estime que les factures augmentent en raison du co\u00fbt \u00e9lev\u00e9 de la <a href=\"https:\/\/www.letelegramme.fr\/monde\/pourquoi-le-royaume-uni-decide-dinvestir-massivement-dans-le-nucleaire-6833680.php\" target=\"_blank\" rel=\"noopener\">construction de nouvelles infrastructures<\/a>\u00a0-actuellement vieillissantes&#8211; et d\u2019une gestion inefficace du r\u00e9seau.<\/p>\n<p>\u00ab\u00a0Je ne pense pas qu\u2019on puisse regarder les clients dans les yeux, leur envoyer de telles factures, tout en sachant que les co\u00fbts pourraient \u00eatre plus bas si nous \u00e9tions plus efficaces\u00a0\u00bb, d\u00e9veloppe-t-il.<\/p>\n<p>Dans son si\u00e8ge londonien, des \u00e9crans affichent en temps r\u00e9el la production des parcs \u00e9oliens britanniques et les \u00e9conomies r\u00e9alis\u00e9es lorsque ses clients consomment cette \u00e9lectricit\u00e9. \u00ab\u00a0Quand il y a du vent ou du soleil, il y a souvent de l\u2019\u00e9lectricit\u00e9 tr\u00e8s bon march\u00e9 disponible sur le march\u00e9 de gros\u00a0\u00bb, insiste-t-il.<\/p>\n<p>Gr\u00e2ce \u00e0 l\u2019\u00e9olien, aussi bien terrestre qu\u2019en mer, le Royaume-Uni est l\u2019un des pays les plus en avance sur les \u00e9nergies renouvelables en Europe, mais reste d\u00e9pendant du co\u00fbteux gaz naturel, qui repr\u00e9sente plus d\u2019un tiers de son mix \u00e9nerg\u00e9tique.<\/p>\n<p>Hausse des prix et des taxes<\/p>\n<p>Au Thatched House, James Fitzgerald peste aussi contre la hausse des prix alimentaires, l\u2019augmentation du salaire minimum et les taxes, notamment sur le vin, d\u00e9cid\u00e9es dans le pr\u00e9c\u00e9dent budget.<\/p>\n<p>En cas de nouvelles hausses d\u2019imp\u00f4ts, il craint de devoir fermer son pub \u00e0 l\u2019heure du d\u00e9jeuner. \u00ab\u00a0D\u2019autres pubs du quartier ferment d\u00e9sormais le lundi et le mardi. On ne veut pas en arriver l\u00e0\u00a0\u00bb, dit-il, d\u00e9crivant un \u00e9tablissement qui vit essentiellement de sa client\u00e8le locale, m\u00e8ne des actions caritatives, accueille f\u00eates et veill\u00e9es fun\u00e8bres. Il a d\u00e9j\u00e0 r\u00e9duit ses effectifs au cours de l\u2019ann\u00e9e \u00e9coul\u00e9e et craint de devoir encore \u00ab\u00a0faire des coupes\u00a0\u00bb.<\/p>\n<p>Selon les donn\u00e9es du secteur, le Royaume-Uni perd en moyenne un pub par jour. \u00ab\u00a0On voit bien le prix de la bi\u00e8re augmenter r\u00e9guli\u00e8rement\u00a0\u00bb, observe Keith Patterson, un client sexag\u00e9naire. \u00ab\u00a0Plus grand monde ne vient boire une pinte \u00e0 midi\u00a0\u00bb.<\/p>\n","protected":false},"excerpt":{"rendered":"James Fitzgerald attendra un peu cette ann\u00e9e avant d\u2019illuminer son pub londonien avec des guirlandes de No\u00ebl\u00a0: comme&hellip;\n","protected":false},"author":2,"featured_media":558280,"comment_status":"","ping_status":"","sticky":false,"template":"","format":"standard","meta":{"footnotes":""},"categories":[1588],"tags":[11,893,1777,674,74,12,473,1853,1851,1850,1852],"class_list":{"0":"post-558279","1":"post","2":"type-post","3":"status-publish","4":"format-standard","5":"has-post-thumbnail","7":"category-royaume-uni","8":"tag-actualites","9":"tag-energie","10":"tag-eu","11":"tag-europe","12":"tag-monde","13":"tag-news","14":"tag-royaume-uni","15":"tag-royaume-uni-de-grande-bretagne-et-dirlande-du-nord","16":"tag-uk","17":"tag-united-kingdom","18":"tag-united-kingdom-of-great-britain-and-northern-ireland"},"share_on_mastodon":{"url":"https:\/\/pubeurope.com\/@fr\/115611960934536522","error":""},"_links":{"self":[{"href":"https:\/\/www.europesays.com\/fr\/wp-json\/wp\/v2\/posts\/558279","targetHints":{"allow":["GET"]}}],"collection":[{"href":"https:\/\/www.europesays.com\/fr\/wp-json\/wp\/v2\/posts"}],"about":[{"href":"https:\/\/www.europesays.com\/fr\/wp-json\/wp\/v2\/types\/post"}],"author":[{"embeddable":true,"href":"https:\/\/www.europesays.com\/fr\/wp-json\/wp\/v2\/users\/2"}],"replies":[{"embeddable":true,"href":"https:\/\/www.europesays.com\/fr\/wp-json\/wp\/v2\/comments?post=558279"}],"version-history":[{"count":0,"href":"https:\/\/www.europesays.com\/fr\/wp-json\/wp\/v2\/posts\/558279\/revisions"}],"wp:featuredmedia":[{"embeddable":true,"href":"https:\/\/www.europesays.com\/fr\/wp-json\/wp\/v2\/media\/558280"}],"wp:attachment":[{"href":"https:\/\/www.europesays.com\/fr\/wp-json\/wp\/v2\/media?parent=558279"}],"wp:term":[{"taxonomy":"category","embeddable":true,"href":"https:\/\/www.europesays.com\/fr\/wp-json\/wp\/v2\/categories?post=558279"},{"taxonomy":"post_tag","embeddable":true,"href":"https:\/\/www.europesays.com\/fr\/wp-json\/wp\/v2\/tags?post=558279"}],"curies":[{"name":"wp","href":"https:\/\/api.w.org\/{rel}","templated":true}]}}