{"id":558297,"date":"2025-11-25T19:35:13","date_gmt":"2025-11-25T19:35:13","guid":{"rendered":"https:\/\/www.europesays.com\/fr\/558297\/"},"modified":"2025-11-25T19:35:13","modified_gmt":"2025-11-25T19:35:13","slug":"sophie-almeida-change-dequipe-actualite","status":"publish","type":"post","link":"https:\/\/www.europesays.com\/fr\/558297\/","title":{"rendered":"Sophie Almeida change d&rsquo;\u00e9quipe &#8211; Actualit\u00e9"},"content":{"rendered":"<p style=\"text-align: justify;\">Sophie Almeida va conna\u00eetre une nouvelle \u00e9quipe en 2026. Apr\u00e8s trois saisons avec le Team ELLES-Vertou-Rayo&rsquo;Nantes, elle s&rsquo;est engag\u00e9e avec le Team Abadie-Magnan, qui vise le statut Conti F\u00e9d\u00e9rale.<\/p>\n<p><strong><a href=\"https:\/\/www.directvelo.com\/coureur\/18414\/sophie-almeida\" target=\"_blank\" rel=\"noopener\">Sophie Almeida<\/a><\/strong>, 29 ans, a termin\u00e9 6e de La Montoirienne Ladies et 18e \u00e0 Challans pour les Plages Vend\u00e9ennes, cette saison.<\/p>\n<p>Durant ses ann\u00e9es en Pays de la Loire, elle a pris la 4e place des Boucles Gu\u00e9gonnaises N1 et la 16e de la Mirabelle Classic N1 en 2023, ou encore la 3e place du Championnat des Pays de la Loire de contre-la-montre et la 8e \u00e0 Beauvoir-sur-Mer, pour le compte du Circuit des Plages Vend\u00e9ennes, en 2024.<\/p>\n<p>Retrouvez toutes les mutations du peloton f\u00e9minin <strong><a href=\"https:\/\/www.directvelo.com\/mutations\/2026#teams-women\" target=\"_blank\" rel=\"noopener\">en cliquant ici<\/a><\/strong>.<\/p>\n","protected":false},"excerpt":{"rendered":"Sophie Almeida va conna\u00eetre une nouvelle \u00e9quipe en 2026. Apr\u00e8s trois saisons avec le Team ELLES-Vertou-Rayo&rsquo;Nantes, elle s&rsquo;est&hellip;\n","protected":false},"author":2,"featured_media":558298,"comment_status":"","ping_status":"","sticky":false,"template":"","format":"standard","meta":{"footnotes":""},"categories":[1411],"tags":[834,828,836,829,837,827,83,826,824,823,1154,207,814,817,815,816,822,821,832,211,839,1011,27,820,818,819,835,831,830,833,838,60,212,208,825],"class_list":{"0":"post-558297","1":"post","2":"type-post","3":"status-publish","4":"format-standard","5":"has-post-thumbnail","7":"category-cyclisme","8":"tag-attaque","9":"tag-belgique","10":"tag-braquet","11":"tag-bretagne","12":"tag-chute","13":"tag-competition","14":"tag-coupe-de-france","15":"tag-coureur","16":"tag-course-cyclisme","17":"tag-course-cycliste","18":"tag-cycling","19":"tag-cyclisme","20":"tag-direct","21":"tag-direct-velo","22":"tag-directvelo","23":"tag-directvelo-com","24":"tag-epreuve","25":"tag-epreuve-cycliste","26":"tag-federation-francaise-de-cyclisme","27":"tag-ffc","28":"tag-flandres","29":"tag-fr","30":"tag-france","31":"tag-live","32":"tag-live-course","33":"tag-live-epreuve","34":"tag-peloton","35":"tag-radio-peloton","36":"tag-radio-tour","37":"tag-ravitaillement","38":"tag-relance","39":"tag-sports","40":"tag-uci","41":"tag-velo","42":"tag-velos"},"share_on_mastodon":{"url":"https:\/\/pubeurope.com\/@fr\/115612019975766159","error":""},"_links":{"self":[{"href":"https:\/\/www.europesays.com\/fr\/wp-json\/wp\/v2\/posts\/558297","targetHints":{"allow":["GET"]}}],"collection":[{"href":"https:\/\/www.europesays.com\/fr\/wp-json\/wp\/v2\/posts"}],"about":[{"href":"https:\/\/www.europesays.com\/fr\/wp-json\/wp\/v2\/types\/post"}],"author":[{"embeddable":true,"href":"https:\/\/www.europesays.com\/fr\/wp-json\/wp\/v2\/users\/2"}],"replies":[{"embeddable":true,"href":"https:\/\/www.europesays.com\/fr\/wp-json\/wp\/v2\/comments?post=558297"}],"version-history":[{"count":0,"href":"https:\/\/www.europesays.com\/fr\/wp-json\/wp\/v2\/posts\/558297\/revisions"}],"wp:featuredmedia":[{"embeddable":true,"href":"https:\/\/www.europesays.com\/fr\/wp-json\/wp\/v2\/media\/558298"}],"wp:attachment":[{"href":"https:\/\/www.europesays.com\/fr\/wp-json\/wp\/v2\/media?parent=558297"}],"wp:term":[{"taxonomy":"category","embeddable":true,"href":"https:\/\/www.europesays.com\/fr\/wp-json\/wp\/v2\/categories?post=558297"},{"taxonomy":"post_tag","embeddable":true,"href":"https:\/\/www.europesays.com\/fr\/wp-json\/wp\/v2\/tags?post=558297"}],"curies":[{"name":"wp","href":"https:\/\/api.w.org\/{rel}","templated":true}]}}