{"id":558301,"date":"2025-11-25T19:37:13","date_gmt":"2025-11-25T19:37:13","guid":{"rendered":"https:\/\/www.europesays.com\/fr\/558301\/"},"modified":"2025-11-25T19:37:13","modified_gmt":"2025-11-25T19:37:13","slug":"le-coup-de-gueule-de-sa-fille-contre-les-hommages-generes-par-intelligence-artificielle","status":"publish","type":"post","link":"https:\/\/www.europesays.com\/fr\/558301\/","title":{"rendered":"Le coup de gueule de sa fille contre les hommages g\u00e9n\u00e9r\u00e9s par intelligence artificielle"},"content":{"rendered":"<p><a href=\"https:\/\/www.20minutes.fr\/arts-stars\/cinema\/4173414-20250916-acteur-realisateur-americain-robert-redford-mort-age-89-ans\" class=\"c-link c-link--is-underlined\" target=\"_blank\" rel=\"noopener\">Le 16 septembre dernier, le monde du cin\u00e9ma perdait un grand acteur\u00a0: Robert Redford<\/a>. Depuis l\u2019annonce de sa disparition, les hommages se multiplient. Or, certains d\u2019entre eux irritent particuli\u00e8rement la fille de l\u2019<a href=\"https:\/\/www.20minutes.fr\/dossier\/acteur\" class=\"c-link c-link--is-underlined\" target=\"_blank\" rel=\"noopener\">acteur<\/a>, Amy Redford. Celle qui est \u00e9galement actrice a publi\u00e9 un message le 19\u00a0novembre sur les <a href=\"https:\/\/www.20minutes.fr\/dossier\/reseaux_sociaux\" class=\"c-link c-link--is-underlined\" target=\"_blank\" rel=\"noopener\">r\u00e9seaux sociaux<\/a>, rapporte le <a href=\"https:\/\/www.huffingtonpost.fr\/culture\/article\/pour-la-fille-de-robert-redford-les-hommages-en-ia-rendent-son-deuil-encore-plus-difficile_257468.html\" target=\"_blank\" class=\"c-link c-link--is-underlined\" rel=\"noopener\">HuffPost<\/a>.<\/p>\n<p>\u00ab\u00a0De nombreuses versions g\u00e9n\u00e9r\u00e9es par IA de fun\u00e9railles, d\u2019hommages et de citations de membres de ma famille sont de pures inventions\u00a0\u00bb, assure-t-elle. L\u2019<a href=\"https:\/\/www.20minutes.fr\/dossier\/intelligence_artificielle\" class=\"c-link c-link--is-underlined\" target=\"_blank\" rel=\"noopener\">intelligence artificielle<\/a> est notamment utilis\u00e9e pour repr\u00e9senter Robert Redford en train de monter au ciel pour y retrouver des proches et des acteurs disparus. Amy Redford assure que ces images rendent le deuil plus difficile \u00e0 vivre.<\/p>\n<p class=\"mb-xxl@xs color-ultramarine font-weight-semi-bold@xs font-source-serif-pro heading-s@xs\">L\u2019acc\u00e8s \u00e0 ce contenu a \u00e9t\u00e9 bloqu\u00e9 afin de respecter votre choix de consentement<\/p>\n<p class=\"mb-m@xs text-l@xs\">En cliquant sur\u00ab J\u2019accepte \u00bb, vous acceptez le d\u00e9p\u00f4t de cookies par des services externes et aurez ainsi acc\u00e8s aux contenus de nos partenaires.<\/p>\n<p class=\"mb-xl@xs text-s@xs\">Plus d\u2019informations sur la page<a href=\"https:\/\/www.20minutes.fr\/gestion-cookies\" class=\"mx-xxs@xs color-ultramarine\" target=\"_blank\" rel=\"noopener\">Politique de gestion des cookies<\/a><\/p>\n<p>J\u2019accepte\u00ab\u00a0Et si c\u2019\u00e9tait vous\u00a0?\u00a0\u00bb<\/p>\n<p>L\u2019actrice ne fustige pas l\u2019intelligence artificielle, mais davantage son usage\u00a0: \u00ab\u00a0L\u2019IA est l\u00e0 pour rester. J\u2019esp\u00e8re qu\u2019elle restera dans le domaine de l\u2019utilisation transparente, l\u00e0 o\u00f9 elle a toute sa place.\u00a0\u00bb Concernant l\u2019utilisation des images de son p\u00e8re, elle interroge les utilisateurs\u00a0: \u00ab\u00a0Je pose simplement la question\u00a0: et si c\u2019\u00e9tait vous\u00a0? Que cela vous guide.\u00a0\u00bb<\/p>\n<p>Dans son message, Amy Redford tient aussi \u00e0 remercier les admirateurs de son p\u00e8re, en son nom et celui de sa famille. Elle pr\u00e9cise \u00e9galement que bien qu\u2019aucune c\u00e9r\u00e9monie de <a href=\"https:\/\/www.20minutes.fr\/dossier\/funerailles\" class=\"c-link c-link--is-underlined\" target=\"_blank\" rel=\"noopener\">fun\u00e9railles<\/a> publiques n\u2019ait eu lieu, la famille de l\u2019acteur pr\u00e9pare \u00ab\u00a0une c\u00e9r\u00e9monie comm\u00e9morative pour plus tard\u00a0\u00bb.<\/p>\n<p>D\u2019autres c\u00e9l\u00e9brit\u00e9s concern\u00e9es<\/p>\n<p>Robert Redford est loin d\u2019\u00eatre la seule c\u00e9l\u00e9brit\u00e9 disparue concern\u00e9e par ces deepfakes. Des images de Tupac, Michael Jackson ou encore <a href=\"https:\/\/www.20minutes.fr\/sport\/kobe_bryant\/\" class=\"c-link c-link--is-underlined\" target=\"_blank\" rel=\"noopener\">Kobe Bryant<\/a> ont \u00e9t\u00e9 g\u00e9n\u00e9r\u00e9es apr\u00e8s leur mort. L\u2019intelligence artificielle permet m\u00eame l\u2019utilisation de chatbots, donnant l\u2019impression de discuter avec la personnalit\u00e9.<\/p>\n<\/p>\n<p>Ces vid\u00e9os sont g\u00e9n\u00e9r\u00e9es avec Sora 2, outils de g\u00e9n\u00e9ration vid\u00e9o d\u2019<a href=\"https:\/\/www.20minutes.fr\/20-mint\/openai\/\" class=\"c-link c-link--is-underlined\" target=\"_blank\" rel=\"noopener\">OpenAI<\/a> qui a \u00e9t\u00e9 lanc\u00e9 le 30\u00a0septembre\u00a0dernier aux \u00c9tats-Unis. Le r\u00e8glement de ce g\u00e9n\u00e9rateur de vid\u00e9os interdit normalement la production d\u2019images de personnes r\u00e9elles, sans leur accord. Dans un article\u00a0sur son blog, le patron d\u2019OpenAI, Sam Altman, a indiqu\u00e9 qu\u2019il souhaitait \u00ab\u00a0renforcer le contr\u00f4le des droits d\u2019auteur sur les vid\u00e9os g\u00e9n\u00e9r\u00e9es\u00a0\u00bb.<\/p>\n","protected":false},"excerpt":{"rendered":"Le 16 septembre dernier, le monde du cin\u00e9ma perdait un grand acteur\u00a0: Robert Redford. Depuis l\u2019annonce de sa&hellip;\n","protected":false},"author":2,"featured_media":558302,"comment_status":"","ping_status":"","sticky":false,"template":"","format":"standard","meta":{"footnotes":""},"categories":[1359],"tags":[253,58,59,73,1011,27,3995,973],"class_list":{"0":"post-558301","1":"post","2":"type-post","3":"status-publish","4":"format-standard","5":"has-post-thumbnail","7":"category-people","8":"tag-acteur","9":"tag-divertissement","10":"tag-entertainment","11":"tag-etats-unis","12":"tag-fr","13":"tag-france","14":"tag-intelligence-artificielle-ia","15":"tag-people"},"share_on_mastodon":{"url":"https:\/\/pubeurope.com\/@fr\/115612027759312267","error":""},"_links":{"self":[{"href":"https:\/\/www.europesays.com\/fr\/wp-json\/wp\/v2\/posts\/558301","targetHints":{"allow":["GET"]}}],"collection":[{"href":"https:\/\/www.europesays.com\/fr\/wp-json\/wp\/v2\/posts"}],"about":[{"href":"https:\/\/www.europesays.com\/fr\/wp-json\/wp\/v2\/types\/post"}],"author":[{"embeddable":true,"href":"https:\/\/www.europesays.com\/fr\/wp-json\/wp\/v2\/users\/2"}],"replies":[{"embeddable":true,"href":"https:\/\/www.europesays.com\/fr\/wp-json\/wp\/v2\/comments?post=558301"}],"version-history":[{"count":0,"href":"https:\/\/www.europesays.com\/fr\/wp-json\/wp\/v2\/posts\/558301\/revisions"}],"wp:featuredmedia":[{"embeddable":true,"href":"https:\/\/www.europesays.com\/fr\/wp-json\/wp\/v2\/media\/558302"}],"wp:attachment":[{"href":"https:\/\/www.europesays.com\/fr\/wp-json\/wp\/v2\/media?parent=558301"}],"wp:term":[{"taxonomy":"category","embeddable":true,"href":"https:\/\/www.europesays.com\/fr\/wp-json\/wp\/v2\/categories?post=558301"},{"taxonomy":"post_tag","embeddable":true,"href":"https:\/\/www.europesays.com\/fr\/wp-json\/wp\/v2\/tags?post=558301"}],"curies":[{"name":"wp","href":"https:\/\/api.w.org\/{rel}","templated":true}]}}