{"id":558316,"date":"2025-11-25T19:46:15","date_gmt":"2025-11-25T19:46:15","guid":{"rendered":"https:\/\/www.europesays.com\/fr\/558316\/"},"modified":"2025-11-25T19:46:15","modified_gmt":"2025-11-25T19:46:15","slug":"oumuamua-linconnu-venu-de-lespace-sur-france-tv","status":"publish","type":"post","link":"https:\/\/www.europesays.com\/fr\/558316\/","title":{"rendered":"\u00ab\u00a0Oumuamua, l\u2019inconnu venu de l\u2019espace\u00a0\u00bb sur France.tv"},"content":{"rendered":"<p>                     <img loading=\"lazy\" decoding=\"async\" src=\"https:\/\/www.europesays.com\/fr\/wp-content\/uploads\/2025\/11\/ea9e425_upload-1-tnworkroq5kt-oumuamua2cl27inconnuvenudel27espace-2.png\" alt=\"Image extraite du documentaire \u00ab\u00a0Oumuamua, l\u2019inconnu venu de l\u2019espace\u00a0\u00bb, de J\u00e9r\u00f4me S\u00e9gur.\"   width=\"664\" height=\"443\"\/>    Image extraite du documentaire \u00ab\u00a0Oumuamua, l\u2019inconnu venu de l\u2019espace\u00a0\u00bb, de J\u00e9r\u00f4me S\u00e9gur.  COCOTTES MINUTE PRODUCTIONS                <\/p>\n<blockquote class=\"article__catchphrase\">\n<p class=\"article__quote\">FRANCE.TV \u2013 \u00c0 LA DEMANDE \u2013 DOCUMENTAIRE<\/p>\n<\/blockquote>\n<p class=\"article__paragraph  \">\u00ab\u00a0Oumuamua\u00a0\u00bb\u00a0? Signifiant \u00ab\u00a0le messager\u00a0\u00bb en hawa\u00efen, ce nom a \u00e9t\u00e9 donn\u00e9 au <a href=\"https:\/\/www.lemonde.fr\/sciences\/article\/2017\/12\/11\/qui-est-cet-intrus-venu-d-un-autre-systeme-solaire_5227972_1650684.html\" target=\"_blank\" rel=\"noopener\">premier objet interstellaire de l\u2019Histoire, observ\u00e9 le 19\u00a0octobre\u00a02017<\/a> par l\u2019astronome Robert Weryk, du t\u00e9lescope\u00a0Pan-Starrs 1, install\u00e9 au\u00a0sommet du volcan Haleakala, \u00e0 Hawa\u00ef. Entr\u00e9 par surprise dans notre syst\u00e8me solaire, il a pu \u00eatre observ\u00e9 avec fr\u00e9n\u00e9sie pendant onze semaines. Avant de dispara\u00eetre.<\/p>\n<p>                                   Lire le d\u00e9cryptage (en 2018)\u00a0:  <a href=\"https:\/\/www.lemonde.fr\/les-decodeurs\/article\/2018\/11\/07\/ce-que-l-on-sait-de-oumuamua-l-objet-celeste-qui-venait-d-ailleurs_5380288_4355770.html\" class=\"js-article-read-also catcher--favoris__link\" data-premium=\"\" id=\"article-title-1018542\" target=\"_blank\" rel=\"noopener\">Ce que l\u2019on sait d\u2019\u00ab\u00a0Oumuamua\u00a0\u00bb, l\u2019objet c\u00e9leste qui venait d\u2019ailleurs<\/a>    <\/p>\n<p>   Lire plus tard  <\/p>\n<p class=\"article__paragraph  \">C\u2019est \u00e0 peu pr\u00e8s tout ce que l\u2019on peut affirmer avec certitude sur Oumuamua. Le reste n\u2019est que suppositions, y compris des plus fantaisistes. En donnant la parole aux astronomes et astrophysiciens les plus r\u00e9put\u00e9s, le documentaire Oumuamua, l\u2019inconnu venu de l\u2019espace propose de faire le tour de ces possibles, avec une passion communicative.<\/p>\n<p class=\"article__paragraph  \">Dans le milieu scientifique, en effet, rien n\u2019est plus \u00e9moustillant que de ne pas savoir. Cela permet alors au chercheur de chercher. Ce qu\u2019il fait, tel un enqu\u00eateur, en se fondant sur des indices. En astrologie, il s\u2019agit des donn\u00e9es d\u2019observation, comme la vitesse, de plus de 100\u00a0000\u00a0km\/h pour Oumuamua, ce qui est vertigineux\u00a0; comme sa trajectoire parabolique qui l\u2019a men\u00e9 \u00e0 moins de 25\u00a0millions de kilom\u00e8tres de la Terre, avant de l\u2019en \u00e9loigner\u00a0; comme sa route, qui s\u2019\u00e9carte de mani\u00e8re inexplicable de celle \u00e9tablie par les lois de la gravitation.<\/p>\n<p class=\"reading-mode-only \"><strong>Il vous reste 64.92% de cet article \u00e0 lire. La suite est r\u00e9serv\u00e9e aux abonn\u00e9s.<\/strong><\/p>\n","protected":false},"excerpt":{"rendered":"Image extraite du documentaire \u00ab\u00a0Oumuamua, l\u2019inconnu venu de l\u2019espace\u00a0\u00bb, de J\u00e9r\u00f4me S\u00e9gur. COCOTTES MINUTE PRODUCTIONS FRANCE.TV \u2013 \u00c0&hellip;\n","protected":false},"author":2,"featured_media":558317,"comment_status":"","ping_status":"","sticky":false,"template":"","format":"standard","meta":{"footnotes":""},"categories":[7],"tags":[1011,27,43,40,41,39,42,44],"class_list":{"0":"post-558316","1":"post","2":"type-post","3":"status-publish","4":"format-standard","5":"has-post-thumbnail","7":"category-sciences-et-technologies","8":"tag-fr","9":"tag-france","10":"tag-science","11":"tag-science-and-technology","12":"tag-sciences","13":"tag-sciences-et-technologies","14":"tag-technologies","15":"tag-technology"},"share_on_mastodon":{"url":"https:\/\/pubeurope.com\/@fr\/115612063522568401","error":""},"_links":{"self":[{"href":"https:\/\/www.europesays.com\/fr\/wp-json\/wp\/v2\/posts\/558316","targetHints":{"allow":["GET"]}}],"collection":[{"href":"https:\/\/www.europesays.com\/fr\/wp-json\/wp\/v2\/posts"}],"about":[{"href":"https:\/\/www.europesays.com\/fr\/wp-json\/wp\/v2\/types\/post"}],"author":[{"embeddable":true,"href":"https:\/\/www.europesays.com\/fr\/wp-json\/wp\/v2\/users\/2"}],"replies":[{"embeddable":true,"href":"https:\/\/www.europesays.com\/fr\/wp-json\/wp\/v2\/comments?post=558316"}],"version-history":[{"count":0,"href":"https:\/\/www.europesays.com\/fr\/wp-json\/wp\/v2\/posts\/558316\/revisions"}],"wp:featuredmedia":[{"embeddable":true,"href":"https:\/\/www.europesays.com\/fr\/wp-json\/wp\/v2\/media\/558317"}],"wp:attachment":[{"href":"https:\/\/www.europesays.com\/fr\/wp-json\/wp\/v2\/media?parent=558316"}],"wp:term":[{"taxonomy":"category","embeddable":true,"href":"https:\/\/www.europesays.com\/fr\/wp-json\/wp\/v2\/categories?post=558316"},{"taxonomy":"post_tag","embeddable":true,"href":"https:\/\/www.europesays.com\/fr\/wp-json\/wp\/v2\/tags?post=558316"}],"curies":[{"name":"wp","href":"https:\/\/api.w.org\/{rel}","templated":true}]}}